{"id":19343,"date":"2015-05-04T15:08:49","date_gmt":"2015-05-04T14:08:49","guid":{"rendered":"http:\/\/www.hohenlohe-ungefiltert.de\/?p=19343"},"modified":"2015-05-04T15:09:18","modified_gmt":"2015-05-04T14:09:18","slug":"walter-f-leyh-will-fuer-die-spd-hohenlohe-in-den-landtag-kandidatur-angekuendigt","status":"publish","type":"post","link":"https:\/\/www.hohenlohe-ungefiltert.de\/?p=19343","title":{"rendered":"&#8222;Walter F. Leyh will f\u00fcr die SPD Hohenlohe in den Landtag&#8220; \u2013 Kandidatur angek\u00fcndigt"},"content":{"rendered":"<p><strong>Walter F. Leyh aus Schrozberg (SPD) hat seine Kandidatur f\u00fcr die Landtagswahl 2016 im Wahlkreis 21 \u2013 Hohenlohe angek\u00fcndigt. Walter F. Leyh wird sich ebenso wie Hans-J\u00fcrgen Saknus aus K\u00fcnzelsau am 15. Mai 2015 bei der Wahlkreismitgliederversammlung der SPD Hohenlohe als Landtagskandidat zur Wahl stellen.\u00a0Als Ersatzbewerberin kandidiert die Kreisvorsitzende Caroline Vermeulen aus \u00d6hringen.<\/strong><\/p>\n<p><em>Von Stefan Oetzel, SPD-Regionalzentrum Aalen<\/em><\/p>\n<p><strong>Wahlkreismitgliederversammlung in Kupferzell-Eschental<\/strong><\/p>\n<p>Die Wahlkreismitgliederversammlung der SPD findet am\u00a0Freitag, 15. Mai 2015, um 19 Uhr im Landhotel G\u00fcnzburg, Hauptstra\u00dfe 1, in Kupferzell-Eschental statt.\u00a0Die Bewerber haben dort die Gelegenheit, sich umfassend vorzustellen.<\/p>\n<p><strong>Walter F. Leyh aus Schrozberg erkl\u00e4rt:<\/strong><\/p>\n<p><strong>L\u00e4ndlicher Raum braucht mehr Gewicht in Stuttgart<\/strong><\/p>\n<p>&#8222;Hohenlohe, insbesondere die Hohenlohe SPD des Wahlkreises 21, braucht endlich eine direkte Stimme in Stuttgart.\u00a0Auch kann es dem Wahlkreis und unserer Region\/Raumschaft nur zu Gute kommen, mehrere Stimmen in Stuttgart zu haben. (&#8230;)\u00a0Ich stehe f\u00fcr eine inklusive Politik, f\u00fcr die Umsetzung der UN-BRK und die politische und gesellschaftliche Teilhabe aller B\u00fcrgerinnen und B\u00fcrger gerne ein. Demokratie geht alle an. Schon allein deshalb sollte auch und insbesondere politische Teilhabe f\u00fcr alle erm\u00f6glicht und umgesetzt werden.\u00a0Der l\u00e4ndliche Raum und seine Menschen und besonderen Anforderungen und Notwendigkeiten m\u00fcssen in der Politik weitaus st\u00e4rker ber\u00fccksichtigt werden als dies bisher der Fall ist und war.&#8220;<\/p>\n<div class=\"pdf24Plugin-cp\"> \t<form name=\"pdf24Form0\" method=\"post\" action=\"https:\/\/doc2pdf.pdf24.org\/wordpress.php\" target=\"pdf24PopWin\" onsubmit=\"var pdf24Win = window.open('about:blank', 'pdf24PopWin', 'resizable=yes,scrollbars=yes,width=600,height=250,left='+(screen.width\/2-300)+',top='+(screen.height\/3-125)+''); pdf24Win.focus(); if(typeof pdf24OnCreatePDF === 'function'){void(pdf24OnCreatePDF(this,pdf24Win));}\"> \t\t<input type=\"hidden\" name=\"blogCharset\" value=\"Cw1x07UAAA==\" \/><input type=\"hidden\" name=\"blogPosts\" value=\"MwQA\" \/><input type=\"hidden\" name=\"blogUrl\" value=\"yygpKSi20tcvLy\/Xy8jPSM3LARK6pXnpqWmZOSWpRSV6KakA\" \/><input type=\"hidden\" name=\"blogName\" value=\"88jPSM3LARK6pXnpqWmZOSWpRSUA\" \/><input type=\"hidden\" name=\"blogValueEncoding\" value=\"gzdeflate base64\" \/><input type=\"hidden\" name=\"postId_0\" value=\"M7Q0NjEGAA==\" \/><input type=\"hidden\" name=\"postTitle_0\" value=\"U1O2MDIysg5PzClJLVJw01PwSa3MUCjPzMlRSDu8p0ghJTNVITjARcEjPyM1LwdIKGTmKaSk5in4JOallCSmq4H0G1grPGqYrOANFMpMSSwpLVJIzEtPzT68B8hPLwEA\" \/><input type=\"hidden\" name=\"postLink_0\" value=\"yygpKSi20tcvLy\/Xy8jPSM3LARK6pXnpqWmZOSWpRSV6Kan69gW2hpbGJsYA\" \/><input type=\"hidden\" name=\"postAuthor_0\" value=\"S0zJzcwDAA==\" \/><input type=\"hidden\" name=\"postDateTime_0\" value=\"MzIwNNU1ACITBUNTKwNTKxNLAA==\" \/><input type=\"hidden\" name=\"postContent_0\" value=\"jVRNTxxHEL3nV5QUybKlZWA3smWbFRIEA8ligsDgc+9O7UxrenpW\/cEqe\/J\/iJSrOfAbcuLE\/BP\/Er\/qWQYIipXLStPb\/eq9eq9qvNgZ++AaW+x8Viawo4OMjvnPklT0dD4rXbOasivo5fnp\/isqVSDP2jJNlM11rkJ0NG9vHeWa6RhnQRV+qUpDo63hG9I1fcZH5Vh7Gg3p25e\/6Kgp2Rr8kLIFV+0tgIqQ0b\/qL7XLyetZSTxl6xscMB0p6zd+R72CLZ2ryoKkEJ0AZcXGq0iqpuHrjD4qLRRe05Q15cDtedQ6FEYzzq7YeVXXJtoiXYHEx+yM7xVVa7W0ih0S+cDGsM3urndx7wOAAhq1ZIduaUvdA80upM5MpPBV47wOK7Y506\/KNUb6eMmu5gikpKP9u8RriMvGm2tbxpuLnZ\/GsInrncsGqgPPlaU\/GEhmIJw3zrjQjVUG0MHFmnYV8MabeNA\/7j3+YRNAfBIXc3aANhsf\/Ay9CMo847IPSf+zn3MNuQGu3F0f4DaaOXjiz4BAePiOLkonaZGGlw16S4di6TQ63D9ScRFAQbVfmYaD\/6IJT1QIcETo7a29QGQRH8qbtROHbBj9LUFl0MUr1nPlPVwhGLSK98Y+b92PxoNdZdobF94\/9239fdze2NygIEDOFERPnYqzMlDNkH7ISy0fWgyOIRTKhWdQL35+OxqNtvuISif8lH2DFjtO8h7iK83P2T\/4xDKBg74sd2woTXOuHVcBj4Kua37CQhKOB5JoS8DI+fFMR7QtWo\/yUJViuCniYImaB7KYllWkwwjoqgGyHSS5wrYrZZ\/UksvJr4xeithftrZf3V3\/hupwBZrSpkmEta1M9PqK6RRzFHQ1eFhDF7XHcNyH8OJkY+9skojKn4t0XSKTjgr2sLujm8yhT6yNcMD8GzzfS8sGQ2nBVV6sD\/DSgQfIZLTPdVM5FQBfMForL7HcMgkIJlY+oRJmlMpMyTcGSSJxIQE+8fARvZ5IEpYwsSvafwqTkpI6Xwv\/sAqEsOdpG+2Dmumj1iVNrnZb+yM2qUxLOuqrWtq18wYALsruSX+eNGHJspkrTArO6vZWhoSSEHffddTFSGMUfED6K\/yBaWhvZ5VMVsBaXxNLyxTt9zTVXiZAMA6gibTvpCyVy1K+t7ZT3L8D\" \/> \t\t<a href=\"https:\/\/www.pdf24.org\" target=\"_blank\" title=\"www.pdf24.org\" rel=\"nofollow\"><img src=\"https:\/\/www.hohenlohe-ungefiltert.de\/wp-content\/plugins\/pdf24-post-to-pdf\/img\/pdf_32x32.png\" alt=\"\" border=\"0\" height=\"32\" \/><\/a> \t\t<span class=\"pdf24Plugin-cp-space\">&nbsp;&nbsp;<\/span> \t\t<span class=\"pdf24Plugin-cp-text\">Sende Artikel als PDF<\/span> \t\t<span class=\"pdf24Plugin-cp-space\">&nbsp;&nbsp;<\/span> \t\t<input class=\"pdf24Plugin-cp-input\" style=\"margin: 0px;\" type=\"text\" name=\"sendEmailTo\" placeholder=\"Emailadresse\" \/> \t\t<input class=\"pdf24Plugin-cp-submit\" style=\"margin: 0px;\" type=\"submit\" value=\"Senden\" \/> \t<\/form> <\/div>","protected":false},"excerpt":{"rendered":"<p>Walter F. Leyh aus Schrozberg (SPD) hat seine Kandidatur f\u00fcr die Landtagswahl 2016 im Wahlkreis 21 \u2013 Hohenlohe angek\u00fcndigt. Walter F. Leyh wird sich ebenso wie Hans-J\u00fcrgen Saknus aus K\u00fcnzelsau am 15. Mai 2015 bei der Wahlkreismitgliederversammlung der SPD Hohenlohe als Landtagskandidat zur Wahl stellen.\u00a0Als Ersatzbewerberin kandidiert die Kreisvorsitzende Caroline Vermeulen aus \u00d6hringen. Von Stefan [&hellip;]<\/p>\n","protected":false},"author":1,"featured_media":0,"comment_status":"open","ping_status":"open","sticky":false,"template":"","format":"standard","meta":[],"categories":[1,6,2,5,7],"tags":[],"_links":{"self":[{"href":"https:\/\/www.hohenlohe-ungefiltert.de\/index.php?rest_route=\/wp\/v2\/posts\/19343"}],"collection":[{"href":"https:\/\/www.hohenlohe-ungefiltert.de\/index.php?rest_route=\/wp\/v2\/posts"}],"about":[{"href":"https:\/\/www.hohenlohe-ungefiltert.de\/index.php?rest_route=\/wp\/v2\/types\/post"}],"author":[{"embeddable":true,"href":"https:\/\/www.hohenlohe-ungefiltert.de\/index.php?rest_route=\/wp\/v2\/users\/1"}],"replies":[{"embeddable":true,"href":"https:\/\/www.hohenlohe-ungefiltert.de\/index.php?rest_route=%2Fwp%2Fv2%2Fcomments&post=19343"}],"version-history":[{"count":1,"href":"https:\/\/www.hohenlohe-ungefiltert.de\/index.php?rest_route=\/wp\/v2\/posts\/19343\/revisions"}],"predecessor-version":[{"id":19344,"href":"https:\/\/www.hohenlohe-ungefiltert.de\/index.php?rest_route=\/wp\/v2\/posts\/19343\/revisions\/19344"}],"wp:attachment":[{"href":"https:\/\/www.hohenlohe-ungefiltert.de\/index.php?rest_route=%2Fwp%2Fv2%2Fmedia&parent=19343"}],"wp:term":[{"taxonomy":"category","embeddable":true,"href":"https:\/\/www.hohenlohe-ungefiltert.de\/index.php?rest_route=%2Fwp%2Fv2%2Fcategories&post=19343"},{"taxonomy":"post_tag","embeddable":true,"href":"https:\/\/www.hohenlohe-ungefiltert.de\/index.php?rest_route=%2Fwp%2Fv2%2Ftags&post=19343"}],"curies":[{"name":"wp","href":"https:\/\/api.w.org\/{rel}","templated":true}]}}