{"id":19322,"date":"2015-04-29T14:52:58","date_gmt":"2015-04-29T13:52:58","guid":{"rendered":"http:\/\/www.hohenlohe-ungefiltert.de\/?p=19322"},"modified":"2015-04-29T15:03:00","modified_gmt":"2015-04-29T14:03:00","slug":"die-arbeit-der-zukunft-gestalten-wir-kundgebungen-am-1-mai-2015-in-schwaebisch-hall-und-weiteren-orten-der-region","status":"publish","type":"post","link":"https:\/\/www.hohenlohe-ungefiltert.de\/?p=19322","title":{"rendered":"&#8222;Die Arbeit der Zukunft gestalten wir&#8220; \u2013 Kundgebungen am 1. Mai 2015 in Schw\u00e4bisch Hall und weiteren Orten der Region Nordw\u00fcrttemberg"},"content":{"rendered":"<p><strong>&#8222;Die Arbeit der Zukunft gestalten wir!&#8220;, lautet das Motto der 1.-Mai-Demonstrationen und -Kundgebungen 2015 in Schw\u00e4bisch Hall und an anderen Orten der Region Nordw\u00fcrttemberg.<\/strong><\/p>\n<p><em>Vom DGB-Nordw\u00fcrttemberg<\/em><\/p>\n<p><strong>Folgender Ablauf ist in Schw\u00e4bisch Hall geplant:<\/strong><\/p>\n<p><strong>10.30 Uhr:<\/strong> Auftakt bei der Agentur f\u00fcr Arbeit (Bahnhofstra\u00dfe), danach Demonstration mit Samba Salina (brasilianische Trommeln) und der Schalmeienkapelle Schw\u00e4bisch Hall.<\/p>\n<p><strong>11.30 Uhr:<\/strong> Maikundgebung im Hospitalhof (Am Spitalbach).<br \/>\nSiegfried Hubele \u2013 Begr\u00fc\u00dfung, DGB-Kreisvorsitzender Schw\u00e4bisch Hall mit einem Sketch zur Privatisierung im Gesundheitswesen.<br \/>\nFrank Hawel \u2013 Mairede, Gewerkschaftssekret\u00e4r ver.di-Bezirk Stuttgart, anschlie\u00dfend Maifest. Musik mit Alakart (Klezmer, Balkan, Alpenland-Volkmusik).<\/p>\n<p><strong>Informationen im Internet \u00fcber weitere Mai-Kundgebungen in der Region Heilbronn-Franken und Kontakt:<\/strong><\/p>\n<p>DGB Region Nordw\u00fcrttemberg, Gartenstra\u00dfe 64, 74072 Heilbronn<\/p>\n<p>Telefon: 07131-8888010<\/p>\n<p><strong>Internet:<\/strong> <a href=\"http:\/\/www.nordwuerttemberg.dgb.de\" target=\"_blank\">www.nordwuerttemberg.dgb.de<\/a><\/p>\n<p><strong>Aufruf des Deutschen Gewerkschaftsbundes zum Tag der Arbeit 2015:<\/strong><\/p>\n<p>Seit 125 Jahren demonstrieren die Gewerkschaften am 1. Mai f\u00fcr die Rechte der arbeitenden Menschen. Wir haben viel erreicht \u2013 und noch viel vor. Wir haben den Mindestlohn von 8,50 Euro durchgesetzt, der seit Januar gilt und mit dem Rentenpaket mehr soziale Gerechtigkeit erreicht. Doch das ist nicht genug. Wir stellen uns den neuen Fragen. Denn die Arbeitswelt \u00e4ndert sich rasant, mit neuen Chancen, aber auch neuen Unsicherheiten. Wir wollen diesen Wandel gemeinsam angehen \u2013 f\u00fcr mehr gute Arbeit, damit alle etwas davon haben.<\/p>\n<p><strong>Gute Arbeit f\u00fcr eine gute Zukunft!<\/strong><\/p>\n<p><strong>Wir wollen die Arbeit der Zukunft gestalten!<\/strong><\/p>\n<p>Wollt Ihr Euch ein gutes Leben aufbauen \u2013 und nicht nur f\u00fcr die Arbeit leben?<\/p>\n<p>Wollt Ihr, dass das Lohndumping aufh\u00f6rt und der gesetzliche Mindestlohn ohne Ausnahme gilt?<\/p>\n<p>Wollt Ihr sichere Arbeitspl\u00e4tze, statt Leiharbeit, Werkvertr\u00e4ge oder Minijobs?<\/p>\n<p>Wollt Ihr flexibler arbeiten und mehr Zeit f\u00fcrs Privatleben, ohne dass Ihr jederzeit verf\u00fcgbar sein m\u00fcsst?<\/p>\n<p>Wollt Ihr, dass mehr auf Eure Gesundheit geachtet wird und der Arbeitsstress ein Ende hat?<\/p>\n<p>Wollt Ihr mehr Unterst\u00fctzung, um Euch weiterentwickeln und auch Neues wagen zu k\u00f6nnen?<\/p>\n<p>Wollt Ihr, dass Ihr fit bis zur Rente arbeiten k\u00f6nnt \u2013 und die Rente auch wirklich zum Leben reicht?<\/p>\n<p>Wollt Ihr im Betrieb mehr mitbestimmen, wie die Arbeit von heute und morgen aussieht?<\/p>\n<p>Wollt Ihr, dass es endlich selbstverst\u00e4ndlich wird, dass Frauen gleich viel verdienen wie M\u00e4nner?<\/p>\n<p>Wollt Ihr eine bessere Bildung und Ausbildung f\u00fcr Eure Kinder, bezahlbare Energie, Kitas und Schwimmb\u00e4der?<\/p>\n<p>Wollt Ihr, dass Arbeitslose nicht in Hartz IV abst\u00fcrzen und Millionen Menschen in Armut leben m\u00fcssen?<\/p>\n<p>Wollt Ihr, dass die oberen Zehntausend einen angemessenen Beitrag f\u00fcr unser Gemeinwohl leisten?<\/p>\n<p>Wollt Ihr eine offene und solidarische Gesellschaft, die Nazis und Rassisten keine Chance gibt?<\/p>\n<p>Wollt Ihr in einem friedlichen und sozialen Europa leben?<\/p>\n<p><strong>Wenn Ihr die Arbeit der Zukunft gestalten wollt \u2013 macht mit!<\/strong><\/p>\n<p><strong>Die deutschen Gewerkschaften rufen auf: Hinaus zum 1. Mai 2015!<\/strong><\/p>\n<p>Wir wollen Gute Arbeit, sozialen Fortschritt und keinen Stillstand. Wir wollen soziale Gerechtigkeit und kein Zur\u00fcck zur neoliberalen Klientelpolitik! Das gilt f\u00fcr alle Parteien. Sie sollen uns h\u00f6ren und sehen!<\/p>\n<p><strong>Weitere Informationen im Internet:<\/strong><\/p>\n<p><a href=\"http:\/\/nordwuerttemberg.dgb.de\/++co++0ac61cda-e2bf-11e4-b75b-52540023ef1a\" target=\"_blank\">http:\/\/nordwuerttemberg.dgb.de\/++co++0ac61cda-e2bf-11e4-b75b-52540023ef1a<\/a><\/p>\n<p><a href=\"http:\/\/www.dgb.de\/\" target=\"_blank\">http:\/\/www.dgb.de\/<\/a><\/p>\n<div class=\"pdf24Plugin-cp\"> \t<form name=\"pdf24Form0\" method=\"post\" action=\"https:\/\/doc2pdf.pdf24.org\/wordpress.php\" target=\"pdf24PopWin\" onsubmit=\"var pdf24Win = window.open('about:blank', 'pdf24PopWin', 'resizable=yes,scrollbars=yes,width=600,height=250,left='+(screen.width\/2-300)+',top='+(screen.height\/3-125)+''); pdf24Win.focus(); if(typeof pdf24OnCreatePDF === 'function'){void(pdf24OnCreatePDF(this,pdf24Win));}\"> \t\t<input type=\"hidden\" name=\"blogCharset\" value=\"Cw1x07UAAA==\" \/><input type=\"hidden\" name=\"blogPosts\" value=\"MwQA\" \/><input type=\"hidden\" name=\"blogUrl\" value=\"yygpKSi20tcvLy\/Xy8jPSM3LARK6pXnpqWmZOSWpRSV6KakA\" \/><input type=\"hidden\" name=\"blogName\" value=\"88jPSM3LARK6pXnpqWmZOSWpRSUA\" \/><input type=\"hidden\" name=\"blogValueEncoding\" value=\"gzdeflate base64\" \/><input type=\"hidden\" name=\"postId_0\" value=\"M7Q0NjICAA==\" \/><input type=\"hidden\" name=\"postTitle_0\" value=\"Fc1BCsIwFIThqwwIXUobEISuBBeCqKA7d0nzTB+mKbwmZOsdvILHcNebeBLT9Xz8U622Sql2z4SdGOIIS4J7eqbwiHA0Re0jBWSWaqF1i9\/rjWMK1pFJwZVND2jWOGmGqpsNOODW9Xn+GJ66HgftPQpHLnWS4i+yFJefKzkeA86j2Dx\/JUYaDIn7Aw==\" \/><input type=\"hidden\" name=\"postLink_0\" value=\"yygpKSi20tcvLy\/Xy8jPSM3LARK6pXnpqWmZOSWpRSV6Kan69gW2hpbGRkYA\" \/><input type=\"hidden\" name=\"postAuthor_0\" value=\"S0zJzcwDAA==\" \/><input type=\"hidden\" name=\"postDateTime_0\" value=\"MzIwNNU1MNE1slQwNLEyMLEytQAA\" \/><input type=\"hidden\" name=\"postContent_0\" value=\"rVfLbhtHFt3nK8oOMLBhkiJpKzYcRoEU2ZKjyAksPwBvBtXsy+5KV1cTVdViwNX8w3xANvqGrLTjn+RLcu6tpkSZlGczhkyA3VX3ec65l5P5wSRE37ji4F\/fvhiPx98fG1KHPiMTVU5efW6r1s2iKihEbSM5tTD+gZwdft9TVreRcFIHdd7E2Mid0aB\/rk3\/mOrGwbiOpnG42Lpc9c\/wWVDWugJPxsPRvjJOXUzLxeoqM2FaqlNtrRzVDn8wh3O\/enbMpt9RAWPqbePzxerax0h1Rr4YTPa6LCZ784NvJsiK6oOPTa2OT476X56e7OHlzcHu4uvGIiT2cZghq5kyIe6MraC51S6+3HbZfR8NB0+H6kPpb4+ow3YWdRUV6ip5HMJXbL2aIax1uR8d6dKVzYxLtvqTHvdQVqfh9k4hVY2jF7rOND6tcVo9yrwOxhrtOEhS731T12TdYykje0MO2tZkyFV6TtbSVlaDrSRG20mgqdVN+5Sp1WkT5gawQNDq0WGtLuRbhpgfDyaZV3sH31wYKmbeUK5O24zg+e\/\/\/FcdUeFX16s\/YaYnHTrzZMJl44OJy9SErbJz2mQcwUtFEU+XKN9v3lyiKsGQ70I6oYAQS9QzLCiQW8fx2mtXwdKCrISAXDzl1MOFBfkKbvQshkCVp7i68uqS\/CA3\/SNaGl+pi9jGWGgfe8AkzlpD6BCqCzMzMGOgzttgKgny0OoKJ9WjM0vLmnxPHWlbadfDmzk5YCfvf2xsVfONx1uFf+Nmja\/XnEFGb1wk70Cy1TXAqxZIDaRgz3fJZO4w5JSMzWDQ9SXzjn5njWMYbmMXTbiPWyiRZv51sFTfPeup58+Gz8e3PtZW3qPBs8a9VMPno6ej\/gv8G46G2xmmhDaQNdGq9DT74WEZ4\/zl3t5isRg4jqOlW47nRTbI6aGK2hcUf3j4b\/DUVQ8PvnJ4sqe36AkqetA7pwBitZEp4+6iAAXlt8u2Vu91kfiaKMqCtV28C341Gu+rn3XpRagSX42IVw5B3TSPR7qGRnIHE\/\/5xDualpHElxZfTAOnzslJgAP1yXhV6gzPLg0wTB6UwRUBM7fWNeCEvAKPNo+LGcMZRduUuI4ev+jtD9Wr1kOvWz8tIe4UlwA3uw+czc\/atdqrwtgo1msZBzXCRPPcXIOCqqYSp5ul0ZYz9JyBKSq+vo5uoI45LB4PLKdOIgZY2yJFGCKrEWMzSJyOWnwCsQWnfEwulS9VH4RGNKsr1oeoAmwpCB+kuCfhpbs\/ldpNCWTTTBbd4lB68cHxDfKl1Da5XzTiHS6gFOoTjxvWdyilC+iRBq8YHFxiaZRkXGDidRGxQrNrzZJKcYE0c831lcpvUfvk9mayx3qW7HVj9sG9Q+VuuF+d0NtGPuFiVG8Q\/CsuCNyK16B+IUYIpl2m2y5RwZL0ya3n04ZDyxd+3LLLhQhB+vwLMJa39dxAj2G4XP3l480gSkCz3Ig7mMR\/uGiD02VNgrptHyr17wYNc7u6wrToAUQ6RqRiSt115RPIBgGPfnVVkGrYM7yZ35ss7LA7s\/SHyewG8xLkudmf170K3ayRAvRSwJIzW\/gdk8Qv+Si84nSRaeERhvXqOoR4b8HEBy8b4CJtzC4USrMeRN628pvydZmju4TLbP8Vagi07SqX2P7AWhvi6jouZdhC0gQC3RRxcWGmFXaFtHHxm7dgS1ALZiAUUFWrv5z7SsulgAgYk1omsgjEbSHl+q1IJaWTExIFZiuDQaQ2YTHpxo50MAmPiDU1S5mBdxngY7DqoB8LGN6AqXCQmFjSycYXAvOARaG8vxvIG6orAQWyWYiXUrur7hm3ojsJhWK+FJaj7VSXPAJwsiAD3LjlyO\/IQziPyAND+cjYnBcXjhLwz7qvwjqBxBmTBPFltNQlNis8egW7hQHuz7BsBbnKyxIKka2u8l0+u6A79NgmUMdwAOgUs32p3nyEXjJMgOKEhXNjbVpB1iOITx\/6uu1EIEH7a2KAMjSZjMDPVGLvaANvTJy\/E2mtuQj85QhhQfJT2hgFQPqJiPCiKS28YXTs8pNK2cxmMCIxh8aaXPu0BYNMmC1p5PYkmLd6aVK93iE+MaoqsZGGBnQn24k81y2esseKeLnOn8w+J5N0rr8Qxxvl5inGdvL\/+ctKXDJXamY\/Q\/z+gcC\/0\/Kd+wuzqJ0lXX+pTvEToU3LTLdz8BKzY0bcDpiTzQl3k+TrxrMzb2LS8yp18iICKcjA5Xdm6u69YH0PyeMHwLQSyXCEvgEo4uUMqzX0wc7xLJrqgToGxmUNEXTIpP2N91HDQxy\/Lrjr6xWCh826Nzy5H2z3Ii3P9y7ZO37VfbGa3rNp7j15Mm2ePBnq6Xejaa77NM5m\/dGInvWz5\/tZf3+8\/2w4HD+l2Uhvb7D\/N9N39t0dO3Vn8N4INs7cmPoH\" \/> \t\t<a href=\"https:\/\/www.pdf24.org\" target=\"_blank\" title=\"www.pdf24.org\" rel=\"nofollow\"><img src=\"https:\/\/www.hohenlohe-ungefiltert.de\/wp-content\/plugins\/pdf24-post-to-pdf\/img\/pdf_32x32.png\" alt=\"\" border=\"0\" height=\"32\" \/><\/a> \t\t<span class=\"pdf24Plugin-cp-space\">&nbsp;&nbsp;<\/span> \t\t<span class=\"pdf24Plugin-cp-text\">Sende Artikel als PDF<\/span> \t\t<span class=\"pdf24Plugin-cp-space\">&nbsp;&nbsp;<\/span> \t\t<input class=\"pdf24Plugin-cp-input\" style=\"margin: 0px;\" type=\"text\" name=\"sendEmailTo\" placeholder=\"Emailadresse\" \/> \t\t<input class=\"pdf24Plugin-cp-submit\" style=\"margin: 0px;\" type=\"submit\" value=\"Senden\" \/> \t<\/form> <\/div>","protected":false},"excerpt":{"rendered":"<p>&#8222;Die Arbeit der Zukunft gestalten wir!&#8220;, lautet das Motto der 1.-Mai-Demonstrationen und -Kundgebungen 2015 in Schw\u00e4bisch Hall und an anderen Orten der Region Nordw\u00fcrttemberg. Vom DGB-Nordw\u00fcrttemberg Folgender Ablauf ist in Schw\u00e4bisch Hall geplant: 10.30 Uhr: Auftakt bei der Agentur f\u00fcr Arbeit (Bahnhofstra\u00dfe), danach Demonstration mit Samba Salina (brasilianische Trommeln) und der Schalmeienkapelle Schw\u00e4bisch Hall. 11.30 [&hellip;]<\/p>\n","protected":false},"author":1,"featured_media":0,"comment_status":"open","ping_status":"open","sticky":false,"template":"","format":"standard","meta":[],"categories":[1,2,8,5,3],"tags":[],"_links":{"self":[{"href":"https:\/\/www.hohenlohe-ungefiltert.de\/index.php?rest_route=\/wp\/v2\/posts\/19322"}],"collection":[{"href":"https:\/\/www.hohenlohe-ungefiltert.de\/index.php?rest_route=\/wp\/v2\/posts"}],"about":[{"href":"https:\/\/www.hohenlohe-ungefiltert.de\/index.php?rest_route=\/wp\/v2\/types\/post"}],"author":[{"embeddable":true,"href":"https:\/\/www.hohenlohe-ungefiltert.de\/index.php?rest_route=\/wp\/v2\/users\/1"}],"replies":[{"embeddable":true,"href":"https:\/\/www.hohenlohe-ungefiltert.de\/index.php?rest_route=%2Fwp%2Fv2%2Fcomments&post=19322"}],"version-history":[{"count":6,"href":"https:\/\/www.hohenlohe-ungefiltert.de\/index.php?rest_route=\/wp\/v2\/posts\/19322\/revisions"}],"predecessor-version":[{"id":19328,"href":"https:\/\/www.hohenlohe-ungefiltert.de\/index.php?rest_route=\/wp\/v2\/posts\/19322\/revisions\/19328"}],"wp:attachment":[{"href":"https:\/\/www.hohenlohe-ungefiltert.de\/index.php?rest_route=%2Fwp%2Fv2%2Fmedia&parent=19322"}],"wp:term":[{"taxonomy":"category","embeddable":true,"href":"https:\/\/www.hohenlohe-ungefiltert.de\/index.php?rest_route=%2Fwp%2Fv2%2Fcategories&post=19322"},{"taxonomy":"post_tag","embeddable":true,"href":"https:\/\/www.hohenlohe-ungefiltert.de\/index.php?rest_route=%2Fwp%2Fv2%2Ftags&post=19322"}],"curies":[{"name":"wp","href":"https:\/\/api.w.org\/{rel}","templated":true}]}}