{"id":19276,"date":"2015-04-13T13:09:38","date_gmt":"2015-04-13T12:09:38","guid":{"rendered":"http:\/\/www.hohenlohe-ungefiltert.de\/?p=19276"},"modified":"2015-04-13T13:55:33","modified_gmt":"2015-04-13T12:55:33","slug":"mahnung-fuer-den-frieden-fuer-erschiessungsopfer-in-kirchbergjagst-wird-am-dienstag-14-april-2015-ein-kranz-niedergelegt","status":"publish","type":"post","link":"https:\/\/www.hohenlohe-ungefiltert.de\/?p=19276","title":{"rendered":"&#8222;Mahnung f\u00fcr den Frieden&#8220; \u2013\u00a0F\u00fcr Erschie\u00dfungsopfer in Kirchberg\/Jagst wird am Dienstag, 14. April 2015, ein Kranz niedergelegt"},"content":{"rendered":"<p><strong>Deutsche Soldaten erschossen am Kriegsende im Jahr 1945 sechs unschuldige Menschen in Kirchberg an der Jagst. Anl\u00e4sslich des 70. Jahrestages der Erschie\u00dfungen, am Dienstag, 14. April 2015, wird B\u00fcrgermeister Stefan Ohr um 11.30 Uhr einen Kranz vor dem Mahnmal am Frankenplatz niederlegen.<\/strong><\/p>\n<p><em>Von Ralf Garmatter, Hohenlohe-ungefiltert<\/em><\/p>\n<p><strong>Sechs unschuldige Menschen erschossen<\/strong><\/p>\n<p>Die Bev\u00f6lkerung ist zu dieser Kranzniederlegung herzlich eingeladen. An der Scheune am Adler, die zwischen heutiger Schloss-Apotheke und dem Gasthof Adler stand, wurden am 14. April 1945 drei Zwangsarbeiter und ein Kriegsgefangener von Angeh\u00f6rigen deutscher Truppen erschossen. Au\u00dferdem wurden im Stadtgebiet am gleichen Tag zwei deutsche Staatsangeh\u00f6rige erschossen. Zu ihrem Gedenken wurde 2003 im Zuge der Neugestaltung des Frankenplatzes das von R\u00fcdiger Weinhold (Lendsiedel) entworfene Mahnmal errichtet.<\/p>\n<p><strong>Die Namen der am 14. April 1945 in Kirchberg\/Jagst hingerichteten Menschen:<\/strong><\/p>\n<p>Angela Galczinski (Kirchberg\/Jagst), Johann Heigl (Eichenau), Michael Kubicky (Polen), Josef Hepak (Ukraine), Wasyl Petryzcka (Ukraine) und Ernest Bonne (Frankreich).<\/p>\n<p>Das Grab von Angela Galczinski befindet sich noch auf dem Alten Friedhof in Kirchberg\/Jagst. Die Grabsteine von Michael Kubicky, Josef Hepak und Wasyl Petryzcka sind noch auf dem Crailsheimer Ehrenfriedhof zu finden. Ernest Bonne wurde auf einen Friedhof in seinem Heimatland Frankreich umgebettet. Das Grab von Johann Heigl auf dem Friedhof in Lendsiedel wurde entgegen der Richtlinien des Gr\u00e4bergesetzes bereits vor einigen Jahrzehnten abger\u00e4umt. Es besteht nicht mehr.<\/p>\n<p>&nbsp;<\/p>\n<div class=\"pdf24Plugin-cp\"> \t<form name=\"pdf24Form0\" method=\"post\" action=\"https:\/\/doc2pdf.pdf24.org\/wordpress.php\" target=\"pdf24PopWin\" onsubmit=\"var pdf24Win = window.open('about:blank', 'pdf24PopWin', 'resizable=yes,scrollbars=yes,width=600,height=250,left='+(screen.width\/2-300)+',top='+(screen.height\/3-125)+''); pdf24Win.focus(); if(typeof pdf24OnCreatePDF === 'function'){void(pdf24OnCreatePDF(this,pdf24Win));}\"> \t\t<input type=\"hidden\" name=\"blogCharset\" value=\"Cw1x07UAAA==\" \/><input type=\"hidden\" name=\"blogPosts\" value=\"MwQA\" \/><input type=\"hidden\" name=\"blogUrl\" value=\"yygpKSi20tcvLy\/Xy8jPSM3LARK6pXnpqWmZOSWpRSV6KakA\" \/><input type=\"hidden\" name=\"blogName\" value=\"88jPSM3LARK6pXnpqWmZOSWpRSUA\" \/><input type=\"hidden\" name=\"blogValueEncoding\" value=\"gzdeflate base64\" \/><input type=\"hidden\" name=\"postId_0\" value=\"M7Q0MjcDAA==\" \/><input type=\"hidden\" name=\"postTitle_0\" value=\"U1O2MDIysvZNzMgrzUtXSDu8p0ghJTVPwa0oMxVIq4GkDawVHjVMPrTADSTpWlScnJGZeng+UHlxfkFaapFCZp6Cd2ZRckZSalG6vldienGJQnlmUYpCYq6CS2ZqXnFJYrqOgqGJnoJjQVFmjoKRgaGpjkIqSFdRYl6VQh7IpqL01JzU9BIA\" \/><input type=\"hidden\" name=\"postLink_0\" value=\"yygpKSi20tcvLy\/Xy8jPSM3LARK6pXnpqWmZOSWpRSV6Kan69gW2hpZG5mYA\" \/><input type=\"hidden\" name=\"postAuthor_0\" value=\"S0zJzcwDAA==\" \/><input type=\"hidden\" name=\"postDateTime_0\" value=\"MzIwNNU1MNE1NFYwNLYyMLEytgAA\" \/><input type=\"hidden\" name=\"postContent_0\" value=\"dVRNTxsxEL33V8ypClIaSKGq2kZIoXypFFqRfkjcnOzEtuL1rmwviPwZLvwGTtz2j\/WNExIC6mVlr+15b968mUG9P4gpVF7vH3KT4sQwjSpXqMSeOGBfxYilKuksWNZYF0y2pG\/KBOp\/2vtAkScmUuNxt3GF1UznLBu8sp7ObJiYMQdNylPBAQ91TD0aetfex+jsxOB3pI87vRyTY1Iae7l6JPiW27vGa\/ZdIXFoERs3utTfQ5A6WEfvd\/ofunRjQ0EH7WPQHEq2MSHAKPEUsD9AtSmp3+\/t7tBvbNh6sDsLys\/pugoAK+lcGV8qJyDHOJixr51Kc\/KWwcUxGPQG20utBtv1\/psBtONy\/0\/l6VK5KZ2oUKoE3C6dVkjf4fNOqE+tw9802Mbt1ctlpNH\/1VvL\/woXMtABX7cPbsYBEIR8ad5QYTki75zZiricGw7zrDVS1+xUgWxQgyzzCGiNZ8l8WDihjzA0v7ELGjhM4JXvOdB5N6yrZHjGYF1k6U5UTKaaLl4TyuML1KMJxcI460plvxSBLV3dKK+jCmO2UiiJxOKW7DEtVYPeOLiGuEOsTfsQQEIIL1wa6Fdo6npDJsA07R0H4bSEh1NHSRVJ89hyEjbasc15\/VIaSYJLsTJ+UipFtYbbiH3VkIU\/kS50FX8sMGC\/nV3BuWrwQPS8YKyggkuivJj7uaHE2yrmxC7bxyIr+xe5G3Qddb6jv6IUzm0R+3RThSl0WJmTQwD5xKn30kfiiAtV8qKkr1V\/3orbuQfJiBWW8fDuyXefX7ltmC2DMrvJ3Po4s9R5EWurS98qo7ynU7baUecoa6waHJxjqdjRWTO2k9ktdX5Wjn1+EXmKB7WaUef3LCh0JX7\/VfHW0U9O4XY+man1UXbJUfDQlg4qD1k6WdggBd1aKXIIdU+CGq+8s0l9jHbEDEsUpR18hY9qptnHQyc6HMODhdj5tWQ9mT85OMYLKGWIF\/lt5iWUXyYUgb8J\/BUJumjYljL1YDI\/fSKBps58YcCN1BfekwCLYfacdZRfpZQC88ihG2mtEwYheoGTeIg2pNoo4BOz52HX3lyiw6Ca9dJyl2IkZzF1fPb8SWjvRTkMpGx6rNHrMc9b8MvNLAN\/zsaL7GoMM7b3TQleR3IdEpuE8YuwVLIJqwK\/9eNYf8m7fw==\" \/> \t\t<a href=\"https:\/\/www.pdf24.org\" target=\"_blank\" title=\"www.pdf24.org\" rel=\"nofollow\"><img src=\"https:\/\/www.hohenlohe-ungefiltert.de\/wp-content\/plugins\/pdf24-post-to-pdf\/img\/pdf_32x32.png\" alt=\"\" border=\"0\" height=\"32\" \/><\/a> \t\t<span class=\"pdf24Plugin-cp-space\">&nbsp;&nbsp;<\/span> \t\t<span class=\"pdf24Plugin-cp-text\">Sende Artikel als PDF<\/span> \t\t<span class=\"pdf24Plugin-cp-space\">&nbsp;&nbsp;<\/span> \t\t<input class=\"pdf24Plugin-cp-input\" style=\"margin: 0px;\" type=\"text\" name=\"sendEmailTo\" placeholder=\"Emailadresse\" \/> \t\t<input class=\"pdf24Plugin-cp-submit\" style=\"margin: 0px;\" type=\"submit\" value=\"Senden\" \/> \t<\/form> <\/div>","protected":false},"excerpt":{"rendered":"<p>Deutsche Soldaten erschossen am Kriegsende im Jahr 1945 sechs unschuldige Menschen in Kirchberg an der Jagst. Anl\u00e4sslich des 70. Jahrestages der Erschie\u00dfungen, am Dienstag, 14. April 2015, wird B\u00fcrgermeister Stefan Ohr um 11.30 Uhr einen Kranz vor dem Mahnmal am Frankenplatz niederlegen. Von Ralf Garmatter, Hohenlohe-ungefiltert Sechs unschuldige Menschen erschossen Die Bev\u00f6lkerung ist zu dieser [&hellip;]<\/p>\n","protected":false},"author":1,"featured_media":0,"comment_status":"open","ping_status":"open","sticky":false,"template":"","format":"standard","meta":[],"categories":[1,2,5,7],"tags":[],"_links":{"self":[{"href":"https:\/\/www.hohenlohe-ungefiltert.de\/index.php?rest_route=\/wp\/v2\/posts\/19276"}],"collection":[{"href":"https:\/\/www.hohenlohe-ungefiltert.de\/index.php?rest_route=\/wp\/v2\/posts"}],"about":[{"href":"https:\/\/www.hohenlohe-ungefiltert.de\/index.php?rest_route=\/wp\/v2\/types\/post"}],"author":[{"embeddable":true,"href":"https:\/\/www.hohenlohe-ungefiltert.de\/index.php?rest_route=\/wp\/v2\/users\/1"}],"replies":[{"embeddable":true,"href":"https:\/\/www.hohenlohe-ungefiltert.de\/index.php?rest_route=%2Fwp%2Fv2%2Fcomments&post=19276"}],"version-history":[{"count":5,"href":"https:\/\/www.hohenlohe-ungefiltert.de\/index.php?rest_route=\/wp\/v2\/posts\/19276\/revisions"}],"predecessor-version":[{"id":19282,"href":"https:\/\/www.hohenlohe-ungefiltert.de\/index.php?rest_route=\/wp\/v2\/posts\/19276\/revisions\/19282"}],"wp:attachment":[{"href":"https:\/\/www.hohenlohe-ungefiltert.de\/index.php?rest_route=%2Fwp%2Fv2%2Fmedia&parent=19276"}],"wp:term":[{"taxonomy":"category","embeddable":true,"href":"https:\/\/www.hohenlohe-ungefiltert.de\/index.php?rest_route=%2Fwp%2Fv2%2Fcategories&post=19276"},{"taxonomy":"post_tag","embeddable":true,"href":"https:\/\/www.hohenlohe-ungefiltert.de\/index.php?rest_route=%2Fwp%2Fv2%2Ftags&post=19276"}],"curies":[{"name":"wp","href":"https:\/\/api.w.org\/{rel}","templated":true}]}}