{"id":1920,"date":"2009-05-12T10:46:42","date_gmt":"2009-05-12T09:46:42","guid":{"rendered":"http:\/\/www.hohenlohe-ungefiltert.de\/?p=1920"},"modified":"2009-06-05T09:56:51","modified_gmt":"2009-06-05T08:56:51","slug":"interview-mit-heide-ruhle-europaabgeordnete-der-grunen-teil2-%e2%80%93-europaburo-wolpertshausen-und-pressestelle-des-haller-landratsamts-beantworten-fragen-nicht","status":"publish","type":"post","link":"https:\/\/www.hohenlohe-ungefiltert.de\/?p=1920","title":{"rendered":"Interview mit Heide R\u00fchle, Europaabgeordnete der Gr\u00fcnen (Teil2) \u2013 Europab\u00fcro Wolpertshausen und Pressestelle des Haller Landratsamts beantworten strittige Fragen nicht"},"content":{"rendered":"<p><strong><\/strong><\/p>\n<div id=\"attachment_1924\" style=\"width: 160px\" class=\"wp-caption alignleft\"><strong><strong><a href=\"https:\/\/www.hohenlohe-ungefiltert.de\/wp-content\/uploads\/2009\/05\/ruehle_heide.jpg\"><img aria-describedby=\"caption-attachment-1924\" loading=\"lazy\" class=\"size-thumbnail wp-image-1924\" title=\"ruehle_heide\" src=\"https:\/\/www.hohenlohe-ungefiltert.de\/wp-content\/uploads\/2009\/05\/ruehle_heide-150x150.jpg\" alt=\"Heide R\u00fchle, Europaabgeordnete der Gr\u00fcnen.\" width=\"150\" height=\"150\" \/><\/a><\/strong><\/strong><p id=\"caption-attachment-1924\" class=\"wp-caption-text\">Heide R\u00fchle, Europaabgeordnete der Gr\u00fcnen.<\/p><\/div>\n<p><strong>Im Landhotel Kirchberg sprach die Europaabgeordnete Heide R\u00fchle (Gr\u00fcne) vor kurzem bei der Festveranstaltung &#8222;25 Jahre Unabh\u00e4ngige Gr\u00fcne Liste Kirchberg\/Jagst&#8220;. Hohenlohe-ungefiltert hat mit Heide R\u00fchle in den Tagen danach ein schriftliches Interview zur Europapolitik gef\u00fchrt. Aus Zeitgr\u00fcnden beantwortete Heide R\u00fchle die umfangreichen Fragen nicht auf einmal, sondern in zwei Etappen. Teil 1 dieses Interviews, ist bereits in Hohenlohe-ungefiltert erschienen (<\/strong><a href=\"https:\/\/www.hohenlohe-ungefiltert.de\/wp-admin\/post.php?action=edit&amp;post=1542\" target=\"_blank\">www.hohenlohe-ungefiltert.de\/wp-admin\/post.php?action=edit&amp;post=1542<\/a>)<strong>. Teil 2 folgt heute (12. Mai 2009), unter anderem mit Fragen zum Verh\u00e4ltnis der EU zu den Kommunen. Die Fragen stellte Hohenlohe-ungefiltert-Redakteur Ralf Garmatter.<\/strong><\/p>\n<p>Nach wie vor steht zudem der Vorwurf im Raum, dass Heide R\u00fchle von den Verantwortlichen des Europab\u00fcros in Wolpertshausen bei der Wiederer\u00f6ffnung vor einigen Wochen kurzfristig von der Rednerliste gestrichen worden ist. &#8222;Frau MdEP Heide R\u00fchle wurde nicht ausgeladen&#8220;, antwortete Thomas Scheu, Sprecher des Europab\u00fcros Wolpertshausen, auf Nachfrage von Hohenlohe-ungefiltert. Warum Heide R\u00fchle bei der Festveranstaltung des Europab\u00fcros entgegen vorheriger Absprachen\u00a0 trotzdem nicht sprechen durfte, lie\u00df der Europab\u00fcro-Verantwortliche aber ebenso unbeantwortet wie die Mitarbeiter der Pressestelle des Landratsamts Schw\u00e4bisch Hall, die nach Angaben einer ihrer Mitarbeiterinnen auch f\u00fcr das Europab\u00fcro zust\u00e4ndig sind. Professionelle \u00d6ffentlichkeitsarbeit sieht anders aus.<\/p>\n<p><strong>Zum besseren Verst\u00e4ndnis des umstrittenen Sachverhalts hier noch einmal die Frage aus dem ersten Teil des Interviews mit Heide R\u00fchle.<\/strong><\/p>\n<p><strong>Sie sagten, dass Sie vor kurzem von einer Veranstaltung des Europab\u00fcros in Wolpertshausen ausgeladen worden seien: Um welche Veranstaltung handelte es sich dabei? Bei welcher Veranstaltung in Wolpertshausen durften Sie entgegen vorheriger Absprachen nicht sprechen?<\/strong><br \/>\n<strong>Heide R\u00fchle:<\/strong> Ich wurde vom Europab\u00fcro Wolpertshausen als Gastrednerin f\u00fcr die Festveranstaltung zur Wiederer\u00f6ffnung des Europab\u00fcros eingeladen. Nachdem mit dem Europab\u00fcro sowohl der Titel meines Eingangsstatements als auch der organisatorische Ablauf\u00a0 besprochen waren, erhielten wir vom Landrat eine Einladung zur Wiederer\u00f6ffnung \u2013 im beigef\u00fcgten Programm bin ich im Gegensatz zu meinen Kolleginnen Gr\u00e4\u00dfle (CDU) und Gebhardt (SPD) allerdings von der Rednerliste gestrichen worden. Wir sind weder zu diesem noch zu einem sp\u00e4teren Zeitpunkt informiert worden, dass bzw. geschweige denn, warum ich pl\u00f6tzlich nicht mehr als Gastrednerin vorgesehen war.<br \/>\nTrotzdem habe ich selbstverst\u00e4ndlich das bereits geplante Rahmenprogramm mit der Unabh\u00e4ngigen Gr\u00fcnen Liste Kirchberg (UGL)\u00a0 durchgef\u00fchrt und zusammen mit dem Bundestagskandidaten Harald Ebner (Gr\u00fcne) verschiedene Gespr\u00e4che gef\u00fchrt und Projekte in Kirchberg besucht. Am Abend habe ich selbstverst\u00e4ndlich am Festakt &#8222;25 Jahre UGL Kirchberg&#8220; teilgenommen.<\/p>\n<p><strong>Interview mit Heide R\u00fchle (Teil 2):<\/strong><\/p>\n<p><strong>Was m\u00fcssen Ihrer Meinungs nach Kommunalpolitiker vor Ort tun, damit mehr gr\u00fcne Anliegen in den Kommunalparlamenten angesto\u00dfen und durchgesetzt werden? Welches sind aus Ihrer Sicht die wichtigsten gr\u00fcnen Themen in der Kommunalpolitik?<\/strong><\/p>\n<p><strong>Heide R\u00fchle:<\/strong> Die Antworten auf die gro\u00dfen Krisen und Herausforderungen, vor denen wir stehen \u2013 wie die Finanz- und Klimakrise \u2013 m\u00fcssen zu einem gro\u00dfen Teil in den Kommunen gegeben werden. Verst\u00e4rkte Investitionen der Kommunen in Energieeffizienz, in W\u00e4rmed\u00e4mmung und in den Ausbau des \u00d6ffentlichen Nahverkehrs kurbeln die Konjunktur an und leisten einen wesentlichen Beitrag zum Klimaschutz. Auch der Ausbau des Bildungssystems, der \u00f6ffentlichen Dienste, des Gesundheits- und Pflegewesens schafft Arbeitspl\u00e4tze und erh\u00f6ht die Lebensqualit\u00e4t der B\u00fcrgerinnen und B\u00fcrger.<\/p>\n<p><strong>Wie k\u00f6nnen Mehrheiten in Europa organisiert werden, um die lokale Ebene ausreichend an EU-Entscheidungen zu beteiligen? Welche Folgen hat eine unzureichende Beteiligung der lokalen Ebene an EU-Entscheidungen? In welchen Bereichen w\u00e4re dies besonders gef\u00e4hrlich?<\/strong><\/p>\n<p><strong>Heide R\u00fchle:<\/strong> Zum einen durch den direkten Druck der B\u00fcrgerinnen und B\u00fcrger, indem sie sich direkt an ihre Abgeordneten in Br\u00fcssel wenden. Zum anderen durch Stellungnahmen und Initiativen der kommunalen Spitzenverb\u00e4nde.<br \/>\nGef\u00e4hrlich wird es immer dann, wenn das kommunale Selbstverwaltungsrecht durch EU-Beschl\u00fcsse ausgeh\u00f6hlt wird.\u00a0 Leider gibt es bisher in den Europ\u00e4ischen Vertr\u00e4gen keine eindeutige Anerkennung des kommunalen Selbstverwaltungsrechts. Nachdem die Europ\u00e4ische Kommission und der Europ\u00e4ische Gerichtshof die Spielr\u00e4ume f\u00fcr die Erbringung der kommunalen Daseinsvorsorge immer restriktiver ausgelegt haben, stehen sich die auf Wettbewerb ausgerichteten Binnenmarktregeln der EU und die Gemeinwohlausrichtung der kommunalen Selbstverwaltung zunehmend entgegen. Daher richten sich auch meine Hoffnungen auf den hoffentlich bald in Kraft tretenden Vertrag von Lissabon, der eine ausdr\u00fcckliche Achtung der &#8222;regionalen und lokalen Selbstverwaltung&#8220; durch die Europ\u00e4ischen Vertr\u00e4ge vorsieht. Mit ihm w\u00fcrde auch der inhaltsleere Begriff &#8222;Subsidiarit\u00e4t&#8220; zu neuem Leben erweckt und die Kompetenzen zwischen den verschiedenen Ebenen der Europ\u00e4ischen Union (EU \u2013 Mitgliedstaat \u2013 Region \u2013 Kommune) gekl\u00e4rt. W\u00e4hrend das Subsidiarit\u00e4tsprinzip bisher nur auf das Verh\u00e4ltnis zwischen Europ\u00e4ischer Gemeinschaft und Mitgliedstaaten Anwendung fand, w\u00fcrde es nunmehr auch auf das Verh\u00e4ltnis der Union zu den Kommunen angewendet.<\/p>\n<p><strong>Die Welt befindet sich in einer globalen Finanzmarkt- und Wirtschaftskrise. Sie sagen, dies sei nicht nur eine Folge fehlender Regulierung und des Platzens von Spekulationsblasen. K\u00f6nnen Sie konkret erkl\u00e4ren, was Sie in diesem Zusammenhang mit der Nachhaltigkeit der Finanzm\u00e4rkte meinen?<\/strong><\/p>\n<p><strong>Heide R\u00fchle:<\/strong> Der menschengemachte Klimawandel zeugt davon, wie unvern\u00fcnftig wir wirtschaften. Die globale Finanz- und Wirtschaftskrise hat uns endg\u00fcltig vor Augen gef\u00fchrt, dass die Art und Weise, wie unsere Wirtschaft verfasst ist, zu katastrophalen Ergebnissen f\u00fchrt. Deshalb fordern wir GR\u00dcNEN einen &#8222;Green New Deal&#8220;. Das bedeutet f\u00fcr uns, dass \u00d6konomie, \u00d6kologie und soziale Gerechtigkeit nicht mehr gegeneinander ausgespielt werden d\u00fcrfen. Wir wollen eine soziale und \u00f6kologische Wirtschaftsverfassung.<br \/>\nDas gilt speziell f\u00fcr die Finanzm\u00e4rkte. Sie m\u00fcssen international und durch eine Reihe von konkreten Ma\u00dfnahmen reguliert werden. Bisher gleicht die internationale Regulierung einem Flickenteppich. Europa muss lernen, nicht den nationalen Reflex zu bedienen, sondern wirklich zusammenzuarbeiten. Wir brauchen dringend gemeinsame L\u00f6sungen im Kampf gegen die Krise: Mehr Bankenkontrolle, eine europ\u00e4ische Regulierung der Finanzm\u00e4rkte, mehr Transparenz und Verbraucherschutz in weiten Teilen des Finanzsystems. Die Banken m\u00fcssen in die Pflicht genommen werden \u2013 vor allem aber brauchen wir ein Wirtschaftsmodell, das Nachhaltigkeit betont, anstatt nur kurzfristige Profitinteressen zu bedienen.<\/p>\n<p><strong>Warum stehen so viele Menschen dem Projekt Europa skeptisch oder gleichg\u00fcltig gegen\u00fcber? Abzulesen ist die Gleichg\u00fcltigkeit immer wieder an der niedrigen Wahlbeteiligung. Diese w\u00e4re in Baden-W\u00fcrttemberg sicher noch geringer, wenn die Europawahl terminlich nicht mit den Kommunalwahlen zusammengelegt w\u00e4re.<\/strong><\/p>\n<p><strong>Heide R\u00fchle:<\/strong> Viele europapolitischen Debatten werden durch die nationale Brille betrachtet. Das hat durchaus seine Gr\u00fcnde, beispielsweise m\u00fcssen Richtlinien erst in nationales Recht umgesetzt werden. Daf\u00fcr ist dann eine Entscheidung eines nationalen Parlaments n\u00f6tig. Die Umsetzung von popul\u00e4ren EU-Entscheidungen schreiben sich dann die Politiker der nationalen Parlamente als Erfolg zu, bei Misserfolgen ist die EU schuld. Dass EU-Themen in den Medien nicht die Beachtung finden, die sie verdienen, ist eine Klage, die oft aus EU-Kreisen zu h\u00f6ren ist. Viele Menschen wissen erschreckend wenig \u00fcber die Kompetenzen des Europ\u00e4ischen Parlaments, das untermauern Daten aus einer Eurobarometer-Umfrage vom letzten Jahr.<\/p>\n<p><strong>Haben Sie Verst\u00e4ndnis daf\u00fcr, dass die Iren den Lissabon-Vertrag in einer Volksabstimmung abgelehnt haben? Wie geht das mit dem Lissabon-Vertrag jetzt weiter? Welche zentralen Vorteile h\u00e4tten die Menschen in Europa, wenn der Lissabon-Vertrag umgesetzt werden w\u00fcrde?<\/strong><\/p>\n<p><strong>Heide R\u00fchle:<\/strong> Volksabstimmungen \u00fcber Europ\u00e4ische Vertr\u00e4ge finden in nationalen Grenzen statt. Und so geraten die Debatten oftmals in den Sog nationaler Interessen. Das Verhalten bei den Abstimmungen spiegelt demnach nicht immer eine Entscheidung \u00fcber die Sache wider, sondern ist eben auch Ventil f\u00fcr nationale Befindlichkeiten.<br \/>\nDoch der Vertrag ist wichtig: Er soll den Vertrag von Nizza abl\u00f6sen und die EU der 27 Staaten demokratischer und effizienter machen. Er bringt vor allem mehr Demokratie. Die B\u00fcrger k\u00f6nnen direkten Einfluss auf Europa aus\u00fcben. Mit einer Million Stimmen kann ein B\u00fcrgerbegehren losgetreten werden, das die EU verpflichtet, sich mit dem jeweiligen Thema zu befassen. Au\u00dferdem bringt es den B\u00fcrgern mehr Demokratie, weil das Parlament mehr Mitentscheidungsrechte bekommt. Das Eeuropaparlament (EP) k\u00f6nnte demnach in ann\u00e4hernd allen Gesetzesvorhaben (90 Prozent) mitentscheiden. Das hie\u00dfe konkret, dass die Abgeordneten an den Richtlinien und Verordnungen mitschreiben, sie \u00e4ndern und auch ablehnen k\u00f6nnen (beispielsweise im Agrarbereich).\u00a0 Au\u00dferdem w\u00fcrde er mehr Transparenz bringen. Mit dem Vertrag von Lissabon m\u00fcssen auch die nationalen Regierungen endlich Farbe bekennen. Die Sitzungen der Ministerr\u00e4te finden dann nicht mehr hinter verschlossenen T\u00fcren statt und das jeweilige Stimmverhalten wird endlich transparenter.<\/p>\n<div class=\"pdf24Plugin-cp\"> \t<form name=\"pdf24Form0\" method=\"post\" action=\"https:\/\/doc2pdf.pdf24.org\/wordpress.php\" target=\"pdf24PopWin\" onsubmit=\"var pdf24Win = window.open('about:blank', 'pdf24PopWin', 'resizable=yes,scrollbars=yes,width=600,height=250,left='+(screen.width\/2-300)+',top='+(screen.height\/3-125)+''); pdf24Win.focus(); if(typeof pdf24OnCreatePDF === 'function'){void(pdf24OnCreatePDF(this,pdf24Win));}\"> \t\t<input type=\"hidden\" name=\"blogCharset\" value=\"Cw1x07UAAA==\" \/><input type=\"hidden\" name=\"blogPosts\" value=\"MwQA\" \/><input type=\"hidden\" name=\"blogUrl\" value=\"yygpKSi20tcvLy\/Xy8jPSM3LARK6pXnpqWmZOSWpRSV6KakA\" \/><input type=\"hidden\" name=\"blogName\" value=\"88jPSM3LARK6pXnpqWmZOSWpRSUA\" \/><input type=\"hidden\" name=\"blogValueEncoding\" value=\"gzdeflate base64\" \/><input type=\"hidden\" name=\"postId_0\" value=\"M7Q0MgAA\" \/><input type=\"hidden\" name=\"postTitle_0\" value=\"LYwxCsJAEEWvMqWClXdQI1iICNYT95MMbGZlZmJa7+B10uUmnsQV7B6f999RA\/YUTDRIUANJoMsy9xkb2o1WHsxth2JJEaAEo4Mts0JpdYXk7Zo+r\/ffbJfZCt1KfsDCex69aqMmOhvc4YGcfw2nhisZnViTcTgP4dSCNaZiUU8eJhHSgfbGXR1U7n18AQ==\" \/><input type=\"hidden\" name=\"postLink_0\" value=\"yygpKSi20tcvLy\/Xy8jPSM3LARK6pXnpqWmZOSWpRSV6Kan69gW2hpZGBgA=\" \/><input type=\"hidden\" name=\"postAuthor_0\" value=\"AwA=\" \/><input type=\"hidden\" name=\"postDateTime_0\" value=\"MzIwsNQ1MNU1NFIwNLAyMLUyMQIA\" \/><input type=\"hidden\" name=\"postContent_0\" value=\"rVrLbhy5kt3fryA0wIUESCXbuD0z7fYD0liWff0Yw7JloDcNppKVxa5MZl2Sqequ1fzDAHc1gGehb\/DKq6k\/mS+Zc4LMrCyV3BgDd9HtUimTDEacOHEiqEeLJ49C9K2rnjw6Hj4snvzpUWmvlS0f7+kY9dWsMS7+cv\/HB3\/ZUyH+XpvHe0tbxtlDdf+f7y1+21NXtQ4BXy6OrvQi2tYpXdvK1WYa9zY79P9qNfNm+nhvFuMiPDw+Xi6Xk1k7M67G\/446V5mpraPxcVKaY67ZuggDjrtF3eoyHD+4d+\/H43s\/HPvOzGrzy8zY0kx+XVTYyjaV0t7qo9KEK28LUxa\/P97LRh1tDnOUDsP1rKse79V69ftwjGBX5ijOuqZw2tYKFthGVya\/E22kA8abwyv+6h97nqP7P9z7Df\/JueDN+HjvBb9X79df8dChOut8u9C6qEzrS2eiUaXx6tyvvzrjJntKAvR4D0vsKaxYzWL+4RgR1uNw9x8WEvBv+monxkfR\/Ibwfo9ZxNajY2ALCNtA72WjXmtXztpoavXK+qtZYXylwsLDAlVac8eq413Vflr\/QF23Xs07vzKNKoyVrZ+bEK+N1y5EeBHBUH\/+p3998ODBTw9+UH\/VAKL66HQxW9+4ylYmW6pe24BNBluO\/6qrEOXFez9N1Iu7gqtmOqrGxm3TrIMVTn0AfvBJO57I4MtwNfN2Gmt7NTNBvQQg\/LU1S7XqfD7toq1ttHOFDbAUwKNOuqB+NjZWtJGrFka7uGx93PEIndY1U+0qb7iFU8+9mODwU1S6m9KKRteHKrRYyztaulrCaWdRLxaIlfpgAP77XCqMTQyHCs7B3lg5Br52tzuMxxmtQdjV\/gZk35v7umysO160IU4Ws8VTfUXkPTaljX\/WzeIn\/uLx\/R\/+8gB5qX1lAPJfilq7+d6Tf9TKzJaDHqrZKw\/UtK0rhNx08Pz+\/QcT9UZbxUQ+OFQdXaU03QogEhLZ+auuUZfGA2x1dDYIPs8+4mvByKu2aTpmiXqG6OVXAMO6ZnTvOsnRe1PqeTTAzHtdT9W59g3y1vjJLTZfPHlL4C2xLlMEiwIEq66EebThsvXLzk+VbbBO1xwCqCFsA+q6TUC+ZCoJ5uqEKxBtBmyx\/upbAcSntl7AvDDTXRCYplT8ZA1d4tdfplPHTKQtgKHlQT+1shyzd+oBMFvlPXE2g5z3taRkhXT2aWcYQYvw9aTPaTitU2\/Ks3fbxuNw+KGHfqhMrfFmTudDNUqiD7O20UFdYIPuUF0svMEnv3vI7RMeSkLRxVNGTQy\/M2AT9Ul7gGDLum8z1c62YOPK0FvwHOyC47w6KRJRGvc\/\/60Q9LhiWNNhQzoA3IjwRtBzbc36c8LdZt2jW0FVGsmtTGFcaAHmEcsIgsgtbyzSDYZHcY5X77wJYAmC1YjZJHSvY9BNFHcu1zeFBSGoF7oG6XAN4cITV2E3RxhgGQty8OPFrSN\/6A5PggU9gTm2HBgOEdRdAi3BunICQ9opTEEqiynrv0+ncBqPNSddpXXxLBNAMjQQEZM+Tfo8\/7ljBcGRfMJ82iXlbACzEoRINBp3gWMgbDPELCgQnleuTSQPepWDSipzG8XIcDFWBPJIuUWsO9VjN417+y6wbNBVJPYkWS9yaufqRwQml17+MaJ2s3WTIH2GBQMaf6g+NmppauJje80Z\/UiOwtrBsmIjovapOgWu0wu3rdjdNOHTyTH+GOS3kP1046LCQ9v8qffQ2I8Ph4fUS9Kg0MF122xB6bYb6gA+xWtCPrA44Y\/h3MlTFu0dcttNXijN5NiJcEWZiwP\/HRsS2mU7qyWtPlhKooaRxGJ4HwU9YNtoKMyCGCnJwYdbj1\/boGPrmWkGTqvBS2AFIHnhE78utSdmgFfLmOEL68UVOWEFNdwKhn7zaP\/7H\/\/JWoEoizghDJl4ldcNvoWviAI8cM4wwqAVS5ycglUOeVmlvIbYull\/poD7t2cfD0A1JV4pZtqXUe1fvHt2gAPWxlOih\/9fNQDB4jykAkCPT7O2UsA0KSvxI81ogJ\/1TZTspqJadG4eActp6xtL8ZJWy7lVrJYTbgUW44lZB\/GrpTA5T7qo11\/iihyTwdmYmd8FEOCMRUyOwiTj9UPP2DNkjSwXTF0IwhLp1CmlwqC4KrOAwsHp32vq80Xv+IQlv6VnXS+9bytatf\/x\/PUBsIHMu5r1GlNCAE7FcnilB+cpvoWjIYHnAIktNeP9Qntdl+qsIMlsBHhWfXARtDRht74hFLc2AFR+NZAt5IGNQQApkEyZ2wC5Bs\/9oUd0I4kI+bMr6M9fb9bNVV5F8C380fJkO3S\/0d87An4\/Cb6Dh9\/k4k+ITbP+GsgaL1MBA8Y6YlZKXNJ1us6C3ngh6n+HM0AehBj3FMhUqfk4cSjTjF1uHoYFtK81E5\/05Ij9dv0Zn+nTHMZg4groNUTvU\/VJ2DekfGD9SeZdCEhJZUt+spUUpCoD5cOM5JL29reNf\/pNL3yDbyllT7J8cCKTuG\/lk+WvwFT5AC\/AqF2YMu88FRM8QzeVUmNJUhSt+Eju6VXIc+u0Wx3J+69qNOlzrieP9AEZEr7fUsK55VieHe6mCkmOm\/QV3xOkL901PG3ZHZixT5KPzgD\/yhozndoVquTqUIobXm1Mub7hc5WYl3dEC1foTmrDSJrgF281RcQcKAis4YWpnRzxVet+JTl1bChkpdpYiVei0yVCPiyCihuhNaTPEH8gF7u4YueYa8Ro\/1Nbk+FD+B3LNejq+HtS\/GY9BA9FzhzK88hmbD8jBSWPv5uCyI0YENjP6uk0qhMRWAGUeBNXRp5jw\/MlA+61qMq\/dRpowhOy5ymqXtVLPb6Qv9jJUtQhNV9\/kefewFO0JUdBymdfARODm8TgcAU3rtu5RjafFSQmAC23xSW9evbx6AzV9IqDF4EeUVMYMgYptM8j9bwlg0ifL1Wyc6iOeR0D56cXUu33eUfXb3nHNk+BrayQGLu+U4dU9oJvUn7qzoMQ6M3MMzDfnYMUswktwhICxNJ6UjBi7Lur+R\/GgZBmGQjUnFKM5F0eiXodZD2MZSQYp15yr8bRnGQT90\/dcG\/BBRsF+MBJBZPNXjqkmI72OifZPBMPReHCAktIQ1+Q\/k1fOs83PiFDlBSgFvzONkEqNOq0VM5hLXXRV5Jlkm6BKjJmqxCgU1b5WuxPQpjQraMsP0G1fE0Pg6htEbkbWhqq25zcgsL1jYgv6Roiqh8RMxe4GLqxi1QQJ4657gadOD7snRaGjWQc5mF5J6EjKy1PqgR9c9f\/\/txQIkHYtol84U5Tw7KuMRtRe+YLRH4A78igZxr63wWQcaCAyR72orzmjJfPLYPhQITN3GHP1RktRnj\/k4mxAF34Ij0vRglmTgVyjQbdejBK7frBiBzH8gQUj1TFzFy+d4edtx2HJHaG8CqHjmKCwzBeaetsn+hnEafo2ZPA7SsVk70dCFEVFDzULF6D6WBrFICnSOs0r4DMCrpoXaJTWRU2l0iJq3lqrk9G5mflglMjenIKYfjMHLdP1EuZnMW3cDBCHCuntLgT9tLIUnRuCHRpNs2CddKw1gZZCe6pvJ1Oe3MuuiLY0movHN3vCk50pgMAhcPB6ktzNY9DjIDCBR2yIn0us0X0zlgSZjZ0OyB1UK0E8D6izvINsyuIoBICD2zLb96Lj+Rjrr8HIMU56oyMVUgEDDXTfdt+aFDrVnbRJ6tjKWV08eR4GDcYPbbLZ+xJeUuH3TKNJd2R5xjRKUjusPc0shpQSp1AJzDb3TKpdR7r1ghQ5J3QZ9ypglRUKEicwE7JKDHB2PYNf1W3hcAnqSNJq1Sw0RrFdJAgQmmi8hhBOh3WG2R6bmHoJUGvFD015c2ES+1X1eH4vhc2pK93tSZBpx7tYmHmHb7AsQIa0MC0e5WrNvebt26O1AGAJHhGWqk0wLCub9Z+zj3IDI4YGhsyIFFrK85y0swsnTFLtdRifr9GxULYS6JfmUaTHJJ+WspoQ61MB24r9TXzmuKzYzFy0MtTzimpTpeDb\/sBbo7Dlki9HQHREp3jYK+s1l\/rNPWkTKtElaamKbehzLKT3EJ9ggg0vS2cUo2WZsZN8ULkaPSQ0JrryEa0XcySIgGNF8Af9XF\/t\/DMBPyyUEmAJ8V9\/n79X2\/P3mbtkMnh3BvKVbRKz4yuhyuRZ9Kgsr4htFJVYFc2fP13xLxFY30oH+u2skkZhnZl6SJUKCONiMR11EMLaxs6sOzLTGD16uWdKrHTtG\/7lxwtpDQYluY26y9pU6mGoxBkPwHJvaLgKSpbc7xkIOfrejT1GSMtZU7fY1h2j04Qr+tNN5YMeW\/sLE2EM\/ApXvX6c5Y+PqdTHHqP00RTVW2GNm1rA7OVgqm5eY7SMmdjuFjgpUmvh5sO3q\/xKpMsuZVOG1ZyWAoi\/rekd0u5rNlcCAECUrKGgcCqy2PZ7O\/Ck9kYBUoHsm+VyBJNqnq9\/hJSKbVoRnSzmKZopmJB8D8UEa9OtYPpcA4AWvMKMYmlsYIZH3gn6w8TVD5wILfgdGslIQDPZvt86oLILsvUMbAHzFcXaancA6XETQaNoismo9sRB\/YzhB6BLEhMWU6qmjQ5H\/zCJOJl3whzTQtCqSUxbvMZOg44gdcRnPAlCh5dhxiZbUMkEwymb277sO02SzKe6oVYq64BZwOPu74yN\/0cpkdLmJtFlBl9Ww4A7FlJYrf+iuM9heBfdbUJ6e4lCbTxs3KYpBKXMjlkp8B\/HH7y6bJHz+pi0y+J38GGqfNhC8Ep6dEn5F5EXNJtsJVyLFM86VKkM0kSf7ghXmJdBfc01o3HcTZuzVH4lHgvwTpLV9l88r2141LcakY3tsm\/z0zBm7gBJhvNtsnjU29ruf+JXmpOTDTKmiCPc2ITJBvO043vIUeuQoBhyQIwYPQ9z1lbONjJ\/QJ9OOwTkD90Q9dsz4e4m9CbRBEdU579jnpUlSbPI8J418+g8O36C6KdcuZjw5XTnZ5Ti3bRpdp+R2\/Nm29ji6E90DmC74bxmGDlji2NzFTPPO9eET3xBuQYb2mmqTXv8QgVyaSvS\/FooBXjsRbHB0ybnhOZ9EZnXS6iKgkiaXmvOYBOzMjlxUevaoim9Eg7lTtFbvHKG5vTEm2j7+8mL7czb5kKr9ASyt7cyKzaIcckvXbE9HCPMEjlTQwSj8h9c6M7kvYzneZsIatBvllo3zZYzh99bPoLygZ1AVDAs5yZ7rDHC7mUY5HbvvwSwIz0yEufVX7f9xz1zdCgRy\/beo5fgcLSNIx\/xVGbmcvN4lNeLyCjGQcdhpnzznq\/ZuTyVnCYyMA\/+CVBcskBI1gdnr+RvJNbyt7nw4ioZwzYtbPD7fzISv675eStA2OhFNitpnzTqyW8bWUsp\/Yp+FIJJmgSKJbIe7o\/20AwAGDDvMjIvmirzUI+3S5KtUjkcpluKodbecertY2lJJeK+goxkOF1ypDE5rv0sEEsb0E5Ty7JysOflDBfiv4C9xLBsllRjUhQupj+gpaFLEuxNneqA6BC7OfVD0EC2KSu1e32+61drTQgVkN99JPxxAdc6sG\/qIvcteF87RzezF2ezCnzDJd32o3cNU64j8xF4qjGi9x41r9vsmhIs7JhPjnM186sm9bUYWwAc6VFetJzLrXnKU3eoBawE7xgMDgzyoTcr1wgLmxxVd1CBafhwzDkZObkc4KuFkmqGGgJodg+p35FS5lGmjLk10k\/UALTlJNu\/ZnLNf2JTRD35v3d7XMzlXiFja0HQkrPvGEcNyhJEyzWOU5rcpE7yyVzeHP\/7N1B8p78zVhCn2Un7NDbY\/9S3O84h0aSGg6khEDU\/o\/3KGXIBQc867B3j\/kZ\/+hhaDzH3dR4cqlT\/oxLadaRfCSlB1YfytehVAcZSPr0aOrzC5IbA5iRsH+rZkMOn1SeSloGvgccK258308P\/K6qLZLKTqDhs3fNnQZJkCY9Y73hZIaSb1fYcYpEek5LGBvjhr89urBSy\/Oc5g2cAR3pPW9Me7qSsj3q1GYiS\/OwBxANMub5gNP0LJaSEeEYYJiwfj0wUprhZrvicPLYXwX8Hw==\" \/> \t\t<a href=\"https:\/\/www.pdf24.org\" target=\"_blank\" title=\"www.pdf24.org\" rel=\"nofollow\"><img src=\"https:\/\/www.hohenlohe-ungefiltert.de\/wp-content\/plugins\/pdf24-post-to-pdf\/img\/pdf_32x32.png\" alt=\"\" border=\"0\" height=\"32\" \/><\/a> \t\t<span class=\"pdf24Plugin-cp-space\">&nbsp;&nbsp;<\/span> \t\t<span class=\"pdf24Plugin-cp-text\">Sende Artikel als PDF<\/span> \t\t<span class=\"pdf24Plugin-cp-space\">&nbsp;&nbsp;<\/span> \t\t<input class=\"pdf24Plugin-cp-input\" style=\"margin: 0px;\" type=\"text\" name=\"sendEmailTo\" placeholder=\"Emailadresse\" \/> \t\t<input class=\"pdf24Plugin-cp-submit\" style=\"margin: 0px;\" type=\"submit\" value=\"Senden\" \/> \t<\/form> <\/div>","protected":false},"excerpt":{"rendered":"<p>Im Landhotel Kirchberg sprach die Europaabgeordnete Heide R\u00fchle (Gr\u00fcne) vor kurzem bei der Festveranstaltung &#8222;25 Jahre Unabh\u00e4ngige Gr\u00fcne Liste Kirchberg\/Jagst&#8220;. Hohenlohe-ungefiltert hat mit Heide R\u00fchle in den Tagen danach ein schriftliches Interview zur Europapolitik gef\u00fchrt. Aus Zeitgr\u00fcnden beantwortete Heide R\u00fchle die umfangreichen Fragen nicht auf einmal, sondern in zwei Etappen. Teil 1 dieses Interviews, ist [&hellip;]<\/p>\n","protected":false},"author":3,"featured_media":0,"comment_status":"open","ping_status":"open","sticky":false,"template":"","format":"standard","meta":[],"categories":[],"tags":[],"_links":{"self":[{"href":"https:\/\/www.hohenlohe-ungefiltert.de\/index.php?rest_route=\/wp\/v2\/posts\/1920"}],"collection":[{"href":"https:\/\/www.hohenlohe-ungefiltert.de\/index.php?rest_route=\/wp\/v2\/posts"}],"about":[{"href":"https:\/\/www.hohenlohe-ungefiltert.de\/index.php?rest_route=\/wp\/v2\/types\/post"}],"author":[{"embeddable":true,"href":"https:\/\/www.hohenlohe-ungefiltert.de\/index.php?rest_route=\/wp\/v2\/users\/3"}],"replies":[{"embeddable":true,"href":"https:\/\/www.hohenlohe-ungefiltert.de\/index.php?rest_route=%2Fwp%2Fv2%2Fcomments&post=1920"}],"version-history":[{"count":9,"href":"https:\/\/www.hohenlohe-ungefiltert.de\/index.php?rest_route=\/wp\/v2\/posts\/1920\/revisions"}],"predecessor-version":[{"id":1955,"href":"https:\/\/www.hohenlohe-ungefiltert.de\/index.php?rest_route=\/wp\/v2\/posts\/1920\/revisions\/1955"}],"wp:attachment":[{"href":"https:\/\/www.hohenlohe-ungefiltert.de\/index.php?rest_route=%2Fwp%2Fv2%2Fmedia&parent=1920"}],"wp:term":[{"taxonomy":"category","embeddable":true,"href":"https:\/\/www.hohenlohe-ungefiltert.de\/index.php?rest_route=%2Fwp%2Fv2%2Fcategories&post=1920"},{"taxonomy":"post_tag","embeddable":true,"href":"https:\/\/www.hohenlohe-ungefiltert.de\/index.php?rest_route=%2Fwp%2Fv2%2Ftags&post=1920"}],"curies":[{"name":"wp","href":"https:\/\/api.w.org\/{rel}","templated":true}]}}