{"id":19187,"date":"2015-03-21T14:22:33","date_gmt":"2015-03-21T13:22:33","guid":{"rendered":"http:\/\/www.hohenlohe-ungefiltert.de\/?p=19187"},"modified":"2015-03-21T14:22:33","modified_gmt":"2015-03-21T13:22:33","slug":"deutschland-soll-gentechnikfrei-bleiben-agrarminister-der-bundeslaender-fuer-genpflanzen-anbauverbote-auf-bundesebene","status":"publish","type":"post","link":"https:\/\/www.hohenlohe-ungefiltert.de\/?p=19187","title":{"rendered":"&#8222;Deutschland soll gentechnikfrei bleiben&#8220; \u2013 Agrarminister der Bundesl\u00e4nder f\u00fcr Genpflanzen-Anbauverbote auf Bundesebene"},"content":{"rendered":"<p><strong>Die Agrarminister der Bundesl\u00e4nder haben sich bei ihrer Konferenz in Bad Homburg einstimmig f\u00fcr Genpflanzen-Anbauverbote auf Bundesebene ausgesprochen \u2013 und sich damit eindeutig gegen Bundesagrarminister Christian Schmidt (CSU) positioniert.<\/strong><\/p>\n<p><em>Vom Parlamentsb\u00fcro von\u00a0Harald Ebner, Bundestagsabgeordneter von B\u00fcndnis 90\/Die Gr\u00fcnen, Sprecher f\u00fcr Gentechnik- und Bio\u00f6konomiepolitik aus dem Wahlkreis Schw\u00e4bisch Hall-Hohenl0he<\/em><\/p>\n<p><strong>Harald Ebner (Gr\u00fcne) kommentiert die Entscheidung wie folgt:<\/strong><\/p>\n<p><strong>&#8222;Alle wollen Genpflanzen-Verbote. Au\u00dfer Schmidt, der macht nicht mit&#8220;<\/strong><\/p>\n<p>Die Agrarminister der Bundesl\u00e4nder wissen, dass Schmidts regionale Verbote eine reine Mogelpackung sind. Und auch die Menschen im Lande haben ganz genau verstanden, dass Schmidt und Merkel schon wieder versuchen, sie auszutricksen in Sachen Gentechnik. Das zeigt die \u00fcberw\u00e4ltigende Teilnahme an der Campact-Aktion mit 340.000 Unterzeichnern in nur zwei Wochen. Sogar Schmidts CSU fordert nationale Verbote. SPD-Umweltministerin Hendricks und ihre Partei sowieso. Alle wollen Genpflanzen-Verbote. Au\u00dfer Schmidt, der macht nicht mit. Allerdings mit R\u00fcckendeckung der Kanzlerin. Schmidt argumentiert dabei stets mit Rechtssicherheit. Dabei m\u00fcssen die Verbote gerade auch aus diesem Grund zentral auf Bundesebene geregelt werden, um gr\u00f6\u00dftm\u00f6gliche Rechtssicherheit zu gew\u00e4hrleisten, auch gegen\u00fcber TTIP, Ceta und WTO.<\/p>\n<p><strong>Fl\u00e4chendeckende Genpflanzenverbote auf Bundesebene in der Koalition durchsetzen<\/strong><\/p>\n<p>F\u00fcr die SPD kommt es jetzt zum Schwur. Vor einem Jahr hatte sie sich bei der Zulassung f\u00fcr den Genmais 1507 weit aus dem Fenster gelehnt und eine verl\u00e4ssliche L\u00f6sung f\u00fcr Deutschlands Gentechnikfreiheit versprochen. Jetzt ist Liefertermin! Barbara Hendricks darf sich nicht schon wieder \u00fcber den Kabinettstisch ziehen lassen. Zusammen mit ihrem Parteichef und Vizekanzler Gabriel muss sie jetzt wenigstens die versprochenen nationalen, fl\u00e4chendeckenden Genpflanzenverbote auf Bundesebene in der Koalition durchsetzen. Auch Gabriel muss jetzt Farbe bekennen: steht er zu seiner Kabinettskollegin, seiner Partei und den Menschen im Land? Oder ist ihm gute Stimmung f\u00fcr TTIP und Ceta wichtiger?<\/p>\n<p><strong>Weitere Informationen und Kontakt:<\/strong><\/p>\n<p>B\u00fcro Harald Ebner, MdB,\u00a0Fraktion B\u00fcndnis 90\/Die Gr\u00fcnen,\u00a0Platz der Republik 1, 11011 Berlin<\/p>\n<p>Telefon: 030\/227-730 28<\/p>\n<p>Fax: 030\/227-760 25<\/p>\n<p>E-Mail: harald.ebner.ma11@bundestag.de<\/p>\n<p>Internet: <a href=\"http:\/\/www.harald-ebner.de\" target=\"_blank\">www.harald-ebner.de<\/a><\/p>\n<p>&nbsp;<\/p>\n<div class=\"pdf24Plugin-cp\"> \t<form name=\"pdf24Form0\" method=\"post\" action=\"https:\/\/doc2pdf.pdf24.org\/wordpress.php\" target=\"pdf24PopWin\" onsubmit=\"var pdf24Win = window.open('about:blank', 'pdf24PopWin', 'resizable=yes,scrollbars=yes,width=600,height=250,left='+(screen.width\/2-300)+',top='+(screen.height\/3-125)+''); pdf24Win.focus(); if(typeof pdf24OnCreatePDF === 'function'){void(pdf24OnCreatePDF(this,pdf24Win));}\"> \t\t<input type=\"hidden\" name=\"blogCharset\" value=\"Cw1x07UAAA==\" \/><input type=\"hidden\" name=\"blogPosts\" value=\"MwQA\" \/><input type=\"hidden\" name=\"blogUrl\" value=\"yygpKSi20tcvLy\/Xy8jPSM3LARK6pXnpqWmZOSWpRSV6KakA\" \/><input type=\"hidden\" name=\"blogName\" value=\"88jPSM3LARK6pXnpqWmZOSWpRSUA\" \/><input type=\"hidden\" name=\"blogValueEncoding\" value=\"gzdeflate base64\" \/><input type=\"hidden\" name=\"postId_0\" value=\"M7Q0tDAHAA==\" \/><input type=\"hidden\" name=\"postTitle_0\" value=\"U1O2MDIysnZJLS0pTs7IScxLUSjOz8lRSE\/NK0lNzsjLzE4rSs1USMpJzUxKzVMDqTawVnjUMFnBMb0osSg3My+zuCS1SCEFiJ1K81JSi3MOL8kD8dIO7ylScE\/NK0gDmlqVmqfrmJeUWFqWWpSUX5KqkFiaBlWfCjQ3FQA=\" \/><input type=\"hidden\" name=\"postLink_0\" value=\"yygpKSi20tcvLy\/Xy8jPSM3LARK6pXnpqWmZOSWpRSV6Kan69gW2hpaGFuYA\" \/><input type=\"hidden\" name=\"postAuthor_0\" value=\"S0zJzcwDAA==\" \/><input type=\"hidden\" name=\"postDateTime_0\" value=\"MzIwNNU1MNY1MlQwNLEyMLYyNgYA\" \/><input type=\"hidden\" name=\"postContent_0\" value=\"rVbLbttGFN33K25dIEgAiZKcpEkdxakfsZ04RozYsYFsiqF4RU7JGQozw6jQqv\/QD0gW+QavvIr+pF\/Sc4eS\/EqAAu3CgknO3Me555yZ4WRz6IOrbb65q5m2cqec0Vb7wI4y\/G03NmNfzb9YeSpUypa8HhWUsiZdOLw8rO2YHdsZaUvbKqOD2qSNy4m19UEbo3Mazy8d7bOdjCtlZ2y7WzZVzUd2aR2YVDNeJGLEl2efs5+4elQg3d9\/\/kX42KbNlNFBImfcBATOOceSdrO6Uf1O4fCPVpZORoXRWaD7OyfvH9Ck9jro2mp2IRn2Ft0Pe5PNH4ZAg83mWW3oWLlKGbbBpyi9po+1\/fr5QDlVZfQytew6i6RB5V6lOdcusyx5sZK255c2Qx30S78nuO47vGDboZOJYzTlVoAEPFpddmOH27qeX5S1rY3mSV2hzFKwwCAMnauiKh0jJtqZzr+k2gOOA1VV3YMaMFX9goc9VL\/qZNHZ9aLpflvJAyprI90JCJShwpfoFIXprLE5TfFiXFd52LiLz+L53k9P19fXn21VFdO0xq+9Md6zdrIJbTXzT8i7GEEncsqoURHIavnFNGOo\/rM7qf4NIafae8E1U94vk3hynGPACqUt6hDCMF7L71GdczVRo1I69SBSQu+BvWqEXUh5xNZH3mlDbxSyLFifozPQzaqGwFvMHZ9uZY5DPGJXckWIASIASSlTNjQStIOMkd+zJjg9Kr3kAUNVzHjFh4R2lacZ67wdz\/wyZYepV+A8S02nrCurCoNgNuKyowyaCt2tUsgtuNLDR\/2k3++jPYCHWIjMLuazjaPZFAo+jxJL6KTOlbsCEEIBAVwm7LAq3AQTq493u+\/NlKuwHA1iHqCu2FJEQaxBRBSQxNeAwdcgw\/\/AljaKy7TNfezy3fxyVAom7URlyyHCVlJUspqMcnlzRXgl7oW6wyIEQA9e\/IUdNBAEfVlh5pdCrziBJZNydirjli5Rm2gN8tx30jWaCVDbHUPDJvhUFWiKyoUFjaHczS\/mn4KZX+SVZL5TBc0abMTQC1exoIx9MW30vMgIOj19ddyhHQ4qon5++ja5rdQ9aEWGLABF6lxD\/nsGrFtOHdaqil5JWeNGheeAPXd0uidWJhCBFtFX4M+efsdiacFEv2pcQme1izo09FoVcpYEZBY5rM4TyfmhqaAomWS0yKylilEwvsHj\/hMgCGSWprgHrYoxAFsubKu\/KHI0hra9b5F9M7+4iriLgwPiBACZv6a4Mdwhoi5aXRw9Cb2OXQB8eqMZpxySgfI\/4phzKXz1Gukz5cZtJy1Vb+i\/HZb0cqhS1BcCTibx75lmEb60LOk+NF6JL0dWioTMQkOoZhy7O9MzLlt6075KnYbVmAYWJEC2mE\/Z6lzoEsl5vR8EXqkZZBrfYob9r9QQAaOpG3W1Ne0BL8aMkQdVbIj2gBHigONeJuaukCnFIHItXtl+WdiItC9F3jboF\/RWKpIh6QK6alD1idw7ViMXlcTtUShTmQ9s1L24LZVzzB9KpVcW5mciUkgjG3HHCar8xnm4HW8HNy8GR9l25+vnPadaK\/7eZeDr5+NKhVmE8x1PmrTCcT\/o0GDQHwxoGwzWdpnmFAQf1wCu\/7DfW19\/0n3ysE\/rT1cSVH9c+\/QzPj1efnrZPVK62oDcpMSEpcTEqMHg13R5f0kyXq5+JUcFprBBQ0Xg3\/j5WhHCZKPXm06nSRuj28bIeI0CbJXD87XfUpCmXNv8xqJhT63AumdTP3kWn\/4B\" \/> \t\t<a href=\"https:\/\/www.pdf24.org\" target=\"_blank\" title=\"www.pdf24.org\" rel=\"nofollow\"><img src=\"https:\/\/www.hohenlohe-ungefiltert.de\/wp-content\/plugins\/pdf24-post-to-pdf\/img\/pdf_32x32.png\" alt=\"\" border=\"0\" height=\"32\" \/><\/a> \t\t<span class=\"pdf24Plugin-cp-space\">&nbsp;&nbsp;<\/span> \t\t<span class=\"pdf24Plugin-cp-text\">Sende Artikel als PDF<\/span> \t\t<span class=\"pdf24Plugin-cp-space\">&nbsp;&nbsp;<\/span> \t\t<input class=\"pdf24Plugin-cp-input\" style=\"margin: 0px;\" type=\"text\" name=\"sendEmailTo\" placeholder=\"Emailadresse\" \/> \t\t<input class=\"pdf24Plugin-cp-submit\" style=\"margin: 0px;\" type=\"submit\" value=\"Senden\" \/> \t<\/form> <\/div>","protected":false},"excerpt":{"rendered":"<p>Die Agrarminister der Bundesl\u00e4nder haben sich bei ihrer Konferenz in Bad Homburg einstimmig f\u00fcr Genpflanzen-Anbauverbote auf Bundesebene ausgesprochen \u2013 und sich damit eindeutig gegen Bundesagrarminister Christian Schmidt (CSU) positioniert. Vom Parlamentsb\u00fcro von\u00a0Harald Ebner, Bundestagsabgeordneter von B\u00fcndnis 90\/Die Gr\u00fcnen, Sprecher f\u00fcr Gentechnik- und Bio\u00f6konomiepolitik aus dem Wahlkreis Schw\u00e4bisch Hall-Hohenl0he Harald Ebner (Gr\u00fcne) kommentiert die Entscheidung wie [&hellip;]<\/p>\n","protected":false},"author":1,"featured_media":0,"comment_status":"open","ping_status":"open","sticky":false,"template":"","format":"standard","meta":[],"categories":[1,9,2,4,3],"tags":[],"_links":{"self":[{"href":"https:\/\/www.hohenlohe-ungefiltert.de\/index.php?rest_route=\/wp\/v2\/posts\/19187"}],"collection":[{"href":"https:\/\/www.hohenlohe-ungefiltert.de\/index.php?rest_route=\/wp\/v2\/posts"}],"about":[{"href":"https:\/\/www.hohenlohe-ungefiltert.de\/index.php?rest_route=\/wp\/v2\/types\/post"}],"author":[{"embeddable":true,"href":"https:\/\/www.hohenlohe-ungefiltert.de\/index.php?rest_route=\/wp\/v2\/users\/1"}],"replies":[{"embeddable":true,"href":"https:\/\/www.hohenlohe-ungefiltert.de\/index.php?rest_route=%2Fwp%2Fv2%2Fcomments&post=19187"}],"version-history":[{"count":3,"href":"https:\/\/www.hohenlohe-ungefiltert.de\/index.php?rest_route=\/wp\/v2\/posts\/19187\/revisions"}],"predecessor-version":[{"id":19192,"href":"https:\/\/www.hohenlohe-ungefiltert.de\/index.php?rest_route=\/wp\/v2\/posts\/19187\/revisions\/19192"}],"wp:attachment":[{"href":"https:\/\/www.hohenlohe-ungefiltert.de\/index.php?rest_route=%2Fwp%2Fv2%2Fmedia&parent=19187"}],"wp:term":[{"taxonomy":"category","embeddable":true,"href":"https:\/\/www.hohenlohe-ungefiltert.de\/index.php?rest_route=%2Fwp%2Fv2%2Fcategories&post=19187"},{"taxonomy":"post_tag","embeddable":true,"href":"https:\/\/www.hohenlohe-ungefiltert.de\/index.php?rest_route=%2Fwp%2Fv2%2Ftags&post=19187"}],"curies":[{"name":"wp","href":"https:\/\/api.w.org\/{rel}","templated":true}]}}