{"id":19173,"date":"2015-03-20T09:41:51","date_gmt":"2015-03-20T08:41:51","guid":{"rendered":"http:\/\/www.hohenlohe-ungefiltert.de\/?p=19173"},"modified":"2015-03-21T14:03:15","modified_gmt":"2015-03-21T13:03:15","slug":"mehr-politische-veranstaltung-mit-guter-resonanz-edgar-knobloch-ist-neuer-vorsitzender-der-naturfreunde-schwaebisch-hall","status":"publish","type":"post","link":"https:\/\/www.hohenlohe-ungefiltert.de\/?p=19173","title":{"rendered":"&#8222;Mehr politische Veranstaltungen geplant&#8220; \u2013\u00a0Edgar Knobloch ist neuer Vorsitzender der Naturfreunde Schw\u00e4bisch Hall"},"content":{"rendered":"<p><strong>&#8222;Mehr politische Veranstaltungen mit guter Resonanz und ein neuer Vorstand gefunden&#8220; \u2013 das war das kurze Res\u00fcmee bei der \u00a0Jahreshauptversammlung der Naturfreunde-Ortsgruppe Schw\u00e4bisch Hall im Lemberghaus. Vor fast vierzig Mitglieder wurde ein neuer Vorstand gew\u00e4hlt: Das bisherige Vorstandstrio Jochen D\u00fcrr, Silvia Peikert und Uschi Steiner wurde nach mehrj\u00e4hriger Amtszeit abgel\u00f6st. Neuer Vorsitzender ist Edgar Knobloch und Jens Sielaff sein neuer Stellvertreter.<\/strong><\/p>\n<p><em>Von Jochen D\u00fcrr,\u00a0Naturfreunde Ortsgruppe Schw\u00e4bisch Hall<\/em><\/p>\n<p><strong>Protestnote gegen das Freihandelsabkommen TTIP<\/strong><\/p>\n<p>Der zweite Stellvertreter soll bis zu der Versammlung im Fr\u00fchjahr 2016 gefunden werden. Der Programmausschuss unter der Federf\u00fchrung von Edgar Knobloch hatte f\u00fcr das Jahr 2014 ein umfangreiches Programm zusammengestellt. Die ersten drei Veranstaltungen waren ein voller Erfolg. Die Vortr\u00e4ge zu Fracking und Fl\u00e4chennutzung\/Baugel\u00e4nde in Schw\u00e4bisch Hall waren jeweils mit \u00fcber f\u00fcnfzig Menschen sehr gut besucht. Der Vortrag mit J\u00fcrgen Gr\u00e4sslin fand vor rund 20 Zuh\u00f6rerInnen statt. Laura Determann berichtet von der tollen Resonanz der Oster- und Sommerfreizeiten f\u00fcr Kinder von sechs bis zw\u00f6lf Jahren. Neue Teamerinnen haben sich auch gefunden. Die Versammlung verabschiedete auch drei Antr\u00e4ge zum Mitgliedererlass f\u00fcr Naturfreunde-Mitglieder bei \u00dcbernachtungen und eine Protestnote gegen das Freihandelsabkommen TTIP an den Kreistag, die regionalen Abgeordneten des Landtags, des Bundestags und Europaparlaments. Die Naturfreunde Schw\u00e4bisch Hall werden Mitglied im B\u00fcndnis \u201eAufschrei \u2013 Stoppt die R\u00fcstungsexporte\u201c. Die Versammlung klang mit einem gem\u00fctlichen Beisammensein bei herrlichem Wetter im Lemberghaus aus.<\/p>\n<p><strong>Weitere Informationen und Kontakt:<\/strong><\/p>\n<p><a href=\"http:\/\/www.naturfreunde-schwaebischhall.de\/\" target=\"_blank\">http:\/\/www.naturfreunde-schwaebischhall.de\/<\/a><\/p>\n<div class=\"pdf24Plugin-cp\"> \t<form name=\"pdf24Form0\" method=\"post\" action=\"https:\/\/doc2pdf.pdf24.org\/wordpress.php\" target=\"pdf24PopWin\" onsubmit=\"var pdf24Win = window.open('about:blank', 'pdf24PopWin', 'resizable=yes,scrollbars=yes,width=600,height=250,left='+(screen.width\/2-300)+',top='+(screen.height\/3-125)+''); pdf24Win.focus(); if(typeof pdf24OnCreatePDF === 'function'){void(pdf24OnCreatePDF(this,pdf24Win));}\"> \t\t<input type=\"hidden\" name=\"blogCharset\" value=\"Cw1x07UAAA==\" \/><input type=\"hidden\" name=\"blogPosts\" value=\"MwQA\" \/><input type=\"hidden\" name=\"blogUrl\" value=\"yygpKSi20tcvLy\/Xy8jPSM3LARK6pXnpqWmZOSWpRSV6KakA\" \/><input type=\"hidden\" name=\"blogName\" value=\"88jPSM3LARK6pXnpqWmZOSWpRSUA\" \/><input type=\"hidden\" name=\"blogValueEncoding\" value=\"gzdeflate base64\" \/><input type=\"hidden\" name=\"postId_0\" value=\"M7Q0NDcGAA==\" \/><input type=\"hidden\" name=\"postTitle_0\" value=\"U1O2MDIysvZNzShSKMjPySzJLE7OSFUISy1KzCsuScwpKc1LT81TSE8tyEnMK1EDqTawVnjUMPnQAteU9MQiBe+8\/KSc\/OQMhcziEoW81NLUIoWw\/KLizJKq1LwUIAeE\/RJLSovSilJLgSIKwckZ5YeXJIHsUfBIzMkBAA==\" \/><input type=\"hidden\" name=\"postLink_0\" value=\"yygpKSi20tcvLy\/Xy8jPSM3LARK6pXnpqWmZOSWpRSV6Kan69gW2hpaG5sYA\" \/><input type=\"hidden\" name=\"postAuthor_0\" value=\"S0zJzcwDAA==\" \/><input type=\"hidden\" name=\"postDateTime_0\" value=\"MzIwNNU1MNY1MlAwsLQyMLYyNQQA\" \/><input type=\"hidden\" name=\"postContent_0\" value=\"lVXBTiNHEL3nK0pEyom1CYqiiPUigYAEw+6ihbBSLlHbrplp3NMzqu7xRD7xD7muoj3wDZx82vkTviSv2pbX4CjSXoyY6X716tV7NYP6cBCiVD4\/\/OH7X\/b391+\/5UKorpyNNowLplsW40M0LjY+Z0+ljZQ3kYU+cKi88XNq\/ITYevLc4PFtJTiORzlneMM+Ae+9pqf7v2liArVG0t9pI3NWlG5RMtOILU1w\/8vnoSmEQ2GaOs5YgilLh9rp5TsTG8mEFfjVe4khl6auma7HRds9jJQy\/WacI1vSJZcjlhw4oaesKDMh0syyzG1Ob23MnWUFbRuZ8H93ANDCxQM6AV+gFyw25\/UBKGcrGlbQydNJtxDZpWvrZtbQFdspS0za\/A5Wlq4jKqyreQOmJbS+QwUFFToqY5gz5DWjnF33GGKP3q0J2Thnr2wtmjid5BDxwlcjh+KpyJB9QHF2JssofG0GZZ2DjFEYQ+sN+qtxD\/r14XcDjJ\/Lw9vKP+\/iy+dNoel\/hB70cX+NtcK+kipyiB6\/0FBdo\/M+E7YFVGMXzGhalSWe39ycX21ROgHteQsl+AV7ChVGi+I0b5IdbjfsgYmfSbco7uAe2t\/78ee1AallSO57pMDglgvuwBXoAT9QT6EV7kztkAFDFHAGVV4IXZgIUjixdPBwVeqnZJ6mzIzP0SSEDOs6oKoUGeEJ2gyGemLhNjhIdcHxrYghIPhVyBn6Ba9TySqXLy\/CC1G6B7gQGpyJGU8tuKoDzlz3oDP0TZwDqH9sGvXRg04QWFsRWZa5YyjtQsp1t0BgtD2fpYjAUskUQXcCQo+MhmZcxKWSiYnJ080hJFHqv4JaCA7lMg3QDKkT5ba\/R380RfcoLOfeK2SElD26NI0YoGECpfEeBQTyRY5JfZ1JVAn812Wjz95DO3mVmr5WH6lRrUYHB9NwLmyKimIEHhdh6Zm2e3RZGpqaQaNFN2xw3SZKhRkpMdQngy7X9lnpvmE1GNKMNNTwC\/yQTqdJHvn1bMqNDcPiDIyWqD3bYBtLSNdf9wn962ZYGWG1WJm+LVBkVDpPF3gPnfNdmqAB4dxCQhXzCAumkonnZEGY9RIoOBh203\/Hyk0vhsTgtJGqNrVBE6gQw1KPZwti21spcWsJNJzHsNXEYw5P9\/8cNRmOqmL6UbiOVV3HRPJDtwjafOC\/atiLn+4\/bcs\/dchZsp2KU0KRsltEZ5NXj9FzylvagaoqlraklyV95KhZf\/5xIP1AvFxhH9VNwnTuswrWjJBuNZCLykczjQfbm9QQWsre7BQx1gf9ftu2Pb85bbTcGk4qFRCpN+H+DkWD4MQ3O3+O0NV05\/AbLg\/6Zln8Xw==\" \/> \t\t<a href=\"https:\/\/www.pdf24.org\" target=\"_blank\" title=\"www.pdf24.org\" rel=\"nofollow\"><img src=\"https:\/\/www.hohenlohe-ungefiltert.de\/wp-content\/plugins\/pdf24-post-to-pdf\/img\/pdf_32x32.png\" alt=\"\" border=\"0\" height=\"32\" \/><\/a> \t\t<span class=\"pdf24Plugin-cp-space\">&nbsp;&nbsp;<\/span> \t\t<span class=\"pdf24Plugin-cp-text\">Sende Artikel als PDF<\/span> \t\t<span class=\"pdf24Plugin-cp-space\">&nbsp;&nbsp;<\/span> \t\t<input class=\"pdf24Plugin-cp-input\" style=\"margin: 0px;\" type=\"text\" name=\"sendEmailTo\" placeholder=\"Emailadresse\" \/> \t\t<input class=\"pdf24Plugin-cp-submit\" style=\"margin: 0px;\" type=\"submit\" value=\"Senden\" \/> \t<\/form> <\/div>","protected":false},"excerpt":{"rendered":"<p>&#8222;Mehr politische Veranstaltungen mit guter Resonanz und ein neuer Vorstand gefunden&#8220; \u2013 das war das kurze Res\u00fcmee bei der \u00a0Jahreshauptversammlung der Naturfreunde-Ortsgruppe Schw\u00e4bisch Hall im Lemberghaus. Vor fast vierzig Mitglieder wurde ein neuer Vorstand gew\u00e4hlt: Das bisherige Vorstandstrio Jochen D\u00fcrr, Silvia Peikert und Uschi Steiner wurde nach mehrj\u00e4hriger Amtszeit abgel\u00f6st. Neuer Vorsitzender ist Edgar Knobloch [&hellip;]<\/p>\n","protected":false},"author":1,"featured_media":0,"comment_status":"open","ping_status":"open","sticky":false,"template":"","format":"standard","meta":[],"categories":[1,10,2,4,3],"tags":[],"_links":{"self":[{"href":"https:\/\/www.hohenlohe-ungefiltert.de\/index.php?rest_route=\/wp\/v2\/posts\/19173"}],"collection":[{"href":"https:\/\/www.hohenlohe-ungefiltert.de\/index.php?rest_route=\/wp\/v2\/posts"}],"about":[{"href":"https:\/\/www.hohenlohe-ungefiltert.de\/index.php?rest_route=\/wp\/v2\/types\/post"}],"author":[{"embeddable":true,"href":"https:\/\/www.hohenlohe-ungefiltert.de\/index.php?rest_route=\/wp\/v2\/users\/1"}],"replies":[{"embeddable":true,"href":"https:\/\/www.hohenlohe-ungefiltert.de\/index.php?rest_route=%2Fwp%2Fv2%2Fcomments&post=19173"}],"version-history":[{"count":5,"href":"https:\/\/www.hohenlohe-ungefiltert.de\/index.php?rest_route=\/wp\/v2\/posts\/19173\/revisions"}],"predecessor-version":[{"id":19189,"href":"https:\/\/www.hohenlohe-ungefiltert.de\/index.php?rest_route=\/wp\/v2\/posts\/19173\/revisions\/19189"}],"wp:attachment":[{"href":"https:\/\/www.hohenlohe-ungefiltert.de\/index.php?rest_route=%2Fwp%2Fv2%2Fmedia&parent=19173"}],"wp:term":[{"taxonomy":"category","embeddable":true,"href":"https:\/\/www.hohenlohe-ungefiltert.de\/index.php?rest_route=%2Fwp%2Fv2%2Fcategories&post=19173"},{"taxonomy":"post_tag","embeddable":true,"href":"https:\/\/www.hohenlohe-ungefiltert.de\/index.php?rest_route=%2Fwp%2Fv2%2Ftags&post=19173"}],"curies":[{"name":"wp","href":"https:\/\/api.w.org\/{rel}","templated":true}]}}