{"id":19154,"date":"2015-03-18T13:26:38","date_gmt":"2015-03-18T12:26:38","guid":{"rendered":"http:\/\/www.hohenlohe-ungefiltert.de\/?p=19154"},"modified":"2015-03-18T13:26:38","modified_gmt":"2015-03-18T12:26:38","slug":"die-dunkle-seite-der-reformation-das-verhaeltnis-martin-luthers-und-des-protestantismus-zu-den-juden-steleneinweihung-in-crailsheim","status":"publish","type":"post","link":"https:\/\/www.hohenlohe-ungefiltert.de\/?p=19154","title":{"rendered":"&#8222;Die dunkle Seite der Reformation: Das Verh\u00e4ltnis Martin Luthers und des Protestantismus zu den Juden&#8220; \u2013 Steleneinweihung in Crailsheim"},"content":{"rendered":"<p><strong>Der Crailsheimer Reformationsweg w\u00e4chst um eine weitere Station. Am Donnerstag, 26. M\u00e4rz 2015, um 11 Uhr wird im Bereich der fr\u00fcheren Synagoge in der Adam-Wei\u00df-Stra\u00dfe (hinterm Hotel Post-Faber) eine Stele vorgestellt, die sich mit einem der dunkelsten Kapitel der Reformationsgeschichte befasst, dem Verh\u00e4ltnis Martin Luthers und des Protestantismus zu den Juden.<\/strong><\/p>\n<p><em>Von der Stadtverwaltung Crailsheim<\/em><\/p>\n<p><strong>Luther wollte Juden zun\u00e4chst bekehren<\/strong><\/p>\n<p>Luthers Haltung zur j\u00fcdischen Minderheit in Deutschland unterschied sich zun\u00e4chst deutlich von der strikten Ablehnung durch die mittelalterliche Kirche, die in ihnen vor allem die \u201eGottesm\u00f6rder\u201c sah. Luther erkannte die Juden als Glaubensgenossen Jesu an und trat ihnen zun\u00e4chst durchaus mit Offenheit und Sympathie entgegen. Allerdings verband er damit die Erwartung, dass die Juden zum christlichen Glauben finden w\u00fcrden, nun, nachdem er durch die Reformation von \u201eMissbr\u00e4uchen\u201c gereinigt worden war. Als sich diese Hoffnung nicht erf\u00fcllte, wandelte sich seine Haltung nach und nach in tiefen Hass gegen die Juden. In mehreren Schriften forderte er die Zerst\u00f6rung ihres Eigentums, ihre Vertreibung und die gewaltsame Ausl\u00f6schung aller Erinnerung an sie.<\/p>\n<p><strong>Vorgeschichte der Vernichtung der j\u00fcdischen Gemeinde in Crailsheim<\/strong><\/p>\n<p>Auch die Mitglieder der j\u00fcdischen Gemeinde in Crailsheim litten \u00fcber Jahrhunderte unter dieser religi\u00f6s begr\u00fcndeten Ablehnung und den daraus erwachsenden diskriminierenden Ma\u00dfnahmen. Der Antijudaismus aller christlichen Konfessionen lieferte im 19. und 20. Jahrhundert den antisemitischen Bewegungen reichlich Argumentationshilfen und geh\u00f6rt damit zur Vorgeschichte der Vernichtung der j\u00fcdischen Gemeinden in fast ganz Europa, auch in Crailsheim, in der Zeit des Nationalsozialismus (1933-1945).<\/p>\n<p><strong>Steleneinweihung am\u00a0Donnerstag, 26. M\u00e4rz 2015, um 11 Uhr:<\/strong><\/p>\n<p>Die neue Station, die elfte im Ablauf des Crailsheimer Reformationsweges, wird wieder mit einer kleinen \u00f6ffentlichen Veranstaltung vorgestellt. Sie beginnt am Donnerstag, 26. M\u00e4rz 2015, um 11 Uhr am ehemaligen Synagogenplatz. Alle Interessierten sind dazu eingeladen.<\/p>\n<p><strong>Weitere sechs Stationen folgen bis zum gro\u00dfen Reformationsjubil\u00e4um 2017<\/strong><\/p>\n<p>Mit der neuen Stele wird das Projekt \u201eReformationsweg\u201c zur H\u00e4lfte fertiggestellt sein. Weitere sechs Stationen werden bis zum gro\u00dfen Reformationsjubil\u00e4um 2017 folgen. Wie die meisten der anderen Standorte wurde auch die Realisierung von Station 11 durch eine gro\u00dfherzige Spende erm\u00f6glicht. Sie stammt von Dr. Konrad Wetzel.<\/p>\n<div class=\"pdf24Plugin-cp\"> \t<form name=\"pdf24Form0\" method=\"post\" action=\"https:\/\/doc2pdf.pdf24.org\/wordpress.php\" target=\"pdf24PopWin\" onsubmit=\"var pdf24Win = window.open('about:blank', 'pdf24PopWin', 'resizable=yes,scrollbars=yes,width=600,height=250,left='+(screen.width\/2-300)+',top='+(screen.height\/3-125)+''); pdf24Win.focus(); if(typeof pdf24OnCreatePDF === 'function'){void(pdf24OnCreatePDF(this,pdf24Win));}\"> \t\t<input type=\"hidden\" name=\"blogCharset\" value=\"Cw1x07UAAA==\" \/><input type=\"hidden\" name=\"blogPosts\" value=\"MwQA\" \/><input type=\"hidden\" name=\"blogUrl\" value=\"yygpKSi20tcvLy\/Xy8jPSM3LARK6pXnpqWmZOSWpRSV6KakA\" \/><input type=\"hidden\" name=\"blogName\" value=\"88jPSM3LARK6pXnpqWmZOSWpRSUA\" \/><input type=\"hidden\" name=\"blogValueEncoding\" value=\"gzdeflate base64\" \/><input type=\"hidden\" name=\"postId_0\" value=\"M7Q0NDUBAA==\" \/><input type=\"hidden\" name=\"postTitle_0\" value=\"FY1LCsJAEESvUiBkLVmJWZqVKIgB9wNpncZJB\/pDwJV38ArexJt4EsdNQT2oV81q07Zt1zNhDLkXwkDstZDiTNdZp+Q8yxZ9MlxI8+ddXNhwTOosOIRnUkPIWDeGk85O5kmcbQrDIyoW7KNm8\/9ad\/g+XxicCgmxLMQ55Ibq2mniYpl4+gE=\" \/><input type=\"hidden\" name=\"postLink_0\" value=\"yygpKSi20tcvLy\/Xy8jPSM3LARK6pXnpqWmZOSWpRSV6Kan69gW2hpaGpiYA\" \/><input type=\"hidden\" name=\"postAuthor_0\" value=\"S0zJzcwDAA==\" \/><input type=\"hidden\" name=\"postDateTime_0\" value=\"MzIwNNU1MNY1tFAwNLYyMLYytgAA\" \/><input type=\"hidden\" name=\"postContent_0\" value=\"nVbLbhtHELznK\/poAxRlyXECBYQAOlKkWGZihIgM+DbU9s6OODtLzEOEefKHBHEO+gaddAr\/xF+S6pmlRUlIIOQikcuZflRVV+9ocTgK0XdOHx6xpx+9MjY0bFp8+Y3rzrcqms6FJWtarq8vmhAptcTGMS3ZRPZM05jPDGnc0lHnHPsQlR7Q\/ndDmqyv\/Yr2X+y9Gsi9vT36vfG0NL4i09JrXDcXDVXIVvv1bYPvjqYfndKdZjIu\/zKuVLvzns368840erX+zPSsMQ65WzrtIlt614W485OasX9eSpviKdNV5zUHfLRxQJVhCpKsNTEfanPwKrk5WxxydKYWRqJVD3pHjIsGNyPTjGsVgkTD9XP2zfraRmcCTZSPKPdtiughUHIVjgR651Ef0HDRhDYFWiU8dvQm4e9wtNsjP9pdHH4zAhPcHp53pWmAWsUr9ktlY3J6i5nRLo59vdKHKIlp2aFXLvGRzPWMzXjODaB9lHFT72mfZZU8Xa5vK4OOEWFiHGpB0ihcHHGKeG4VmksCv8DCVUH1LlmFY1YeXfWtIKeZC8DjmeXGSZ4qeaEdlIANYI707OUS05nBT1z4QlLTONwEk6SsFc7w+MunP086XAvt+sYjw5dPf1BQzbCHn9jPlUOB+XDBQtlAJ1alGQufrgtBaOCQSLnMFoQV+2RbrUiZCryJZn6ta3YZCzk\/\/dguVET\/xC5qRkzoHxX6yjgdCMzNBCdRmJLbUsox2PSCM7qDjLbKW2E2LhpvQkYOD\/paqRYGHEbvFo26AQE9\/FEXjQgwy3cD5JZiM\/IAaWJCmPn1dZKQApKWeXNGRwjF57jKS9mhcIgwgTFSdZ1JcqJ5JKnXt6KqAU6jGNFXPh3ypG2UIzVlYPIHEBcNAy\/8jkYzPnftDulnR60oMo+7NF6LPmopyiO+NIbDH8RJQLHENzgd6NggUExtGOQHMoIRLc3kRJ453NIsMxNUyzROwa5vIFP5XfTjwYERh8oPHBrh4cNROs+usZl4ETCyZCyycvnehJxwy0KRdLw9og\/mbJx6liYmaouhkQ6fEomszIej9S3Mjd6oxqOXAlIewcKZJ8\/WaINeMesaTooz9yeuOBJIUF4ELcYCiXNWF0qYe9NCGUKIPJnAZZ1qWuFK9sIYBnaZKlVcrCB5T69nnas5BIgPX6xQLyWi\/r2DYc69\/2K4XX6uJdsiYzp6CF4z1gyKxce8F7KLjL1OqKPsmNAYK6qSiJobaCP28yXO9b+YcwI4XD2SVm5Fx8l3CzUglYqM76gYbPbRB\/EAcfdfck2wlm5llC3YPNs7ePlyZ+\/g21fPHykrbyWHrNicRZLt3389aWP+8EhRRxCT4\/R1+xbDZFsX2EG8SnWu8r92OmOQ8jJeFk1udqOnuZX\/EN6N2N6GZuCpHGotM7+1X4c0NbIeNaYroq8nvgjgIDfcAjy9tfjdwqq4Kn4Kq5CXDEhLFCUTK0JWWKSoT2NzlE16H+j3\/ZtJYGh8g1A2GCt5ZiZkx9W+w8uEuwfKZZoZC8tspdbvH8E+ydT7DL3rXzMygDB02faXPI9ivQ9wFvMVhZ7ifUEYkvEwegNettIh\/VvVS85e\/fSq+z4R0ZQdCKXnNxypXDw82y7eSqpOpnSZEL8IviwS0bIpHimbpK9EOCvrJht\/LgPbdgXqaLoQ34CrYCNr0UovCPDftjFHOcKmgUt4VaHRuGJbWPsH\" \/> \t\t<a href=\"https:\/\/www.pdf24.org\" target=\"_blank\" title=\"www.pdf24.org\" rel=\"nofollow\"><img src=\"https:\/\/www.hohenlohe-ungefiltert.de\/wp-content\/plugins\/pdf24-post-to-pdf\/img\/pdf_32x32.png\" alt=\"\" border=\"0\" height=\"32\" \/><\/a> \t\t<span class=\"pdf24Plugin-cp-space\">&nbsp;&nbsp;<\/span> \t\t<span class=\"pdf24Plugin-cp-text\">Sende Artikel als PDF<\/span> \t\t<span class=\"pdf24Plugin-cp-space\">&nbsp;&nbsp;<\/span> \t\t<input class=\"pdf24Plugin-cp-input\" style=\"margin: 0px;\" type=\"text\" name=\"sendEmailTo\" placeholder=\"Emailadresse\" \/> \t\t<input class=\"pdf24Plugin-cp-submit\" style=\"margin: 0px;\" type=\"submit\" value=\"Senden\" \/> \t<\/form> <\/div>","protected":false},"excerpt":{"rendered":"<p>Der Crailsheimer Reformationsweg w\u00e4chst um eine weitere Station. Am Donnerstag, 26. M\u00e4rz 2015, um 11 Uhr wird im Bereich der fr\u00fcheren Synagoge in der Adam-Wei\u00df-Stra\u00dfe (hinterm Hotel Post-Faber) eine Stele vorgestellt, die sich mit einem der dunkelsten Kapitel der Reformationsgeschichte befasst, dem Verh\u00e4ltnis Martin Luthers und des Protestantismus zu den Juden. Von der Stadtverwaltung Crailsheim [&hellip;]<\/p>\n","protected":false},"author":1,"featured_media":0,"comment_status":"open","ping_status":"open","sticky":false,"template":"","format":"standard","meta":[],"categories":[1,10,2,5,7],"tags":[],"_links":{"self":[{"href":"https:\/\/www.hohenlohe-ungefiltert.de\/index.php?rest_route=\/wp\/v2\/posts\/19154"}],"collection":[{"href":"https:\/\/www.hohenlohe-ungefiltert.de\/index.php?rest_route=\/wp\/v2\/posts"}],"about":[{"href":"https:\/\/www.hohenlohe-ungefiltert.de\/index.php?rest_route=\/wp\/v2\/types\/post"}],"author":[{"embeddable":true,"href":"https:\/\/www.hohenlohe-ungefiltert.de\/index.php?rest_route=\/wp\/v2\/users\/1"}],"replies":[{"embeddable":true,"href":"https:\/\/www.hohenlohe-ungefiltert.de\/index.php?rest_route=%2Fwp%2Fv2%2Fcomments&post=19154"}],"version-history":[{"count":2,"href":"https:\/\/www.hohenlohe-ungefiltert.de\/index.php?rest_route=\/wp\/v2\/posts\/19154\/revisions"}],"predecessor-version":[{"id":19163,"href":"https:\/\/www.hohenlohe-ungefiltert.de\/index.php?rest_route=\/wp\/v2\/posts\/19154\/revisions\/19163"}],"wp:attachment":[{"href":"https:\/\/www.hohenlohe-ungefiltert.de\/index.php?rest_route=%2Fwp%2Fv2%2Fmedia&parent=19154"}],"wp:term":[{"taxonomy":"category","embeddable":true,"href":"https:\/\/www.hohenlohe-ungefiltert.de\/index.php?rest_route=%2Fwp%2Fv2%2Fcategories&post=19154"},{"taxonomy":"post_tag","embeddable":true,"href":"https:\/\/www.hohenlohe-ungefiltert.de\/index.php?rest_route=%2Fwp%2Fv2%2Ftags&post=19154"}],"curies":[{"name":"wp","href":"https:\/\/api.w.org\/{rel}","templated":true}]}}