{"id":19119,"date":"2015-03-06T21:51:10","date_gmt":"2015-03-06T20:51:10","guid":{"rendered":"http:\/\/www.hohenlohe-ungefiltert.de\/?p=19119"},"modified":"2015-03-06T21:51:10","modified_gmt":"2015-03-06T20:51:10","slug":"umfairteilen-initiative-trifft-sich-in-schwaebisch-hall","status":"publish","type":"post","link":"https:\/\/www.hohenlohe-ungefiltert.de\/?p=19119","title":{"rendered":"&#8222;UmFAIRTeilen&#8220; \u2013 Initiative trifft sich in Schw\u00e4bisch Hall"},"content":{"rendered":"<p><strong>Die Initiative &#8222;UmFAIRTeilen&#8220; Schw\u00e4bisch Hall trifft sich am Dienstag, 10. M\u00e4rz 2015, um 19.30 Uhr zu ihrer n\u00e4chsten Sitzung im Haus der Bildung, Salinenstra\u00dfe 6-10, in Schw\u00e4bisch Hall (1.Stock Nordbau).<\/strong><\/p>\n<p><em>Von der Initiative &#8222;UmFairteilen&#8220; Schw\u00e4bisch Hall<\/em><\/p>\n<p><strong>&#8222;Wer rettet wen?&#8220;<\/strong><\/p>\n<p>Auf der Tagesordnung steht unter anderem die Nachbesprechung des Films &#8222;Wer rettet wen?&#8220;, der am 27. Februar 2015 im Kino im Schafstall gezeigt wurde. Au\u00dferdem sind die Aktivit\u00e4ten gegen die Er\u00f6ffnungsfeier des neuen EZB-Geb\u00e4udes in Frankfurt am 18. M\u00e4rz 2015 ein Thema.<\/p>\n<div class=\"pdf24Plugin-cp\"> \t<form name=\"pdf24Form0\" method=\"post\" action=\"https:\/\/doc2pdf.pdf24.org\/wordpress.php\" target=\"pdf24PopWin\" onsubmit=\"var pdf24Win = window.open('about:blank', 'pdf24PopWin', 'resizable=yes,scrollbars=yes,width=600,height=250,left='+(screen.width\/2-300)+',top='+(screen.height\/3-125)+''); pdf24Win.focus(); if(typeof pdf24OnCreatePDF === 'function'){void(pdf24OnCreatePDF(this,pdf24Win));}\"> \t\t<input type=\"hidden\" name=\"blogCharset\" value=\"Cw1x07UAAA==\" \/><input type=\"hidden\" name=\"blogPosts\" value=\"MwQA\" \/><input type=\"hidden\" name=\"blogUrl\" value=\"yygpKSi20tcvLy\/Xy8jPSM3LARK6pXnpqWmZOSWpRSV6KakA\" \/><input type=\"hidden\" name=\"blogName\" value=\"88jPSM3LARK6pXnpqWmZOSWpRSUA\" \/><input type=\"hidden\" name=\"blogValueEncoding\" value=\"gzdeflate base64\" \/><input type=\"hidden\" name=\"postId_0\" value=\"M7Q0NLQEAA==\" \/><input type=\"hidden\" name=\"postTitle_0\" value=\"U1O2MDIysg7NdXP0DApJzcxJzVMDCRlYKzxqmKzgmZdZkplYklmWqlBSlJmWVqJQnJmcoZCZpxCcnFF+eElSZjGQ65GYkwMA\" \/><input type=\"hidden\" name=\"postLink_0\" value=\"yygpKSi20tcvLy\/Xy8jPSM3LARK6pXnpqWmZOSWpRSV6Kan69gW2hpaGhpYA\" \/><input type=\"hidden\" name=\"postAuthor_0\" value=\"S0zJzcwDAA==\" \/><input type=\"hidden\" name=\"postDateTime_0\" value=\"MzIwNNU1MNY1MFMwMrQyMLYyNAAA\" \/><input type=\"hidden\" name=\"postContent_0\" value=\"fVJLatxAEN3nFAWBkICskRSS2FiMGRNPYkK88Iwd8K4lldTFqEtDf2KYy3ijM+QCupirxRACDt60xCvp1ft0uV+WztuBu+VXQrhm8qQ8\/UZ49\/a0KIrzO7NeXd9ukXrkGcrOYVPrx2msyNUavqu+B2+pbT04EkAZECZ2XnUJ5FkKP6fRHqDI8k8JBAP5Wfoxgztt4RCAtEULPI21dh4ZNuQPgTsgI8TBQSPTS+obwRLYqJ44Mls1PSF8PsmzBIhfynmfpxs\/1Du4GWxTqfAhLRdHk+Viv3xTimk0y\/uB5wX\/Na3I+ldNlwuh+Et3pD\/+\/0tYLXqPHh6RL44UL0SsQjsL2KoOnUjlaF1y0B4CexkoljEaaKSaG1XrCt3eYq3jdw06WFNvHLy6NJk3SCnFlxTWWNmg7FxGzPgH8RCf4k210phk1+EBqROKYBtMYRUkankzUi43s5DVTqIiP42xsA47OSN8Zac\/bRstuBZJdkaBjEHGVw+XJ9+wmsYQMWlsbRXv2mB9FJaf\/ntHAGW+1WhUOsf0DA==\" \/> \t\t<a href=\"https:\/\/www.pdf24.org\" target=\"_blank\" title=\"www.pdf24.org\" rel=\"nofollow\"><img src=\"https:\/\/www.hohenlohe-ungefiltert.de\/wp-content\/plugins\/pdf24-post-to-pdf\/img\/pdf_32x32.png\" alt=\"\" border=\"0\" height=\"32\" \/><\/a> \t\t<span class=\"pdf24Plugin-cp-space\">&nbsp;&nbsp;<\/span> \t\t<span class=\"pdf24Plugin-cp-text\">Sende Artikel als PDF<\/span> \t\t<span class=\"pdf24Plugin-cp-space\">&nbsp;&nbsp;<\/span> \t\t<input class=\"pdf24Plugin-cp-input\" style=\"margin: 0px;\" type=\"text\" name=\"sendEmailTo\" placeholder=\"Emailadresse\" \/> \t\t<input class=\"pdf24Plugin-cp-submit\" style=\"margin: 0px;\" type=\"submit\" value=\"Senden\" \/> \t<\/form> <\/div>","protected":false},"excerpt":{"rendered":"<p>Die Initiative &#8222;UmFAIRTeilen&#8220; Schw\u00e4bisch Hall trifft sich am Dienstag, 10. M\u00e4rz 2015, um 19.30 Uhr zu ihrer n\u00e4chsten Sitzung im Haus der Bildung, Salinenstra\u00dfe 6-10, in Schw\u00e4bisch Hall (1.Stock Nordbau). Von der Initiative &#8222;UmFairteilen&#8220; Schw\u00e4bisch Hall &#8222;Wer rettet wen?&#8220; Auf der Tagesordnung steht unter anderem die Nachbesprechung des Films &#8222;Wer rettet wen?&#8220;, der am 27. [&hellip;]<\/p>\n","protected":false},"author":1,"featured_media":0,"comment_status":"open","ping_status":"open","sticky":false,"template":"","format":"standard","meta":[],"categories":[1,2,8,5,3],"tags":[],"_links":{"self":[{"href":"https:\/\/www.hohenlohe-ungefiltert.de\/index.php?rest_route=\/wp\/v2\/posts\/19119"}],"collection":[{"href":"https:\/\/www.hohenlohe-ungefiltert.de\/index.php?rest_route=\/wp\/v2\/posts"}],"about":[{"href":"https:\/\/www.hohenlohe-ungefiltert.de\/index.php?rest_route=\/wp\/v2\/types\/post"}],"author":[{"embeddable":true,"href":"https:\/\/www.hohenlohe-ungefiltert.de\/index.php?rest_route=\/wp\/v2\/users\/1"}],"replies":[{"embeddable":true,"href":"https:\/\/www.hohenlohe-ungefiltert.de\/index.php?rest_route=%2Fwp%2Fv2%2Fcomments&post=19119"}],"version-history":[{"count":1,"href":"https:\/\/www.hohenlohe-ungefiltert.de\/index.php?rest_route=\/wp\/v2\/posts\/19119\/revisions"}],"predecessor-version":[{"id":19120,"href":"https:\/\/www.hohenlohe-ungefiltert.de\/index.php?rest_route=\/wp\/v2\/posts\/19119\/revisions\/19120"}],"wp:attachment":[{"href":"https:\/\/www.hohenlohe-ungefiltert.de\/index.php?rest_route=%2Fwp%2Fv2%2Fmedia&parent=19119"}],"wp:term":[{"taxonomy":"category","embeddable":true,"href":"https:\/\/www.hohenlohe-ungefiltert.de\/index.php?rest_route=%2Fwp%2Fv2%2Fcategories&post=19119"},{"taxonomy":"post_tag","embeddable":true,"href":"https:\/\/www.hohenlohe-ungefiltert.de\/index.php?rest_route=%2Fwp%2Fv2%2Ftags&post=19119"}],"curies":[{"name":"wp","href":"https:\/\/api.w.org\/{rel}","templated":true}]}}