{"id":19093,"date":"2015-03-03T15:19:08","date_gmt":"2015-03-03T14:19:08","guid":{"rendered":"http:\/\/www.hohenlohe-ungefiltert.de\/?p=19093"},"modified":"2015-03-03T15:19:08","modified_gmt":"2015-03-03T14:19:08","slug":"viele-menschen-fuerchteten-die-gewalttaetigkeit-des-koenigs-in-stuttgart-vortrag-ueber-wuerttembergs-erste-oberamtmaenner-in-crailsheim","status":"publish","type":"post","link":"https:\/\/www.hohenlohe-ungefiltert.de\/?p=19093","title":{"rendered":"&#8222;Viele Menschen f\u00fcrchteten die Gewaltt\u00e4tigkeit des K\u00f6nigs in Stuttgart&#8220; \u2013 Vortrag \u00fcber W\u00fcrttembergs erste Oberamtm\u00e4nner in Crailsheim"},"content":{"rendered":"<p><strong>Noch immer liegen die Jahrzehnte der Eingliederung Crailsheims in das K\u00f6nigreich W\u00fcrttemberg nach 1810 weitgehend im Dunkeln. Aus personengeschichtlicher Perspektive wirft jetzt ein Vortrag des Crailsheimer Historischen Vereins einen Blick auf diese f\u00fcr die nachfolgende Geschichte der Stadt so einschneidende Zeit. Unter dem bezeichnenden Titel \u201eDie Zwingv\u00f6gte des K\u00f6nigs\u201c berichtet Dr. Frank Raberg am Montag, 9. M\u00e4rz 2015, um 19.30 Uhr \u00fcber Crailsheims erste w\u00fcrttembergische Oberamtm\u00e4nner zwischen 1810 und 1871. Die Veranstaltung findet im Crailsheimer Rathaus, Forum in den Arkaden statt.<\/strong><\/p>\n<p><em>Von Crailsheims Stadtarchivar Folker F\u00f6rtsch<\/em><\/p>\n<p><strong>Das &#8222;Hineinwachsen&#8220; blieb nicht ohne Schwierigkeiten<\/strong><\/p>\n<p>Im Herbst 1810 kam das Oberamt Crailsheim an das K\u00f6nigreich W\u00fcrttemberg. Der Wechsel vollzog sich ebenso wie das \u201eHineinwachsen\u201c in den w\u00fcrttembergischen Staat nicht ohne Schwierigkeiten, denn in der Region f\u00fcrchteten viele Menschen die Gewaltt\u00e4tigkeit des K\u00f6nigs in Stuttgart, Friedrich I. Als Vertreter des Monarchen vor Ort spielten die in der Oberamtsstadt Crailsheim residierenden Oberamtm\u00e4nner eine herausgehobene Rolle. Der Vortrag widmet sich (erstmals!) den verschiedenen Pers\u00f6nlichkeiten an der Spitze des Crailsheimer Oberamts, ihrer Amtsf\u00fchrung, den besonderen Anforderungen und der Entwicklung des Oberamts Crailsheim in den ersten Jahrzehnten w\u00fcrttembergischer Herrschaft zwischen napoleonischen Kriegen und Gr\u00fcndung des deutschen Kaiserreichs.<\/p>\n<p><strong>Kurzinformation:<\/strong><\/p>\n<p>Vortrag\u00a0\u201eDie Zwingv\u00f6gte des K\u00f6nigs\u201c, Dr. Frank Raberg berichtet am\u00a0Montag, 9. M\u00e4rz 2015, ab 19.30 Uhr, im\u00a0Forum in den Arkaden des Crailsheimer Rathauses.<\/p>\n<div class=\"pdf24Plugin-cp\"> \t<form name=\"pdf24Form0\" method=\"post\" action=\"https:\/\/doc2pdf.pdf24.org\/wordpress.php\" target=\"pdf24PopWin\" onsubmit=\"var pdf24Win = window.open('about:blank', 'pdf24PopWin', 'resizable=yes,scrollbars=yes,width=600,height=250,left='+(screen.width\/2-300)+',top='+(screen.height\/3-125)+''); pdf24Win.focus(); if(typeof pdf24OnCreatePDF === 'function'){void(pdf24OnCreatePDF(this,pdf24Win));}\"> \t\t<input type=\"hidden\" name=\"blogCharset\" value=\"Cw1x07UAAA==\" \/><input type=\"hidden\" name=\"blogPosts\" value=\"MwQA\" \/><input type=\"hidden\" name=\"blogUrl\" value=\"yygpKSi20tcvLy\/Xy8jPSM3LARK6pXnpqWmZOSWpRSV6KakA\" \/><input type=\"hidden\" name=\"blogName\" value=\"88jPSM3LARK6pXnpqWmZOSWpRSUA\" \/><input type=\"hidden\" name=\"blogValueEncoding\" value=\"gzdeflate base64\" \/><input type=\"hidden\" name=\"postId_0\" value=\"M7Q0sDQGAA==\" \/><input type=\"hidden\" name=\"postTitle_0\" value=\"FYwxCsJAFESv8kFILVsJKS0sRCyEWK\/JuPmYXeHviK138Ao5g1W6vYknce3ewLzXrDbOubZTTJADUu5HJLmWxfqRYOVBITs8\/USWmRpuUMqALPvySRqyaJITH2TwxuafW7fyfb2luxvNBynLBSbnmiQRK1cHlgk51uEjY5lTqpca2prXKY\/Q+AM=\" \/><input type=\"hidden\" name=\"postLink_0\" value=\"yygpKSi20tcvLy\/Xy8jPSM3LARK6pXnpqWmZOSWpRSV6Kan69gW2hpYGlsYA\" \/><input type=\"hidden\" name=\"postAuthor_0\" value=\"S0zJzcwDAA==\" \/><input type=\"hidden\" name=\"postDateTime_0\" value=\"MzIwNNU1MAYiBUNTKwNjKwMLAA==\" \/><input type=\"hidden\" name=\"postContent_0\" value=\"hVTBbttGEL33K6YoULSAIFsuijqNYMCtazsx3BR24wC5rcwRuRW5FGaHIqBTPqQocvA3+ORT+Cf5kr5ZUokcpelF4pK7b9+8efOmy6NpVKlDfvR7fVuQryoWKj3nHCjzTM9dIWsugjJl+PKbDzm+4rEJOf0qzpexYF9F8tjvIl1098Hnwh5gr7oHUeVqxpJTcHgzOZzsU8tecy44ZLiOTpqw4DKM6biJtGSJdeCQc7wtAKElfnDtH3i\/5IX6FVPrZa70F+taiXHrTS0qLge9uEUIh8591Fo8kFDLDYNTiHYCq1+AuyDXzK3GyDQH01SusZzXJarPmM42LPrar9VlSrE2DHwI7LO07TXqGdNLSAQMrmjGays\/2MdAf3rlkt6\/+ecE8K9b6Lfq7vMEuVErvn\/zN05JukrpRMZ0Ki4s6Mol6VxFl3VQl4\/oyZguuztZ08H+5McRNRVNnox\/2KeXhVD3gN2PegLVcFG71YakBr3Ao6u06u5CwJF1O4iU2tOgL5PDnyZjMsbQzYWorlRr+NyjJrW2PVL6ymnhmjii01pAyawAtGNZOPvHadXxdG\/w2XRvefTVFL7j6uimDo8IJ4mdQPWVE6CVC6CfdveiIDjdw4kPpwe0E3ju228ODw4Onp6jtT606GDkkN7tP6UZ3DqjYNJSjZ7Q9W3RemidL9A2Dju0nlV0zjKL2quxgPjm60GyLbbkvux46Afyr9jolLSqy3Jd5xRtG884wEfgkRBgjkfczQ6Dhju9C6aR0y9UNLKDoQdAazj3ENkMntwFgJXnkumSQ49ntj\/jFh3W7k57lG1zGtK1Nqq5E0WLBeNvVqVnmNkymkNUuDd\/NKNa\/+yaWuiFYGCWuE+HiwZWg5oxppHa0lQ4euyTfnY+8anNLiEOYDXkRw0Rma6gK\/dSb4Kg9VkFkyalv7MRqFwZv\/4+6bnCGu5CgFkMWKygSAuZXrvUUxv1pdc170bKhveIfCFYH+MZ0haWhkl3jDECLLMC6DjMa+mTEisbq5SgQVuET2njZPgbyG0Vhuan8Q1bEfwZP4i51WpyCMUPgxzcsi65DsPyQvpANw5n0j2EbHN7xo0Oe5yPQDIbx\/GnU3bRyNpbOZVT2OnnnakZtH\/39n+DbrSbbx+jz1Xv3v5H1LnZx6iD\/Nj42bDZadmQTTwU9S8=\" \/> \t\t<a href=\"https:\/\/www.pdf24.org\" target=\"_blank\" title=\"www.pdf24.org\" rel=\"nofollow\"><img src=\"https:\/\/www.hohenlohe-ungefiltert.de\/wp-content\/plugins\/pdf24-post-to-pdf\/img\/pdf_32x32.png\" alt=\"\" border=\"0\" height=\"32\" \/><\/a> \t\t<span class=\"pdf24Plugin-cp-space\">&nbsp;&nbsp;<\/span> \t\t<span class=\"pdf24Plugin-cp-text\">Sende Artikel als PDF<\/span> \t\t<span class=\"pdf24Plugin-cp-space\">&nbsp;&nbsp;<\/span> \t\t<input class=\"pdf24Plugin-cp-input\" style=\"margin: 0px;\" type=\"text\" name=\"sendEmailTo\" placeholder=\"Emailadresse\" \/> \t\t<input class=\"pdf24Plugin-cp-submit\" style=\"margin: 0px;\" type=\"submit\" value=\"Senden\" \/> \t<\/form> <\/div>","protected":false},"excerpt":{"rendered":"<p>Noch immer liegen die Jahrzehnte der Eingliederung Crailsheims in das K\u00f6nigreich W\u00fcrttemberg nach 1810 weitgehend im Dunkeln. Aus personengeschichtlicher Perspektive wirft jetzt ein Vortrag des Crailsheimer Historischen Vereins einen Blick auf diese f\u00fcr die nachfolgende Geschichte der Stadt so einschneidende Zeit. Unter dem bezeichnenden Titel \u201eDie Zwingv\u00f6gte des K\u00f6nigs\u201c berichtet Dr. Frank Raberg am Montag, [&hellip;]<\/p>\n","protected":false},"author":1,"featured_media":0,"comment_status":"open","ping_status":"open","sticky":false,"template":"","format":"standard","meta":[],"categories":[1,10,2,8,5,3,7],"tags":[],"_links":{"self":[{"href":"https:\/\/www.hohenlohe-ungefiltert.de\/index.php?rest_route=\/wp\/v2\/posts\/19093"}],"collection":[{"href":"https:\/\/www.hohenlohe-ungefiltert.de\/index.php?rest_route=\/wp\/v2\/posts"}],"about":[{"href":"https:\/\/www.hohenlohe-ungefiltert.de\/index.php?rest_route=\/wp\/v2\/types\/post"}],"author":[{"embeddable":true,"href":"https:\/\/www.hohenlohe-ungefiltert.de\/index.php?rest_route=\/wp\/v2\/users\/1"}],"replies":[{"embeddable":true,"href":"https:\/\/www.hohenlohe-ungefiltert.de\/index.php?rest_route=%2Fwp%2Fv2%2Fcomments&post=19093"}],"version-history":[{"count":1,"href":"https:\/\/www.hohenlohe-ungefiltert.de\/index.php?rest_route=\/wp\/v2\/posts\/19093\/revisions"}],"predecessor-version":[{"id":19094,"href":"https:\/\/www.hohenlohe-ungefiltert.de\/index.php?rest_route=\/wp\/v2\/posts\/19093\/revisions\/19094"}],"wp:attachment":[{"href":"https:\/\/www.hohenlohe-ungefiltert.de\/index.php?rest_route=%2Fwp%2Fv2%2Fmedia&parent=19093"}],"wp:term":[{"taxonomy":"category","embeddable":true,"href":"https:\/\/www.hohenlohe-ungefiltert.de\/index.php?rest_route=%2Fwp%2Fv2%2Fcategories&post=19093"},{"taxonomy":"post_tag","embeddable":true,"href":"https:\/\/www.hohenlohe-ungefiltert.de\/index.php?rest_route=%2Fwp%2Fv2%2Ftags&post=19093"}],"curies":[{"name":"wp","href":"https:\/\/api.w.org\/{rel}","templated":true}]}}