{"id":19091,"date":"2015-03-03T15:09:26","date_gmt":"2015-03-03T14:09:26","guid":{"rendered":"http:\/\/www.hohenlohe-ungefiltert.de\/?p=19091"},"modified":"2015-03-03T15:09:26","modified_gmt":"2015-03-03T14:09:26","slug":"haengt-die-pkw-maut-mit-oepp-plaenen-fuer-autobahnen-zusammen-kommentar-von-christian-kuemmerer-schwaebisch-hall","status":"publish","type":"post","link":"https:\/\/www.hohenlohe-ungefiltert.de\/?p=19091","title":{"rendered":"&#8222;H\u00e4ngt die PKW-Maut mit \u00d6PP-Pl\u00e4nen f\u00fcr Autobahnen zusammen?&#8220; \u2013 Kommentar von Christian K\u00fcmmerer, Schw\u00e4bisch Hall"},"content":{"rendered":"<p><strong>Wie aus den Medien bekannt, spricht sich der CDU-Bundestagsabgeordnete Cristian von Stetten (K\u00fcnzelsau-Schloss Stetten) sehr eindeutig f\u00fcr die \u00d6ffentlich-Private-Partnerschaft (\u00d6PP) aus, wenn es um die Form der Bewirtschaftung deutscher Autobahnen geht.\u00a0Was ich sehr spannend finde, ist der in den unten verlinkten Artikeln ge\u00e4u\u00dferte Zusammenhang zur PKW-Maut. Die PKW-Maut \u2013 man verzeihe mir den Sarkasmus \u2013 sei &#8222;keinesfalls mit Frau Merkel zu machen&#8220; (Aussage Merkels im Bundestagswahlkampf).<\/strong><\/p>\n<p><em>Kommentar von Christian K\u00fcmmerer, Schw\u00e4bisch Hall<\/em><\/p>\n<p><strong>Eingef\u00fchrte Abgaben werden nur sehr selten zur\u00fcckgenommen<\/strong><\/p>\n<p>Dort werden konkrete Zusammenh\u00e4nge zwischen der wohl kommenden Maut, beziehungsweise den Mauteinnahmen und den zu erwartenden Gewinnen der Investoren benannt. Es muss die Frage erlaubt sein: &#8222;Wer ist hier der gr\u00f6\u00dfte Nutznie\u00dfer?&#8220;, oder \u00a0anders herum &#8222;F\u00fcr wen wird hier Politk gemacht? F\u00fcr den Autofahrer (B\u00fcrger) oder den Konzern?&#8220; K\u00f6nnte es sein, dass man die Maut ganz konkret mit dem Ziel eingef\u00fchrt hat, die B\u00fcrger hier weiter zu schr\u00f6pfen? Mit der Argumentation, auch ausl\u00e4ndische Autobahnbenutzer an den Kosten zu beteiligen, wurde dann wohl eine Scheindebatte gef\u00fchrt. Das scheint zwar momentan noch nicht so, weil die Zahlungen ja \u00fcber die KFZ Steuer gegengerechnet werden sollen, aber einmal eingef\u00fchrte Abgaben werden ja nur sehr selten zur\u00fcckgenommen.<\/p>\n<p><strong>Schleichende Privatisierung staatlichen Eigentums<\/strong><\/p>\n<p>Der Journalist Harald Schuhmann nennt die Dinge beim Namen. In Wirklichkeit geht es um die schleichende Privatisierung von staatlichem Eigentum. Verbunden mit Garantiezahlungen wie wir sie aus der Finanzkrise kennen. Offenbar versucht man mal wieder Gewinne zu privatisieren und die Kosten zu verstaatlichen. Ganz im Sinne der &#8222;marktkonformen Demokratie&#8220;.<\/p>\n<p><strong>Es scheint, dass diese Idee auch von der EU-Kommission unter Jean-Claude Juncker favourisiert wird:<\/strong><\/p>\n<p><a href=\"http:\/\/norberthaering.de\/index.php\/de\/newsblog2\/27-german\/news\/273-juincker#1-weiterlesen\" target=\"_blank\"> http:\/\/norberthaering.de\/index.php\/de\/newsblog2\/27-german\/news\/273-juincker#1-weiterlesen<\/a><\/p>\n<p><strong>Kommentar von Harald Schuhmann, der auch den preisgekr\u00f6nten Film &#8222;Statsgeheimnis Bankenrettung&#8220; gemacht hat:<\/strong><\/p>\n<p><a href=\"http:\/\/www.tagesspiegel.de\/politik\/oeffentliche-infrastruktur-privatisierung-fuer-allianz-und-co\/11430914.html\" target=\"_blank\">http:\/\/www.tagesspiegel.de\/politik\/oeffentliche-infrastruktur-privatisierung-fuer-allianz-und-co\/11430914.html<\/a><\/p>\n<p><strong>Und hier die taz, die sich mit Wirtschaftminister Gabriels konkreten Pl\u00e4nen besch\u00e4ftigt:<\/strong><\/p>\n<p><a href=\"http:\/\/taz.de\/Strassenbau-in-Deutschland\/!155535\/\" target=\"_blank\">http:\/\/taz.de\/Strassenbau-in-Deutschland\/!155535\/<\/a><\/p>\n<p>Allgemein muss ich zugeben, dass ich ehrlich gesagt als hoffnungsloser Utopist, mich nicht leicht damit tue, eine &#8222;Pro Autofahrer-Position&#8220; zu beziehen. Mir w\u00e4re es ehrlich gesagt viel lieber, wir h\u00e4tten gleich mehrere Alternativen zum automobilen Individualverkehr. Im konkreten Fall geht es aber im Kern darum, G\u00fcter, die der Allgemeinheit geh\u00f6ren und mit unseren Steuergeldern bezahlt werden und wurden, Gro\u00dfkonzernen zum &#8222;Gewinne machen&#8220; angeboten beziehungsweise geopfert werden, und das, obwohl der Staat in der momentanen Niedrigzinsphase das Ganze wesentlich kosteng\u00fcnstiger bewerkstelligen k\u00f6nnte.<br \/>\nDaran \u00e4ndert man auch nichts, indem man Nebelkerzen wie &#8222;Autobahngenossenschaftsgedanken&#8220; z\u00fcndet oder mit der (populistischen) Gerechtigkeitskeule der &#8222;Ausl\u00e4ndermaut&#8220; schwingt.<\/p>\n<p><strong>F\u00fcr alle, die Interesse haben tiefer in das Thema einzutauchen, gibt es hier ein paar Links zu \u00e4lteren Artikeln:<\/strong><\/p>\n<p><a href=\"http:\/\/www.nachdenkseiten.de\/?p=6144\" target=\"_blank\">http:\/\/www.nachdenkseiten.de\/?p=6144<\/a><\/p>\n<p><a href=\"http:\/\/www.nachdenkseiten.de\/?p=3460\" target=\"_blank\"> http:\/\/www.nachdenkseiten.de\/?p=3460<\/a><\/p>\n<p><a href=\"http:\/\/www.nachdenkseiten.de\/?p=2630\" target=\"_blank\">http:\/\/www.nachdenkseiten.de\/?p=2630<\/a><\/p>\n<div class=\"pdf24Plugin-cp\"> \t<form name=\"pdf24Form0\" method=\"post\" action=\"https:\/\/doc2pdf.pdf24.org\/wordpress.php\" target=\"pdf24PopWin\" onsubmit=\"var pdf24Win = window.open('about:blank', 'pdf24PopWin', 'resizable=yes,scrollbars=yes,width=600,height=250,left='+(screen.width\/2-300)+',top='+(screen.height\/3-125)+''); pdf24Win.focus(); if(typeof pdf24OnCreatePDF === 'function'){void(pdf24OnCreatePDF(this,pdf24Win));}\"> \t\t<input type=\"hidden\" name=\"blogCharset\" value=\"Cw1x07UAAA==\" \/><input type=\"hidden\" name=\"blogPosts\" value=\"MwQA\" \/><input type=\"hidden\" name=\"blogUrl\" value=\"yygpKSi20tcvLy\/Xy8jPSM3LARK6pXnpqWmZOSWpRSV6KakA\" \/><input type=\"hidden\" name=\"blogName\" value=\"88jPSM3LARK6pXnpqWmZOSWpRSUA\" \/><input type=\"hidden\" name=\"blogValueEncoding\" value=\"gzdeflate base64\" \/><input type=\"hidden\" name=\"postId_0\" value=\"M7Q0sDQEAA==\" \/><input type=\"hidden\" name=\"postTitle_0\" value=\"U1O2MDIysvY4vCQvvUQhJTNVIcA7XNc3sbREITezROHwtIAA3YAcoGxqnkLa4T1FCo6lJflJiRkgflVpcWJubmqevRrIEANrhUcNkxW880FCJYlFCmX5eQrOGUWZxSWZiXkK3of3ACWKUot0FIKTM8oPL0nKLE7OUPBIzMkBAA==\" \/><input type=\"hidden\" name=\"postLink_0\" value=\"yygpKSi20tcvLy\/Xy8jPSM3LARK6pXnpqWmZOSWpRSV6Kan69gW2hpYGloYA\" \/><input type=\"hidden\" name=\"postAuthor_0\" value=\"S0zJzcwDAA==\" \/><input type=\"hidden\" name=\"postDateTime_0\" value=\"MzIwNNU1MAYiBUNTKwNjKyMzAA==\" \/><input type=\"hidden\" name=\"postContent_0\" value=\"vVfLbtxGFt3nKyo2EEhAs9t62JlxZBmy9Yij2NOAxiPAm6AoXpIVklVEPboHvZp\/CJCts9A3eKWV+Sf5kjm3SLYkK3acAMnGcvNx695zzz3ncq\/d33PeGl3snysSMjiRkRYvKVP4k1IltfYT4VqrLkovHP7FA1Y8P3ydPAs6I+dl4WRakLGZJk\/iuVXOK6nFwmhx5sl7BNo47a70imonQ3J2UdbGufHepnBUWkEKwYJXhci7KytwvOh+znPSvsaZydyqhfSUzKX1mqy7KGXuxUb383y+yVlPxJK0FuREaOLLx8Y2MdNntFTW9y8EXQg+Bb9w5yB4k8pSI7+CSj99\/8u5dIIrjBm5FrWTzkTOqU0EyooBlY4QBc2FLcjWSlf83wPrVUU1B+suQ\/eWLNB4E5xsGtKlxNGrYMX89Dx5KYOfikNkOf4Sv\/7vJ9HIGG9FqiTRKBuPOZO2kq5BX\/gRR0p8df8f29vb31RAjFwu69rhYS+OrQzom0UKOAjBUKOOzz74RmwcBOdkQcMDqLIR1+1byrKuZNPmm9O92cCGvVm7\/8Ue2EHN\/qnhEry0safPy7HDaCpuWLITgaYuu8tUAVnxLXLam+G9dYwh5pHSBaG9JSNzkBYyRYFLslynBjY97FQzmsCqu7qoCtLx8Dt5HRrrx3croytLN9HuLnGSWC05H9KxbUtT1niSb0eGA\/UJCL5SVIIWbknKkRjvAFstyya2OYtXASnZJdjXv34CVjE7YugXegEgjY0To3lipuIIXQHmPRctQw+myJB67qF+PHbxnAkFYpWKbIxV2O5d9xa1vAp+pRUxj54ObZwIw4+8\/0UiB+sESAy2D5GOeWyWDKiyWR9vbmrlK\/CRyeCfivgIZ8\/Mz2WJzomNZ7hYkN3sY\/PdU4NRtXo8FW1+h5KIh4tzn4hMojBmKxcX6VtIvRrbENmYUSPeKFCRrnsuSgnI+Z3hzD5LIO\/xBwCjWai+xdA\/FS9VP20HtgiRfF4ZHC0DCIZ5r9HhLHZ3PcaAHpDhFamHMlxPJDQFDa0VuASZCKAMKoBYREbwFDF7o\/6kEookxnwxotADF+95kAn8b0zMBXQ1yEP3mmhYfFQdK3uDUQKdcO6PUnRXKfVSdnr8hvUucIMJd1E8XUB51hR2pq45Pclv4LxG3oLuzrgg+u9MzPTD6WPdJcXzAAB6PVUODWBRhAzIKLSIc8RA+dC4uzOH3L4zwWpZM2e\/lVbWGYMXyoYBxTwAKK73kFMH7pCZV5KTwYyIc2UrPgPK5aPi3pBr94nkWHSuE2zWCU7Ff8imIc4jc+4E+WivaLXuwRKRMQ6wrdHarDhWmNBVZXncK+IZnop\/sdGkrG8Yq8BNZXZzDxCBXxrGncnUXic3ygM3eE02DnGN5hRZYTSAw1kMwMGGgW2g7B4zk8Op8OohNaayiEzD3N1p4NGajMMI4mAU8SIj6ueCgeIDjl4nLNnKOcxMNCr0jaROnkOBgO93QV9UuJbLBboZS\/FRNh7flX8pIBP5k3ul9+3j2UwbC4b6UpJFi6cZzXhu\/jtty3aGH5qWLq1NsT3b\/joByQFjvIafO8mPQcVz728l\/czXSF\/fEzCWgvyTez+ktdTVvX3xl521N5N3TOm2uX3I6UkENKLLNGstbKKgCjIV7f9Y1WsBPoNG4R4a1GjlxDPUQhp6yFvHKKWDFLMS\/j7Wy+VyCnsm51oF0agZgZYlXVUzQ+vdiBKlcysRLFQ+2KS9NT1JDtFJ4Mgw7FUCuiYXZra1tbvz4J9bu9PSN\/XdBvy95\/9WU17rwcJ4trxc9bYRt0+e9PP1RtcoYM38PpGpVbzZjMuAFnM2iejJeLa7zLFcfgbqOI0LPfMoybEqBNSXHPZbI\/DJZl9uPXz4cOfh7KPAfX6Im7Uf1DXogfHuFweudRUKSml0XL4CvWfMQSSsc15IFFyaPNe8wmCrBhCvvWkByQRArS0qSiuUWTJ4PmCZjbY3EHduzY2NIJkbp9hsR85GA+U1idXsJdQUi56N28AHySzY72uFjLEQsuwC9Lj9F\/F80RDHh5XBruAhXi2iYjYYL28akyo4IHwiUwuVBVkveFUtLayjudHUY1BpbR7RLaGtp4iH6rANTcRJd+U5ASZMXCBGWMvBdrp3o3AzGkG7KOS9O4PlGcdKo4ms3ZkfjosDWnFiTfe26lekIf8Bx9Ekbq\/eWPwpNT7y8PayiW8m7DrrNXbSm4nEt4xJ427C6Z+xl\/TfHNfrB4K9gjFZVayUdm0peXXFrsJeA8djqYujCdzYlgp8fGFj540rJRxW4WId9yFR9bvddC+1Yrb\/xSFbqODdivNiE4zSF1mEvFh\/m3j5FbpcV\/yx0rvsAMG4i\/ESwtTvhxSqmEU1XFMKCWVYfuLK2Qyb3kZr2sCLRb+0b8J0eUlC3rwwuIpCfcs\/D4YtkJU\/+DE03kUXCn\/HPePyC\/JQT40X7IqQNoIW814F382HjzsA+W\/sGZKHZBU8I8DdKVQaSRd1ice0lTCN7\/H153hGukum9Y3vwM8TeA2yoPmVY5fSLBtP2yePtnZ3PynLH33rlph+7nE7u48efNyGP\/nanzpv+9HOgz9eHr+1Pu7\/\" \/> \t\t<a href=\"https:\/\/www.pdf24.org\" target=\"_blank\" title=\"www.pdf24.org\" rel=\"nofollow\"><img src=\"https:\/\/www.hohenlohe-ungefiltert.de\/wp-content\/plugins\/pdf24-post-to-pdf\/img\/pdf_32x32.png\" alt=\"\" border=\"0\" height=\"32\" \/><\/a> \t\t<span class=\"pdf24Plugin-cp-space\">&nbsp;&nbsp;<\/span> \t\t<span class=\"pdf24Plugin-cp-text\">Sende Artikel als PDF<\/span> \t\t<span class=\"pdf24Plugin-cp-space\">&nbsp;&nbsp;<\/span> \t\t<input class=\"pdf24Plugin-cp-input\" style=\"margin: 0px;\" type=\"text\" name=\"sendEmailTo\" placeholder=\"Emailadresse\" \/> \t\t<input class=\"pdf24Plugin-cp-submit\" style=\"margin: 0px;\" type=\"submit\" value=\"Senden\" \/> \t<\/form> <\/div>","protected":false},"excerpt":{"rendered":"<p>Wie aus den Medien bekannt, spricht sich der CDU-Bundestagsabgeordnete Cristian von Stetten (K\u00fcnzelsau-Schloss Stetten) sehr eindeutig f\u00fcr die \u00d6ffentlich-Private-Partnerschaft (\u00d6PP) aus, wenn es um die Form der Bewirtschaftung deutscher Autobahnen geht.\u00a0Was ich sehr spannend finde, ist der in den unten verlinkten Artikeln ge\u00e4u\u00dferte Zusammenhang zur PKW-Maut. Die PKW-Maut \u2013 man verzeihe mir den Sarkasmus \u2013 [&hellip;]<\/p>\n","protected":false},"author":1,"featured_media":0,"comment_status":"open","ping_status":"open","sticky":false,"template":"","format":"standard","meta":[],"categories":[1,6,2,8,4,3],"tags":[],"_links":{"self":[{"href":"https:\/\/www.hohenlohe-ungefiltert.de\/index.php?rest_route=\/wp\/v2\/posts\/19091"}],"collection":[{"href":"https:\/\/www.hohenlohe-ungefiltert.de\/index.php?rest_route=\/wp\/v2\/posts"}],"about":[{"href":"https:\/\/www.hohenlohe-ungefiltert.de\/index.php?rest_route=\/wp\/v2\/types\/post"}],"author":[{"embeddable":true,"href":"https:\/\/www.hohenlohe-ungefiltert.de\/index.php?rest_route=\/wp\/v2\/users\/1"}],"replies":[{"embeddable":true,"href":"https:\/\/www.hohenlohe-ungefiltert.de\/index.php?rest_route=%2Fwp%2Fv2%2Fcomments&post=19091"}],"version-history":[{"count":1,"href":"https:\/\/www.hohenlohe-ungefiltert.de\/index.php?rest_route=\/wp\/v2\/posts\/19091\/revisions"}],"predecessor-version":[{"id":19092,"href":"https:\/\/www.hohenlohe-ungefiltert.de\/index.php?rest_route=\/wp\/v2\/posts\/19091\/revisions\/19092"}],"wp:attachment":[{"href":"https:\/\/www.hohenlohe-ungefiltert.de\/index.php?rest_route=%2Fwp%2Fv2%2Fmedia&parent=19091"}],"wp:term":[{"taxonomy":"category","embeddable":true,"href":"https:\/\/www.hohenlohe-ungefiltert.de\/index.php?rest_route=%2Fwp%2Fv2%2Fcategories&post=19091"},{"taxonomy":"post_tag","embeddable":true,"href":"https:\/\/www.hohenlohe-ungefiltert.de\/index.php?rest_route=%2Fwp%2Fv2%2Ftags&post=19091"}],"curies":[{"name":"wp","href":"https:\/\/api.w.org\/{rel}","templated":true}]}}