{"id":18737,"date":"2014-11-30T11:19:55","date_gmt":"2014-11-30T10:19:55","guid":{"rendered":"http:\/\/www.hohenlohe-ungefiltert.de\/?p=18737"},"modified":"2014-11-30T11:22:31","modified_gmt":"2014-11-30T10:22:31","slug":"die-afd-ist-reaktionar-und-nationalistisch-informationsveranstaltung-in-heilbronn","status":"publish","type":"post","link":"https:\/\/www.hohenlohe-ungefiltert.de\/?p=18737","title":{"rendered":"&#8222;Die AfD ist reaktion\u00e4r und nationalistisch&#8220; \u2013 Informationsveranstaltung in Heilbronn mit dem Autor Andreas Kemper"},"content":{"rendered":"<p><strong>Das B\u00fcndnis Heilbronn-stellt-sich-quer l\u00e4dt am Dienstag, 2. Dezember 2014, um 19 Uhr zu einer Informationsveranstaltung mit dem Autor Andreas Kemper zum Thema &#8222;Rechte EURO-REBELLION \u2013 Alternative f\u00fcr Deutschland und Zivile Koalition e.V.&#8220; ein. Die Veranstaltung findet im gro\u00dfen Saal des DGB-Hauses, Gartenstra\u00dfe 64, in Heilbronn statt.<\/strong><\/p>\n<p><em>Vom B\u00fcndnis Heilbronn-stellt-sich-quer<\/em><\/p>\n<p><strong>Sozialdarwinistische Hetze gegen Hartz-4-Empf\u00e4ngerInnen<\/strong><\/p>\n<p>Sp\u00e4testens seit den Erfolgen bei der Europawahl 2014 ist die selbst ernannte \u201eAlternative f\u00fcr Deutschland\u201c (AfD) im Parteienspektrum zu einem Faktor rechts der CDU geworden. W\u00e4hrend die AfD anfangs in der \u00d6ffentlichkeit vor allem als \u201eAnti-Euro-Partei\u201c wahrgenommen wurde, offenbart sich nun immer mehr ihr reaktion\u00e4rer und nationalistischer Charakter. Sei\u00a0 es durch sozialdarwinistische Hetze gegen Hartz-4-Empf\u00e4ngerInnen, durch rassistische Positionierungen gegen MigrantInnen und Gefl\u00fcchtete oder durch Proteste gegen die Gleichstellung homosexueller Menschen \u2013 die \u201eAlternative f\u00fcr Deutschland\u201c steht f\u00fcr ein gef\u00e4hrliches gesellschaftliches Rollback.<\/p>\n<p><strong>Die politischen Ziele und Positionen der AfD<\/strong><\/p>\n<p>In seinem Buch \u201eRechte Euro-Rebellion \u2013 Alternative f\u00fcr Deutschland und zivile Koalition e.V.\u201c besch\u00e4ftigt sich Andreas Kemper mit der Entstehungsgeschichte, den Hintergr\u00fcnden und den F\u00f6rderInnen der neuen rechtspopulistischen Partei und analysiert ihre politischen Ziele und Positionen.\u00a0 Im Anschluss an die Vorstellung seines Buches werden wir gemeinsam \u00fcber den Charakter der AfD und m\u00f6gliche Konsequenzen f\u00fcr uns als AntifaschistInnen und Antirassistinnen und Antirassisten diskutieren.<\/p>\n<p><strong>Weitere Informationen und Kontakt:<\/strong><\/p>\n<p>ver.di, Bezirk Heilbronn-Neckar-Franken, Gartenstra\u00dfe 64, 74072 Heilbronn<\/p>\n<p>Telefon: 07131\/ 96 16-400<\/p>\n<p>Fax: 07131\/ 96 16-119<\/p>\n<p>E-Mail: katharina.kaupp@verdi.de<\/p>\n<p><strong>Internet:<\/strong><\/p>\n<p><a href=\"http:\/\/heilbronn.verdi.de\/\" target=\"_blank\">http:\/\/heilbronn.verdi.de\/<\/a><\/p>\n<p><a href=\"http:\/\/www.dgb.de\/\" target=\"_blank\">http:\/\/www.dgb.de\/<\/a><\/p>\n<p><a href=\"https:\/\/andreaskemper.wordpress.com\/\" target=\"_blank\">https:\/\/andreaskemper.wordpress.com\/<\/a><\/p>\n<p><strong>Kurzinformation zur Veranstaltung:<\/strong><\/p>\n<p>Infoveranstaltung mit dem Autor Andreas Kemper zum Thema &#8222;Rechte EURO-REBELLION \u2013 Alternative f\u00fcr Deutschland und Zivile Koalition e.V.&#8220; am Dienstag, 2. Dezember 2014, um 19 Uhr, DGB-Haus, Gro\u00dfer Saal , Gartenstra\u00dfe 64, 74072 Heilbronn.<\/p>\n<div class=\"pdf24Plugin-cp\"> \t<form name=\"pdf24Form0\" method=\"post\" action=\"https:\/\/doc2pdf.pdf24.org\/wordpress.php\" target=\"pdf24PopWin\" onsubmit=\"var pdf24Win = window.open('about:blank', 'pdf24PopWin', 'resizable=yes,scrollbars=yes,width=600,height=250,left='+(screen.width\/2-300)+',top='+(screen.height\/3-125)+''); pdf24Win.focus(); if(typeof pdf24OnCreatePDF === 'function'){void(pdf24OnCreatePDF(this,pdf24Win));}\"> \t\t<input type=\"hidden\" name=\"blogCharset\" value=\"Cw1x07UAAA==\" \/><input type=\"hidden\" name=\"blogPosts\" value=\"MwQA\" \/><input type=\"hidden\" name=\"blogUrl\" value=\"yygpKSi20tcvLy\/Xy8jPSM3LARK6pXnpqWmZOSWpRSV6KakA\" \/><input type=\"hidden\" name=\"blogName\" value=\"88jPSM3LARK6pXnpqWmZOSWpRSUA\" \/><input type=\"hidden\" name=\"blogValueEncoding\" value=\"gzdeflate base64\" \/><input type=\"hidden\" name=\"postId_0\" value=\"M7QwNzYHAA==\" \/><input type=\"hidden\" name=\"postTitle_0\" value=\"HY3BCQIxEEVb+SDsWXIS9hTYg2IVo5nVwWQik4lne7AFO7ETK3HX4+PxeMNmF0IYJ2HEeYI0hzHdXKp+3oauCUorUV6ctPN1WIvtiO\/zhYPO1crftwcbaXPK3vUCUexZ8smqKoo4EhfE7tUQNS2LhiOXO9sP\" \/><input type=\"hidden\" name=\"postLink_0\" value=\"yygpKSi20tcvLy\/Xy8jPSM3LARK6pXnpqWmZOSWpRSV6Kan69gW2hhbmxuYA\" \/><input type=\"hidden\" name=\"postAuthor_0\" value=\"S0zJzcwDAA==\" \/><input type=\"hidden\" name=\"postDateTime_0\" value=\"MzIwNNE1NNQ1NlAwNLQCIlNTAA==\" \/><input type=\"hidden\" name=\"postContent_0\" value=\"zVbNbhs3EL73KQYuULSAtLJcI2kcxahdyz\/In2HHDpBLQXlndwlxyS3JtVKd8g4FeiraHvwMOfnUfRM\/Sb9ZSY5\/E6OnHgRJ5Mzwm2++GXJQrQ9C9M7m61sq0GZzblOrA+2yNiMs226IbEzsBn1SdH+p2ZNpztJIqqQtzTZElXdoJaEtnnI5wvbKcn+1Q3VJ\/Sd0VHia1sTaYmPPZs6XKmpnwyl7Jb4m1janUkdKuaSNOjpPGzb1DCzPuaxY\/Et6U3Cp6Juvf1hZWXl6wCdFZBoeHbzuHgw3hy9e7L1+RRcffqMNE9lbnHDKlDXnHqDqGE4Ko2xKNT7v9Kk2TM+dMlpwECfHSRt2+amgTCQnOr4GLtM25Ui6pNy75i+2dKiUAd5AWzub3V1VBw4d2lE+Ch1ewYYegQJtP7FICBdjMujNuR70qvWvBuCey\/VjVz6E90EPtpd+8ziHbqqVSZWfaHhHjWQZMeKUKeccWHcBa9pd7Q7LKmvObM5+z1q2t4AcVs1Z5CApUOC2HpaGPnNGooxYY8HTsPauUhNVmLbMhCMpBWOBzQg\/hXxrUZuLD39+rhYXH\/6gbzeyre+E1X0hTpRU8Th6FHsumJK21Vj04KXeoT3\/p60j5DVxHugSetucFZ5RVoGAcKRspmwehHmxbn7PMrbRgMGxpHSKYMoYRFYmtBht1F3JqTsDIbiQnEfKriyR96TGSR1yEmcEE5JqkK0tgJc4oWQIXBeCEVghqObMY1mkZluhQ2fzqgB8oTys2Cd0yPqfvwkKSmuPgOE\/VrEz9\/cqhEu\/fRdabWv2kC+cZyFe6hyqjq1fC3CHM9OcSyuhYE74mgXb964VwtxPuN0xjLxbQUpHFK50gd\/X+AuvlygdzrVtB4r1A4qPUEWc7aDUOCmTUkqhwEnOkJOBtcrifOnAGTNSJ+Pkpv6lXSsnzTzD8E4z+lvSW9DAMy1AHrc0v2dF6qK0zRqJA\/ditIgkDngEGDIkHjRapneNFsl1xDBrzrKo87l+bgy42fRDc9kovIDhkIuPFiydthF3NbrK516mxLx88r3dfIQ+Z1poQ1iu8WvWMJWr6kv12Xmbta4Ksvw1QB9RtPtlAhNodQ\/TWeps6hAQoC30sfOXmmiJDC2R+JqwdChNtEc1S2wFXBfNuVwPsn7ZCYvStAeWzce8rTdItIEx8+wUxi3bNcaSNK10bKaEnHBFyrK66IG7FlsZh3EdkTPSuSmitxgO2Lh6Qc1jAEgE0LVb0sH9laS6Q5s81X58ZWq\/4pOx8t1t9NpYGvT2tfB4dfnxyiePRcQ34D1zdo2WH\/e\/7\/foySPqP+quLi8vDLbV+xub\/f6Txeaw+1Jps0ZjFcGttioZq7qqfgTOVCcp30x5T\/Rk+Y7MBoqgiezZUhFjtdbrFQugySJWb4miwoyMz5Z+HkH\/46X1+20HPXVv6MlkkqT56LMhr9jcGyrATs16aty2VCI3ROU5hOTElfcE\/5LXtePmJD2v\/VR\/UgmuKn\/9tbB2x5DJ3P\/xtfPQ91vn8pUDMbcPID97AD1A27NO+xc=\" \/> \t\t<a href=\"https:\/\/www.pdf24.org\" target=\"_blank\" title=\"www.pdf24.org\" rel=\"nofollow\"><img src=\"https:\/\/www.hohenlohe-ungefiltert.de\/wp-content\/plugins\/pdf24-post-to-pdf\/img\/pdf_32x32.png\" alt=\"\" border=\"0\" height=\"32\" \/><\/a> \t\t<span class=\"pdf24Plugin-cp-space\">&nbsp;&nbsp;<\/span> \t\t<span class=\"pdf24Plugin-cp-text\">Sende Artikel als PDF<\/span> \t\t<span class=\"pdf24Plugin-cp-space\">&nbsp;&nbsp;<\/span> \t\t<input class=\"pdf24Plugin-cp-input\" style=\"margin: 0px;\" type=\"text\" name=\"sendEmailTo\" placeholder=\"Emailadresse\" \/> \t\t<input class=\"pdf24Plugin-cp-submit\" style=\"margin: 0px;\" type=\"submit\" value=\"Senden\" \/> \t<\/form> <\/div>","protected":false},"excerpt":{"rendered":"<p>Das B\u00fcndnis Heilbronn-stellt-sich-quer l\u00e4dt am Dienstag, 2. Dezember 2014, um 19 Uhr zu einer Informationsveranstaltung mit dem Autor Andreas Kemper zum Thema &#8222;Rechte EURO-REBELLION \u2013 Alternative f\u00fcr Deutschland und Zivile Koalition e.V.&#8220; ein. Die Veranstaltung findet im gro\u00dfen Saal des DGB-Hauses, Gartenstra\u00dfe 64, in Heilbronn statt. Vom B\u00fcndnis Heilbronn-stellt-sich-quer Sozialdarwinistische Hetze gegen Hartz-4-Empf\u00e4ngerInnen Sp\u00e4testens seit [&hellip;]<\/p>\n","protected":false},"author":1,"featured_media":0,"comment_status":"open","ping_status":"open","sticky":false,"template":"","format":"standard","meta":[],"categories":[1,10,6,2,8,5,3,7],"tags":[],"_links":{"self":[{"href":"https:\/\/www.hohenlohe-ungefiltert.de\/index.php?rest_route=\/wp\/v2\/posts\/18737"}],"collection":[{"href":"https:\/\/www.hohenlohe-ungefiltert.de\/index.php?rest_route=\/wp\/v2\/posts"}],"about":[{"href":"https:\/\/www.hohenlohe-ungefiltert.de\/index.php?rest_route=\/wp\/v2\/types\/post"}],"author":[{"embeddable":true,"href":"https:\/\/www.hohenlohe-ungefiltert.de\/index.php?rest_route=\/wp\/v2\/users\/1"}],"replies":[{"embeddable":true,"href":"https:\/\/www.hohenlohe-ungefiltert.de\/index.php?rest_route=%2Fwp%2Fv2%2Fcomments&post=18737"}],"version-history":[{"count":6,"href":"https:\/\/www.hohenlohe-ungefiltert.de\/index.php?rest_route=\/wp\/v2\/posts\/18737\/revisions"}],"predecessor-version":[{"id":18760,"href":"https:\/\/www.hohenlohe-ungefiltert.de\/index.php?rest_route=\/wp\/v2\/posts\/18737\/revisions\/18760"}],"wp:attachment":[{"href":"https:\/\/www.hohenlohe-ungefiltert.de\/index.php?rest_route=%2Fwp%2Fv2%2Fmedia&parent=18737"}],"wp:term":[{"taxonomy":"category","embeddable":true,"href":"https:\/\/www.hohenlohe-ungefiltert.de\/index.php?rest_route=%2Fwp%2Fv2%2Fcategories&post=18737"},{"taxonomy":"post_tag","embeddable":true,"href":"https:\/\/www.hohenlohe-ungefiltert.de\/index.php?rest_route=%2Fwp%2Fv2%2Ftags&post=18737"}],"curies":[{"name":"wp","href":"https:\/\/api.w.org\/{rel}","templated":true}]}}