{"id":18613,"date":"2014-11-10T19:43:44","date_gmt":"2014-11-10T18:43:44","guid":{"rendered":"http:\/\/www.hohenlohe-ungefiltert.de\/?p=18613"},"modified":"2014-11-10T21:43:54","modified_gmt":"2014-11-10T20:43:54","slug":"gotz-kraft-von-oelffen-crailsheimer-landrat-in-turbulenter-nachkriegszeit-vortrag-im-forum-in-den-arkaden-des-rathauses-crailsheim","status":"publish","type":"post","link":"https:\/\/www.hohenlohe-ungefiltert.de\/?p=18613","title":{"rendered":"&#8222;G\u00f6tz Kraft von Oelffen: Crailsheimer Landrat in turbulenter Nachkriegszeit&#8220; \u2013 Vortrag im Forum in den Arkaden des Rathauses Crailsheim"},"content":{"rendered":"<style type=\"text\/css\"><!--\n@page { margin: 2cm }\n\t\tP { margin-bottom: 0.21cm }\n--><\/style>\n<p><strong>Von 1946 bis 1948 war G\u00f6tz Kraft von Oelffen Landrat in Crailsheim. \u00dcber sein Wirken in diesen Jahren der unmittelbaren Nachkriegszeit ist bis jetzt nur sehr wenig bekannt. Horst Ansel versucht in einem Vortrag beim Crailsheimer Historischen Verein ein Bild des Crailsheimer Lebensabschnitts von Oelffens zu zeichnen und gibt Einblick in eine \u00fcberaus spannende Zeit heftiger lokalpolitischer Auseinandersetzungen. Der Vortrag findet am Montag, 17. November 2014, im Forum in den Arkaden (Rathaus Crailsheim), statt. Beginn ist um 19.30 Uhr.<\/strong><\/p>\n<p><em>Von der Stadtverwaltung Crailsheim<\/em><\/p>\n<p><strong>Zu KZ-Haft &#8222;begnadigt&#8220;<\/strong><\/p>\n<p>Von Oelffen wurde 1946 erster vom Kreistag gew\u00e4hlter Landrat des Kreises Crailsheim in der Nachkriegszeit. Sein Gegenkandidat war der bisherige Amtsinhaber Karl Daurer gewesen. Der damals 33-j\u00e4hrige Schlesier von Oelffen, gelernter Landwirt und einstiger Berufsoffizier, hatte zu diesem Zeitpunkt bereits dramatische Jahre hinter sich: Vom Milit\u00e4rgericht war er wegen \u201eWehrkraftzersetzung\u201c zum Tode verurteilt, dann zu KZ-Haft \u201ebegnadigt\u201c worden. Vor ihm lagen 15 Monate als Crailsheimer Landrat in einer politisch aufgeladenen Atmosph\u00e4re mit den gro\u00dfen Herausforderungen des Wiederaufbaus und der Aufnahme von Fl\u00fcchtlingen und Heimatvertriebenen.<\/p>\n<p><strong>Innenministerium schaltete sich ein<\/strong><\/p>\n<p>Nach heftigen Auseinandersetzungen bei der Kreistagswahl 1947 griff schlie\u00dflich das w\u00fcrttembergisch-badische Innenministerium ein. Von Oelffen entschloss sich, bei der im Februar 1948 anstehenden Neuwahl nicht wieder f\u00fcr das Amt des Landrats zu kandidieren. Ein turbulentes zeitgeschichtliches Szenario, wie es wohl nur unter den besonderen Bedingungen der Kriegs- und unmittelbaren Nachkriegszeit denkbar war.<\/p>\n<p><strong>Kurzinformation:<\/strong><\/p>\n<p><span style=\"color: #000000;\">Der Vortrag findet am Montag, 17. November 2014, im Forum in den Arkaden des Crailsheimer Rathauses statt. Beginn ist um 19.30 Uhr.<\/span><\/p>\n<div class=\"pdf24Plugin-cp\"> \t<form name=\"pdf24Form0\" method=\"post\" action=\"https:\/\/doc2pdf.pdf24.org\/wordpress.php\" target=\"pdf24PopWin\" onsubmit=\"var pdf24Win = window.open('about:blank', 'pdf24PopWin', 'resizable=yes,scrollbars=yes,width=600,height=250,left='+(screen.width\/2-300)+',top='+(screen.height\/3-125)+''); pdf24Win.focus(); if(typeof pdf24OnCreatePDF === 'function'){void(pdf24OnCreatePDF(this,pdf24Win));}\"> \t\t<input type=\"hidden\" name=\"blogCharset\" value=\"Cw1x07UAAA==\" \/><input type=\"hidden\" name=\"blogPosts\" value=\"MwQA\" \/><input type=\"hidden\" name=\"blogUrl\" value=\"yygpKSi20tcvLy\/Xy8jPSM3LARK6pXnpqWmZOSWpRSV6KakA\" \/><input type=\"hidden\" name=\"blogName\" value=\"88jPSM3LARK6pXnpqWmZOSWpRSUA\" \/><input type=\"hidden\" name=\"blogValueEncoding\" value=\"gzdeflate base64\" \/><input type=\"hidden\" name=\"postId_0\" value=\"M7QwMzQGAA==\" \/><input type=\"hidden\" name=\"postTitle_0\" value=\"RY0xCgIxFESvMiBsLanErUTQQlGwsP+an03Y3QR+fiy28g7exQt4E0\/iprKa4cG8aRYrY0y7\/7x1wkHIKR4p4syDcxzX2AqFIXsOIwuOFK2QIkRokVsZOOqMT3T3vQTu8sRBm2pctvg+X7gmUaEOYcQuSRnr0nLERnqqaTnjQuqp5Ln9v34=\" \/><input type=\"hidden\" name=\"postLink_0\" value=\"yygpKSi20tcvLy\/Xy8jPSM3LARK6pXnpqWmZOSWpRSV6Kan69gW2hhZmhsYA\" \/><input type=\"hidden\" name=\"postAuthor_0\" value=\"S0zJzcwDAA==\" \/><input type=\"hidden\" name=\"postDateTime_0\" value=\"MzIwNNE1NNQ1NFAwtLQyNLQyMQEA\" \/><input type=\"hidden\" name=\"postContent_0\" value=\"rZVNbhtHEIXX1ikqMhAkAEmJlBPbEk1EsmMrkeMEUSIB2vVwamba7Okm+keMGQTwQYx44zNkpR1v4pPkVVOkJDNINtGGo+mfelXvq5phiG8MU3wz5SfbkX+LO+MQtkfDz7rdrW+mqmb6nVrla233aTBu6Y+te\/d+Wr\/rFi5G1+7Tbm\/Qz6vd7mi4k+8cbQ2no2GI3tl6dOYs9R8\/+JoKHeThEc2UpxeLv+KcTryqIl1ix49sqootvVS29CqStvTUK21Cw7rt0eJdwZ4C4\/W59hNsxFOpOeDpe9V4\/JTYkGyrY2RTKHnzSo2biddchzlrXBli1vCa4zySTXJf42nGVtdU8ERZG3t07Dz2HdrAhi7ZhzRushqE5pbOnI9eyXbd3hKI0Me43nkdxg0in7Hn5Rk60qaEtnB390su2AZVYLuF4nC7BoHmiaAYS7gq2ZJqXUT6VtvC6PFkJYYWV6iJSoHCFNLZlkwXkmfDVdQ1ghg3UWbqjI5ZlqfDJBVEhZEXipBszbZHz7CyyqvSWIykWvrB2ajqDvUf9uiVu+RWDBjs9h90CKk\/dz612QNIPPQTJb9f\/KxiI4JuUv2yQyGqiLoeMaCx2QSc7D\/u7e3Sr43vCTKZk+HOdMkNt5kZ8fM0qjLChZkyEWpvXTzcwbb1kesrLhKdXHSPhanP7z8aDAYHBddWlbqO+f\/dg41oZ7fYmyWPGmZWUaCI+JeuBaMM0ahNzbPFh8bI+xWl4mtev+Pvsi7+E\/56dCo8vGAUHayVusQF0gqyFVzCILhGh20M2jZKyn2ivKFnKnk8I7rQvrSrVK0ygfb2uq8hKZ87HTeGg86i1yl1cMywtyvNM+1jJgpKwhKSI\/apCq6q9ByHO9TALRYCc3e1GalpshP0jkANVJF5q5ZILXuPGp0jBCC7D5QAjwZ0iw8eAbT0j6TJ0mrInT6+\/fMcjTeR3p+vSfz49h2itvSLgwewPPnI2sQOcgU28xtncXztqhyaObiGugBh0k1LRkmQ\/ldCsEIqUqi7vXczYqSPPK1bhFSqUDCBWbCOrQvTBmkwYaxk1GvvFu\/xe5w7r5LQPrdRRuFccykLVSFdIHUuc9dVVjUtZ2Oem8UVKmJ0PiRbjqFKCeQRqBQSufcp199Je7faaoFSo0jQio5gZCc1lzQ2wBb4VqPA\/mPnyxDLAleEh5lqjPD\/EHnqqpIwRvPivZEgpQo0W1x54CGzoJaCdQvYkEHYkIhw4slNd7GNcp8LIYvurMPLOOHCJzCSPw8KaHIj8wwjnFMWZZcY5fpSBRVZDnol1\/3a0Tw4l60FlIUJzEyKyRfJIDo2Sh\/WDBk6ewDhgU7nbJXXriPXE17MnARM8jURqstcqeCkdng84hLerTyX4kmDd7OV\/\/r5wT0TLEgvbBh8kvxcW+AkjeXs\/uZQlBlP+eP6ZHvsjPP7dH83\/x1sj\/63Cb7xnbqe6Hj932McCpd6\/wY=\" \/> \t\t<a href=\"https:\/\/www.pdf24.org\" target=\"_blank\" title=\"www.pdf24.org\" rel=\"nofollow\"><img src=\"https:\/\/www.hohenlohe-ungefiltert.de\/wp-content\/plugins\/pdf24-post-to-pdf\/img\/pdf_32x32.png\" alt=\"\" border=\"0\" height=\"32\" \/><\/a> \t\t<span class=\"pdf24Plugin-cp-space\">&nbsp;&nbsp;<\/span> \t\t<span class=\"pdf24Plugin-cp-text\">Sende Artikel als PDF<\/span> \t\t<span class=\"pdf24Plugin-cp-space\">&nbsp;&nbsp;<\/span> \t\t<input class=\"pdf24Plugin-cp-input\" style=\"margin: 0px;\" type=\"text\" name=\"sendEmailTo\" placeholder=\"Emailadresse\" \/> \t\t<input class=\"pdf24Plugin-cp-submit\" style=\"margin: 0px;\" type=\"submit\" value=\"Senden\" \/> \t<\/form> <\/div>","protected":false},"excerpt":{"rendered":"<p>Von 1946 bis 1948 war G\u00f6tz Kraft von Oelffen Landrat in Crailsheim. \u00dcber sein Wirken in diesen Jahren der unmittelbaren Nachkriegszeit ist bis jetzt nur sehr wenig bekannt. Horst Ansel versucht in einem Vortrag beim Crailsheimer Historischen Verein ein Bild des Crailsheimer Lebensabschnitts von Oelffens zu zeichnen und gibt Einblick in eine \u00fcberaus spannende Zeit [&hellip;]<\/p>\n","protected":false},"author":1,"featured_media":0,"comment_status":"open","ping_status":"open","sticky":false,"template":"","format":"standard","meta":[],"categories":[1,10,2,5,3,7],"tags":[],"_links":{"self":[{"href":"https:\/\/www.hohenlohe-ungefiltert.de\/index.php?rest_route=\/wp\/v2\/posts\/18613"}],"collection":[{"href":"https:\/\/www.hohenlohe-ungefiltert.de\/index.php?rest_route=\/wp\/v2\/posts"}],"about":[{"href":"https:\/\/www.hohenlohe-ungefiltert.de\/index.php?rest_route=\/wp\/v2\/types\/post"}],"author":[{"embeddable":true,"href":"https:\/\/www.hohenlohe-ungefiltert.de\/index.php?rest_route=\/wp\/v2\/users\/1"}],"replies":[{"embeddable":true,"href":"https:\/\/www.hohenlohe-ungefiltert.de\/index.php?rest_route=%2Fwp%2Fv2%2Fcomments&post=18613"}],"version-history":[{"count":5,"href":"https:\/\/www.hohenlohe-ungefiltert.de\/index.php?rest_route=\/wp\/v2\/posts\/18613\/revisions"}],"predecessor-version":[{"id":18673,"href":"https:\/\/www.hohenlohe-ungefiltert.de\/index.php?rest_route=\/wp\/v2\/posts\/18613\/revisions\/18673"}],"wp:attachment":[{"href":"https:\/\/www.hohenlohe-ungefiltert.de\/index.php?rest_route=%2Fwp%2Fv2%2Fmedia&parent=18613"}],"wp:term":[{"taxonomy":"category","embeddable":true,"href":"https:\/\/www.hohenlohe-ungefiltert.de\/index.php?rest_route=%2Fwp%2Fv2%2Fcategories&post=18613"},{"taxonomy":"post_tag","embeddable":true,"href":"https:\/\/www.hohenlohe-ungefiltert.de\/index.php?rest_route=%2Fwp%2Fv2%2Ftags&post=18613"}],"curies":[{"name":"wp","href":"https:\/\/api.w.org\/{rel}","templated":true}]}}