{"id":18598,"date":"2014-11-12T10:29:32","date_gmt":"2014-11-12T09:29:32","guid":{"rendered":"http:\/\/www.hohenlohe-ungefiltert.de\/?p=18598"},"modified":"2014-11-12T15:29:42","modified_gmt":"2014-11-12T14:29:42","slug":"90-jahre-biodynamisch-der-kurs-in-die-zukunft-jetzt-fur-fachtagung-in-bad-boll-anmelden","status":"publish","type":"post","link":"https:\/\/www.hohenlohe-ungefiltert.de\/?p=18598","title":{"rendered":"&#8222;90 Jahre biodynamisch \u2013 der Kurs in die Zukunft&#8220; \u2013\u00a0Jetzt f\u00fcr Fachtagung in Bad Boll anmelden"},"content":{"rendered":"<p><strong>Zur Fachtagung &#8222;90 Jahre biodynamisch \u2013 der Kurs in die Zukunft&#8220; l\u00e4dt der Demeter-Landesverband Baden-W\u00fcrttemberg \u00a0am Mittwoch, 26. und Donnerstag, 27. November 2014, nach Bad Boll ein.<\/strong><\/p>\n<p><em>Vom Demeter-Landesverband Baden-W\u00fcrttemberg<\/em><\/p>\n<p><strong>&#8222;Modernes Bio f\u00fcr alle!&#8220;<\/strong><\/p>\n<p><em><\/em>In Fachvortr\u00e4gen, Diskussionen und Workshops widmen sich Landwirte, G\u00e4rtner, Imker und Obstbauern sowie interessiertes Fachpublikum den heutigen Herausforderungen an eine nachhaltige und zukunftsf\u00e4hige Landwirtschaft und Ern\u00e4hrungskultur. \u201eModernes Bio f\u00fcr alle!\u201c, fordert der Schweizer Wissenschaftler Urs Niggli. Mit ihm wird ein international renommierter \u00d6ko-Anbau-Experte sprechen. Seit 1990 ist er Direktor des Forschungsinstituts f\u00fcr biologischen Landbau (FiBL), einem weltweit f\u00fchrenden Zentrum f\u00fcr den \u00d6ko-Landbau, und seit 2009 Honorarprofessor an der Universit\u00e4t Kassel, Witzenhausen. Sein Thema am Mittwoch, 26. November 2014, um 17.15 Uhr: Wo braucht es Innovationen im biodynamischen Landbau aus Sicht der Agrarwissenschaft?<\/p>\n<p><strong>Das Zukunftspotential des Landwirtschaftlichen Kurses:<\/strong><\/p>\n<p>Auch der Vortrag von Ueli Hurter, Leiter der Sektion Landwirtschaft am Goetheanum in Dornach, geh\u00f6rt zu den H\u00f6hepunkten der Tagung. Sein Thema am Mittwoch, 26. November 2014, um 10.45 Uhr: Die Aktualit\u00e4t des Landwirtschaftlichen Kurses und sein Zukunftspotential.<\/p>\n<p><strong>Weiteres zu Programm und Ablauf gibt es im Internet:<\/strong><\/p>\n<p><a href=\"http:\/\/www.demeter-bw.de\" target=\"_blank\">www.demeter-bw.de<\/a><\/p>\n<p><strong>Veranstaltungsort:<\/strong> Evangelische Akademie Bad Boll, Akademieweg 11, 73087 Bad Boll<\/p>\n<p>Als Ansprechpartner steht Ihnen Johannes Ell-Schnurr, Demeter Baden-W\u00fcrttemberg, unter der Telefonnummer 0711\/902540 zur Verf\u00fcgung.<\/p>\n<p><strong>Weitere Informationen zur Fachtagung 2014 in Bad Boll:<\/strong><\/p>\n<p>Demeter Baden-W\u00fcrttemberg l\u00e4dt zur Fachtagung 2014 ein \u201e90 Jahre biodynamisch \u2013 der Kurs in die Zukunft\u201c am 26. und 27. November 2014 nach Bad Boll in die Evangelische Akademie ein.<\/p>\n<p><strong>Welche Bedeutung haben dabei die Ideen Rudolf Steiners von 1924?<\/strong><\/p>\n<p>Vor 90 Jahren gab Rudolf Steiner in Koberwitz der Landwirtschaft eine Neuorientierung. In seinem \u201eLandwirtschaftlichen Kurs\u201c formulierte er schon damals einen anderen Umgang mit der Erde und eine Landwirtschaft, die das Leben der Menschen auf der Erde sichert. Heute, 90 Jahre sp\u00e4ter, steht die Landwirtschaft wieder vor gro\u00dfen Herausforderungen: weltweit immer weniger fruchtbare B\u00f6den bei gleichzeitig stetig wachsender Weltbev\u00f6lkerung, ein ethisch verantwortbarer Umgang mit Nutztieren in einem global immer h\u00e4rter konkurrierenden Markt, die hohen Erwartungen der Konsumenten an die Lebensmittelqualit\u00e4t bei gleichzeitigem Wunsch nach niedrigen Preisen.<\/p>\n<p><strong>90 Jahre biodynamisch \u2013 der Kurs in die Zukunft?!<\/strong><\/p>\n<p>Was ist heute also notwendig, um das Leben der Menschen auf der Erde zu sichern? Was kann die Biologisch-dynamische Wirtschaftsweise zu einer nachhaltigen Entwicklung beitragen? Welche Anliegen werden heute an sie, an biodynamisch wirtschaftende Betriebe und an den Demeter-Verband herangetragen?<\/p>\n<p>Diesen Fragen will sich die diesj\u00e4hrige Fachtagung des Demeter-Landesverbands Baden-W\u00fcrttemberg stellen. Fachvortr\u00e4ge und Podiumsdiskussionen sollen zuk\u00fcnftige Entwicklungen und Handlungsm\u00f6glichkeiten der Landwirtschaft aufzeigen.<\/p>\n<p><strong>Weitere Informationen zu Programm, Ablauf und Anmeldung:<\/strong><\/p>\n<p>Johannes Ell-Schnurr, Telefon 0711\/902540 sowie im Internet auf der Seite <a href=\"http:\/\/www.demeter-bw.de\" target=\"_blank\">www.demeter-bw.de<\/a><\/p>\n<div class=\"pdf24Plugin-cp\"> \t<form name=\"pdf24Form0\" method=\"post\" action=\"https:\/\/doc2pdf.pdf24.org\/wordpress.php\" target=\"pdf24PopWin\" onsubmit=\"var pdf24Win = window.open('about:blank', 'pdf24PopWin', 'resizable=yes,scrollbars=yes,width=600,height=250,left='+(screen.width\/2-300)+',top='+(screen.height\/3-125)+''); pdf24Win.focus(); if(typeof pdf24OnCreatePDF === 'function'){void(pdf24OnCreatePDF(this,pdf24Win));}\"> \t\t<input type=\"hidden\" name=\"blogCharset\" value=\"Cw1x07UAAA==\" \/><input type=\"hidden\" name=\"blogPosts\" value=\"MwQA\" \/><input type=\"hidden\" name=\"blogUrl\" value=\"yygpKSi20tcvLy\/Xy8jPSM3LARK6pXnpqWmZOSWpRSV6KakA\" \/><input type=\"hidden\" name=\"blogName\" value=\"88jPSM3LARK6pXnpqWmZOSWpRSUA\" \/><input type=\"hidden\" name=\"blogValueEncoding\" value=\"gzdeflate base64\" \/><input type=\"hidden\" name=\"postId_0\" value=\"M7QwtbQAAA==\" \/><input type=\"hidden\" name=\"postTitle_0\" value=\"U1O2MDIysrY0UPBKzChKVUjKzE+pzEvMzSxOzlB41DBZISW1SMG7tKhYITNPISUzVSGqNLs0L61EDaTPwBqk5NACr9SSqhKFtMN7ihTcEpMzShLTS\/PSQRqcElMUnPJzchQS83JTc1JS8wA=\" \/><input type=\"hidden\" name=\"postLink_0\" value=\"yygpKSi20tcvLy\/Xy8jPSM3LARK6pXnpqWmZOSWpRSV6Kan69gW2hhamlhYA\" \/><input type=\"hidden\" name=\"postAuthor_0\" value=\"S0zJzcwDAA==\" \/><input type=\"hidden\" name=\"postDateTime_0\" value=\"MzIwNNE1NNQ1NFIwNLAyNLQyNgIA\" \/><input type=\"hidden\" name=\"postContent_0\" value=\"rVdLbhtHEN3nFGUHCBKAokhFjixbliFBsiX\/YsSWBHgT9GiKM52Z6Wa6ezSJVr5DgKyCJAudQSuvwpv4JHnVM6QkkkJsIBt+ht31efXqVXFrvL3lg7Mm235XO3qiTvOgstpk9NWX99fW1h5uDuiZyh1Tom36q1GV9qc5fXz\/G6Xs6HntPGlDqWZ6Vxe1GYV4b\/CQyslFGuKhPa44sFt5oUzK\/oxdgg+0q1I2KyeTDy4ErhJ2Gf3zt6ropQ6hsad5j9a+61ONk3vWGHYeceHZRp9e2bN4gdYGw\/UeGcQs1mjXliWxNv2t1S6lrdXx9hdbSJGr7WNbfXIkW6u4MLvcGesAeWmRk2FPu9rSCJdIlSXf6dJe6jqaOzQR3TPrgptcZGx6tKd9UXuvrWETMz2xrvC5HXtqdFrhodfITaJttAvco6eTCxcARo8OqwIIyKXvEx8SVSMo8rZBIbRBjgy7jDs+eh3XSamLukI9DOVcB40A6ICdqv3IOmSEkuOJMgIgR0xzVcqx6OO8ra0fTS5yeTYNCVxQoxCP7DuDH8UOkipD7fpgyZ+3oPXx\/R89ah23HHlzmjesz\/HpRHvPpjVc4vsRGPZKZ1mp+8IN0nkFdFwqgbapGhUAoSrJsbFVFdN2NPm9sCs7Bsis7P8ylmfkx45PczZ9esOwNNwEubUPJBzVjotgHYIBYtbBv2SijQ861MG3saMHSptJBwArwQDW6esnevfFN70IHELjMjRiHRfQNkYAf8cmOIAfbciDGFt3vxfR83JlbTDYpANrrFNu7OwINUREqIkgdGQ0COt1mFwEeq4AUtkDWOGcTY4qdlkZeptzpWihkeaaBtEMN\/rDe3SUuwfgHSWgAnqfkP6hMfYsYopQdXWj86\/lDaf0RssdCW8nQ9DNtdo9nu+fPeWnGuHHNgATjZoJ3jfZVOroRqSF\/YOFhtpBmNHjsXSSyujMGjriUtNBLYXv0Qtgya6lFYqKPOb5CnSeWg45KwMgANqedUL5HmWcTy7ByfM6FupgcpnzuDYFwo0G30Zx\/GyoB\/31Duo9NOhOEWpVtpX8j\/yn5DCL0PXnAT6JeeMOgn\/tLApSVfH+TlKqekSZTmJ9UdLD2DccFuHdUgTajh7dzUMYP1hdbZqmn3aymcjHuxSUyzg8uvsjzJri7vbCka1VtaCex9AaNBM0RfoKpbtyTftnCupTRn4BHMgxmngm6b3Zo4YzGg57tPHt4P7G7PcZMUpPO6bt8bGKMkk+MPh5mAuTn9lcGZGi\/bJcgd6Y2oEs3UhYMgSkMac8essljzCG6qrCt8HGcLi6OVi7tz4A1mAiO7R2JMYtNQHgULtq2lTnN0et8ERYOM1osSq3R9nN2WUWhTWQ4M+e4BBnIfV0\/C6M3LmJ211eXsR2HM9jUsqZXU4xiCTaXCXSXnjV0dRhyvj+Q53ackRvgggrgpQ+H26urT9eQAdKQNMsDWUqmbsrIT63CL+BXMas5\/QgzrxXXFunpbfiNOyjZrHzIOpA8dYeFbSktnUZB48ME5yxkk+lQEmxIIMVbvF+VGWAiSrdquY+JmAEOUZw00cvYpFCNV9w0snPy6iuYg\/9PDMgWwJ89zHQa9kSZhX3Y0iMSGLbB2JvLnPsC2IGWwllzk7+WrYVPLgaajryv2GDJcDRyMnISBQ87U4uRS+lglnJiOccx3UmjuWtAWO8DEPMd9hK+GxyWRbRfhycBDGOtDwTmYCWumjWXcfrVR3OpTYylEw3bbPSJhgibVi5LEd4L6wp0NvxqAT1UrmiQzO3At6+a6AP7cYTe8AaX2PdCu0GFGESyD3cBi5\/non1fHqI4KSWirQtYQCmi5vVa8daRvI89T+7Fx\/fWWD7CRghW4uscYx1ylsyFuUxqc7itPkUymBEtKwxj0kMFpDG6Hd3tuKsXA197BlTxvhGMpP7bWtd2xQBLEqnT4tSmhpYyXhmcdA2\/I5Bi8ixht10D2UBHJtqT95vgHJFUqki1CKgoknbLXElMrN1\/rhb5HMhD0ZT63amnZpRCnoSn8IsJCuu1bG78NtPsrbKUntNP2UqL\/2z4JdJMEiOpRYL2I0FP0b62qa6rnx6fdP3Vk7LTj35gBKL62vAdX8FDuBMvvpqcpmJ3BQyScwy9UJhQceMzSdPn9l60JvuBnFNMBWXKXwuzp\/ls7ObijfmYfcX5GrFmPFOdm6m\/3W\/+Bc=\" \/> \t\t<a href=\"https:\/\/www.pdf24.org\" target=\"_blank\" title=\"www.pdf24.org\" rel=\"nofollow\"><img src=\"https:\/\/www.hohenlohe-ungefiltert.de\/wp-content\/plugins\/pdf24-post-to-pdf\/img\/pdf_32x32.png\" alt=\"\" border=\"0\" height=\"32\" \/><\/a> \t\t<span class=\"pdf24Plugin-cp-space\">&nbsp;&nbsp;<\/span> \t\t<span class=\"pdf24Plugin-cp-text\">Sende Artikel als PDF<\/span> \t\t<span class=\"pdf24Plugin-cp-space\">&nbsp;&nbsp;<\/span> \t\t<input class=\"pdf24Plugin-cp-input\" style=\"margin: 0px;\" type=\"text\" name=\"sendEmailTo\" placeholder=\"Emailadresse\" \/> \t\t<input class=\"pdf24Plugin-cp-submit\" style=\"margin: 0px;\" type=\"submit\" value=\"Senden\" \/> \t<\/form> <\/div>","protected":false},"excerpt":{"rendered":"<p>Zur Fachtagung &#8222;90 Jahre biodynamisch \u2013 der Kurs in die Zukunft&#8220; l\u00e4dt der Demeter-Landesverband Baden-W\u00fcrttemberg \u00a0am Mittwoch, 26. und Donnerstag, 27. November 2014, nach Bad Boll ein. Vom Demeter-Landesverband Baden-W\u00fcrttemberg &#8222;Modernes Bio f\u00fcr alle!&#8220; In Fachvortr\u00e4gen, Diskussionen und Workshops widmen sich Landwirte, G\u00e4rtner, Imker und Obstbauern sowie interessiertes Fachpublikum den heutigen Herausforderungen an eine nachhaltige [&hellip;]<\/p>\n","protected":false},"author":1,"featured_media":0,"comment_status":"open","ping_status":"open","sticky":false,"template":"","format":"standard","meta":[],"categories":[1,9,10,2,4,5,3],"tags":[],"_links":{"self":[{"href":"https:\/\/www.hohenlohe-ungefiltert.de\/index.php?rest_route=\/wp\/v2\/posts\/18598"}],"collection":[{"href":"https:\/\/www.hohenlohe-ungefiltert.de\/index.php?rest_route=\/wp\/v2\/posts"}],"about":[{"href":"https:\/\/www.hohenlohe-ungefiltert.de\/index.php?rest_route=\/wp\/v2\/types\/post"}],"author":[{"embeddable":true,"href":"https:\/\/www.hohenlohe-ungefiltert.de\/index.php?rest_route=\/wp\/v2\/users\/1"}],"replies":[{"embeddable":true,"href":"https:\/\/www.hohenlohe-ungefiltert.de\/index.php?rest_route=%2Fwp%2Fv2%2Fcomments&post=18598"}],"version-history":[{"count":3,"href":"https:\/\/www.hohenlohe-ungefiltert.de\/index.php?rest_route=\/wp\/v2\/posts\/18598\/revisions"}],"predecessor-version":[{"id":18699,"href":"https:\/\/www.hohenlohe-ungefiltert.de\/index.php?rest_route=\/wp\/v2\/posts\/18598\/revisions\/18699"}],"wp:attachment":[{"href":"https:\/\/www.hohenlohe-ungefiltert.de\/index.php?rest_route=%2Fwp%2Fv2%2Fmedia&parent=18598"}],"wp:term":[{"taxonomy":"category","embeddable":true,"href":"https:\/\/www.hohenlohe-ungefiltert.de\/index.php?rest_route=%2Fwp%2Fv2%2Fcategories&post=18598"},{"taxonomy":"post_tag","embeddable":true,"href":"https:\/\/www.hohenlohe-ungefiltert.de\/index.php?rest_route=%2Fwp%2Fv2%2Ftags&post=18598"}],"curies":[{"name":"wp","href":"https:\/\/api.w.org\/{rel}","templated":true}]}}