{"id":1848,"date":"2009-05-07T10:22:52","date_gmt":"2009-05-07T09:22:52","guid":{"rendered":"http:\/\/www.hohenlohe-ungefiltert.de\/?p=1848"},"modified":"2009-05-07T10:29:05","modified_gmt":"2009-05-07T09:29:05","slug":"demonstration-in-berlin-fur-ein-soziales-europa-am-samstag-16-mai-2009-shuttlebusse-aus-hohenlohe-bringen-demonstranten-zum-sonderzug","status":"publish","type":"post","link":"https:\/\/www.hohenlohe-ungefiltert.de\/?p=1848","title":{"rendered":"Gewerkschaften demonstrieren am Samstag, 16. Mai 2009, in Berlin f\u00fcr ein soziales Europa: Shuttlebusse aus Hohenlohe bringen Demonstranten zum Sonderzug"},"content":{"rendered":"<p><strong> &#8222;Die Krise bek\u00e4mpfen&#8220; Sozialpakt f\u00fcr Europa &#8211; die Verursacher m\u00fcssen zahlen! Eine gro\u00dfe Europa-Demonstration findet am Samstag, 16. Mai 2009 in Berlin statt. Der Deutsche Gewerkschaftsbund (DGB) Heilbronn-Franken organisiert eine Zugfahrt nach Berlin. Fahrkarten gibt es beim DGB-B\u00fcro in Heilbronn (<\/strong><a href=\"http:\/\/www.heilbronn-franken.dgb.de\" target=\"_blank\">www.heilbronn-franken.dgb.de<\/a>)<strong>.<\/strong><\/p>\n<p><em>Von Bernhard L\u00f6ffler, DGB-Regionsvorsitzender Heilbronn-Franken<\/em><\/p>\n<p><strong>Krise nicht auf Kosten der ArbeitnehmerInnen bew\u00e4ltigen<\/strong><br \/>\nBei der Gro\u00dfkundgebung demonstrieren die Gewerkschaften f\u00fcr ein soziales Europa. Die Demonstration ist Teil der Aktionstage des Europ\u00e4ischen Gewerkschaftsbundes (EGB) bei der ein Signal f\u00fcr eine gemeinsame europ\u00e4ische Krisenbew\u00e4ltigung gesetzt werden soll, damit die Wirtschafts- und Finanzkrise nicht auf Kosten der europ\u00e4ischen Arbeitnehmer\/innen bew\u00e4ltigt wird. Zur Kundgebung und Demonstration f\u00e4hrt die DGB-Region Heilbronn-Franken mit dem Sonderzug nach Berlin.<\/p>\n<p><strong>Shuttlebusse aus Hohenlohe fahren zum Sonderzug <\/strong><br \/>\nZustiegsm\u00f6glichkeiten in den Sonderzug sind in Heilbronn, Neckarsulm, Osterburken und Lauda m\u00f6glich . Aus dem Hohenlohischen fahren Shuttle-Busse zu den Einstiegsorten (n\u00e4here Details siehe unten). Eine Mitfahrt ist nur mit einer Fahrkarte m\u00f6glich, welche den Platz im Zug garantiert. Informationen zu den Abfahrtszeiten und Zustiegsm\u00f6glichkeiten finden sich auf der DGB-Homepage: <a href=\"http:\/\/www.heilbronn-franken.dgb.de\" target=\"_blank\">www.heilbronn-franken.dgb.de<\/a><\/p>\n<p><strong>Weitere Informationen und Fahrkarten<\/strong> gibt es beim DGB Heilbronn-Franken, Gartenstra\u00dfe 64, 74072 Heilbronn, Telefon\u00a0 07131 &#8211; 88880-10, Fax 07131 &#8211; 88880-19, E-Mail heilbronn@dgb.de, Internet <a href=\"http:\/\/www.heilbronn-franken.dgb.de\" target=\"_blank\">www.heilbronn-franken.dgb.de<\/a><\/p>\n<p><a href=\"http:\/\/www.heilbronn-franken.dgb.de\" target=\"_blank\"><\/a><strong>Abfahrtszeiten<\/strong> <strong>des Sonderzugs<\/strong> sind <strong>Heilbronn<\/strong><strong>, <\/strong>Hauptbahnhof &#8211; 00:11 Uhr, <strong>Neckarsulm<\/strong> &#8211; 00:18 Uhr, <strong>Osterburken<\/strong> &#8211; 00:51 Uhr und <strong>Lauda<\/strong> &#8211; 01:14 Uhr.<br \/>\nEs gibt <strong>Shuttlebusse<\/strong> zu den genannten Bahnh\u00f6fen!<br \/>\nZielort Heilbronn: <strong>Schw\u00e4bisch Hall<\/strong>, Bahnhofsvorplatz &#8211; 22:00 Uhr, <strong>Westernach<\/strong>, P+R Parkplatz an der A6 &#8211; 22:30 Uhr, <strong>\u00d6hringen<\/strong>, EKZ- Parkplatz &#8211; 22:45 Uhr<br \/>\nZielort Lauda: <strong>Crailsheim<\/strong>, Volksfestplatz &#8211; 23:15 Uhr, <strong>Rot am See<\/strong>, Ortsmitte &#8211; 23:40 Uhr, <strong>Schrozberg<\/strong>, Frima Acument &#8211; 00:00 Uhr<br \/>\nFahr- und Platzkarten f\u00fcr den Sonderzug gibt es au\u00dfer bei der DGB-Region Heilbronn-Franken auch bei der IG Metall Schw\u00e4bisch Hall und der IG Metall Heilbronn-Neckarsulm.<\/p>\n<div class=\"pdf24Plugin-cp\"> \t<form name=\"pdf24Form0\" method=\"post\" action=\"https:\/\/doc2pdf.pdf24.org\/wordpress.php\" target=\"pdf24PopWin\" onsubmit=\"var pdf24Win = window.open('about:blank', 'pdf24PopWin', 'resizable=yes,scrollbars=yes,width=600,height=250,left='+(screen.width\/2-300)+',top='+(screen.height\/3-125)+''); pdf24Win.focus(); if(typeof pdf24OnCreatePDF === 'function'){void(pdf24OnCreatePDF(this,pdf24Win));}\"> \t\t<input type=\"hidden\" name=\"blogCharset\" value=\"Cw1x07UAAA==\" \/><input type=\"hidden\" name=\"blogPosts\" value=\"MwQA\" \/><input type=\"hidden\" name=\"blogUrl\" value=\"yygpKSi20tcvLy\/Xy8jPSM3LARK6pXnpqWmZOSWpRSV6KakA\" \/><input type=\"hidden\" name=\"blogName\" value=\"88jPSM3LARK6pXnpqWmZOSWpRSUA\" \/><input type=\"hidden\" name=\"blogValueEncoding\" value=\"gzdeflate base64\" \/><input type=\"hidden\" name=\"postId_0\" value=\"M7QwsQAA\" \/><input type=\"hidden\" name=\"postTitle_0\" value=\"Lc1NCsIwEAXgq7wDFKkuhLoURTeueoKpnSbBdCIzCULO5s6LGcHN+1l9F36xPuzuacksmHlNYlkDa3u0YqTVMrkO2\/0GNwrY9f3QIQiOrLHV8nkruA1LNVBkw7loetIBoy85R56KGYOK4Zo8S2yBSYO4Bpz+HMkPr6V5SWbWWtwX\" \/><input type=\"hidden\" name=\"postLink_0\" value=\"yygpKSi20tcvLy\/Xy8jPSM3LARK6pXnpqWmZOSWpRSV6Kan69gW2hhYmFgA=\" \/><input type=\"hidden\" name=\"postAuthor_0\" value=\"AwA=\" \/><input type=\"hidden\" name=\"postDateTime_0\" value=\"MzIwsNQ1MNU1MFcwNLAyMLUyNQIA\" \/><input type=\"hidden\" name=\"postContent_0\" value=\"vVZLTyNHEL7vr6gQKQJl\/IQF1nitwPJasWQRbEDiEvXgmpmWe3qs7p4Q+Yfkmhz4DXvaU\/zHUtUznodh9xIlHLA93fX66quvZjyfjK0zmY4n8MP3+8Ph8OBYIlwYaRFCnC2f0nmE2h\/1D+AmW0ih5mLmIFp+MXCSm2wuvOVgcABTMr1FkxsrHhI0kC6\/WIsaFiJRqL+DE6kRYpMt\/8TStHOMaaYpA+FkpiGSeooORAo3IrVOxAEMdrtwKSQM+\/03IDUcoVH0QYfOdeGYohxj7izFgzN8RDOjryJyNsz1FDaPz4624BylCqlG3Tk1Qs8ooczEQksr0ThATuo+jyOR0C9NmZcxunBKj2bCOLKIZUhXLWEiUyCvnSOqP+OEKu+wOe6VWI4FJAajtxuJc\/NRr\/f4+NhNqiyiIovuNA67U9wAJ0yM7u3Gr6Gig43Jt26Pe2KytWpZtw7Ym09ejamZmE5uM4+SToSZwofl5yhSaAKf9DXGBLP9LTNWugUS2OY5OuMeOakclgEKRmj5kFB78gguMsuwsINDQ6A4jUmK5r3W9DTEx+WTcjJmZ6sMQwO9yasjlN7ojFkwox7FSJ2K6VnBA2oJu5XtbtIjzzfkznsOUisKBhEH6HKbRtI6+ERlFenN+BmTCel3abZ8kkwZ\/ZwzdGPzhFkTlplyzBsZa6GqHIjEmNKnFSkCNvwVg6Or+rmyGC26hQOKM0VOX6kApiKVzpd5J40rw3eAOXsqtdCL2dfxxlYBTfR7sg0\/BZVm2iV2G7ioseYoa3O3fGLycz41TV6YG5800nRmTJ1FHrfmZZ0zN0nunKKYJAJUhIXzjDJW9A942FgY8qavda7c59ZJjG26\/BwrQmJGhZKRZBh0w86SarQmMYCf8YEG1+YqDeAjIWfC3HABXPoHkU8FrJxCFw4pNa5qlV6JbJljWUXnyJexyH1wUrIit8yrw6YmAIm5BKsTUllKCanKXNPhVrfQvUvpColhdmrqCIPJZDK1zlRZBUQXxYTiYFdKuAWQ7pBKQSyoF46VqwvvdZSZ1LfQg+lvH4Y+jF0UaHHFXwHSqy0xklFgjjG5uP3nWYpzGpcR\/Lc6ts6XO06LQGyX5WeiEuKKI88U+TldAzjzNkxzXjm7OwHs7fT3hk2mfEKFUab\/\/gv6e4PtQbXL9umv3xn0Awr++8tnbwI46dBuUlBV+VNRXUA1UCmadtn\/BOG\/iuI9lbi26VPDvTpngaxGz9bnfghXlyp865EuP4N6ys9FPnehSHSSRRW0\/f5oMIBfElpYK5N6lutozev77euNcX\/x\/mvv3tNqZeIV4YXLg9Fghy93S0E6sQXrXhK42rycQ1p+QrMAwBHXSHuYXoFWyiZRkXLUPBzVPh8SUu+QNQjOhVKV36Dwk0W8vudeElaJDoejfr+Nwh0yDKzODQdXP17DlTCzwlqU63u36Wd7zc\/yj8RI3VzkRPqL+07DT8N65zVbrxXp0a0LfGdYIYmcacPlbaZmNqKc11xujwav2wldZ8X7IWLD\/CMRluSUBLRhubNWCiFrskWIJm5YnhqZCjh8yFPUrkmTAtCyFNafYjt7LS7fCf3rQHsVrURJ5CQ4pnqH+OZSFTm1enXz\/Rlc0g5RCtaJ4MO3r9S+6hkptvA\/\" \/> \t\t<a href=\"https:\/\/www.pdf24.org\" target=\"_blank\" title=\"www.pdf24.org\" rel=\"nofollow\"><img src=\"https:\/\/www.hohenlohe-ungefiltert.de\/wp-content\/plugins\/pdf24-post-to-pdf\/img\/pdf_32x32.png\" alt=\"\" border=\"0\" height=\"32\" \/><\/a> \t\t<span class=\"pdf24Plugin-cp-space\">&nbsp;&nbsp;<\/span> \t\t<span class=\"pdf24Plugin-cp-text\">Sende Artikel als PDF<\/span> \t\t<span class=\"pdf24Plugin-cp-space\">&nbsp;&nbsp;<\/span> \t\t<input class=\"pdf24Plugin-cp-input\" style=\"margin: 0px;\" type=\"text\" name=\"sendEmailTo\" placeholder=\"Emailadresse\" \/> \t\t<input class=\"pdf24Plugin-cp-submit\" style=\"margin: 0px;\" type=\"submit\" value=\"Senden\" \/> \t<\/form> <\/div>","protected":false},"excerpt":{"rendered":"<p>&#8222;Die Krise bek\u00e4mpfen&#8220; Sozialpakt f\u00fcr Europa &#8211; die Verursacher m\u00fcssen zahlen! Eine gro\u00dfe Europa-Demonstration findet am Samstag, 16. Mai 2009 in Berlin statt. Der Deutsche Gewerkschaftsbund (DGB) Heilbronn-Franken organisiert eine Zugfahrt nach Berlin. Fahrkarten gibt es beim DGB-B\u00fcro in Heilbronn (www.heilbronn-franken.dgb.de). Von Bernhard L\u00f6ffler, DGB-Regionsvorsitzender Heilbronn-Franken Krise nicht auf Kosten der ArbeitnehmerInnen bew\u00e4ltigen Bei der [&hellip;]<\/p>\n","protected":false},"author":3,"featured_media":0,"comment_status":"open","ping_status":"open","sticky":false,"template":"","format":"standard","meta":[],"categories":[],"tags":[],"_links":{"self":[{"href":"https:\/\/www.hohenlohe-ungefiltert.de\/index.php?rest_route=\/wp\/v2\/posts\/1848"}],"collection":[{"href":"https:\/\/www.hohenlohe-ungefiltert.de\/index.php?rest_route=\/wp\/v2\/posts"}],"about":[{"href":"https:\/\/www.hohenlohe-ungefiltert.de\/index.php?rest_route=\/wp\/v2\/types\/post"}],"author":[{"embeddable":true,"href":"https:\/\/www.hohenlohe-ungefiltert.de\/index.php?rest_route=\/wp\/v2\/users\/3"}],"replies":[{"embeddable":true,"href":"https:\/\/www.hohenlohe-ungefiltert.de\/index.php?rest_route=%2Fwp%2Fv2%2Fcomments&post=1848"}],"version-history":[{"count":5,"href":"https:\/\/www.hohenlohe-ungefiltert.de\/index.php?rest_route=\/wp\/v2\/posts\/1848\/revisions"}],"predecessor-version":[{"id":1852,"href":"https:\/\/www.hohenlohe-ungefiltert.de\/index.php?rest_route=\/wp\/v2\/posts\/1848\/revisions\/1852"}],"wp:attachment":[{"href":"https:\/\/www.hohenlohe-ungefiltert.de\/index.php?rest_route=%2Fwp%2Fv2%2Fmedia&parent=1848"}],"wp:term":[{"taxonomy":"category","embeddable":true,"href":"https:\/\/www.hohenlohe-ungefiltert.de\/index.php?rest_route=%2Fwp%2Fv2%2Fcategories&post=1848"},{"taxonomy":"post_tag","embeddable":true,"href":"https:\/\/www.hohenlohe-ungefiltert.de\/index.php?rest_route=%2Fwp%2Fv2%2Ftags&post=1848"}],"curies":[{"name":"wp","href":"https:\/\/api.w.org\/{rel}","templated":true}]}}