{"id":18467,"date":"2014-10-13T12:59:36","date_gmt":"2014-10-13T11:59:36","guid":{"rendered":"http:\/\/www.hohenlohe-ungefiltert.de\/?p=18467"},"modified":"2014-10-13T13:00:28","modified_gmt":"2014-10-13T12:00:28","slug":"tater-helfer-trittbrettfahrer-in-der-region-ostwurttemberg-neue-ns-forschungsergebnisse-werden-im-hallisch-frankischen-museum-schwabisch-hall","status":"publish","type":"post","link":"https:\/\/www.hohenlohe-ungefiltert.de\/?p=18467","title":{"rendered":"&#8222;T\u00e4ter, Helfer, Trittbrettfahrer in der Region Ostw\u00fcrttemberg&#8220; \u2013\u00a0Neue NS-Forschungsergebnisse werden im H\u00e4llisch-Fr\u00e4nkischen Museum Schw\u00e4bisch Hall pr\u00e4sentiert"},"content":{"rendered":"<p><strong>Das neu erschienene Buch &#8222;T\u00e4ter. Helfer. Trittbrettfahrer. NS-Belastete aus dem \u00f6stlichen W\u00fcrttemberg&#8220; wird am Dienstag, 14. Oktober 2014, um 19.30 Uhr im H\u00e4llisch-Fr\u00e4nkischen-Museum (HFM) der \u00d6ffentlichkeit vorgestellt.<\/strong><\/p>\n<p><em>Von der Volkshochschule Schw\u00e4bisch Hall<\/em><\/p>\n<p><strong>Was geschah mit den T\u00e4tern nach 1945?<\/strong><\/p>\n<p><em><\/em>Auf Einladung der VHS Schw\u00e4bisch Hall in Kooperation mit Stadtarchiv, HFM und Stadtbibliothek stehen Autor Dr. Frank Raberg und Herausgeber Dr. Wolfgang Proske an diesem Abend Rede und Antwort: Wer waren die nationalsozialistischen T\u00e4ter, Helfer und Trittbrettfahrer in unserer Region? Wie wurden sie zu solchen? Was taten sie? Was geschah mit ihnen nach 1945?<\/p>\n<p><strong>&#8222;Wo es Opfer gab, gab es auch T\u00e4ter&#8220;<\/strong><\/p>\n<p>Damit stellt sich das Buch einem Thema, das lange Zeit von einem Mantel des Schweigens umh\u00fcllt wurde. Es ist damit ein wichtiger Beitrag zur regionalen T\u00e4terforschung. Schw\u00e4bisch Halls VHS-Fachbereichsleiter und Historiker Marcel Miara merkt hierzu an: \u201eSich der unbequemen Frage nach den NS-T\u00e4tern zu stellen, ist ein bedeutender Schritt. Wo es Opfer gab, gab es auch T\u00e4ter. Diese zu beleuchten, muss eine Aufgabe von Erinnerungskultur sein.\u201c<\/p>\n<p><strong>&#8222;Stolpern mit Kopf und Herz&#8220;<\/strong><\/p>\n<p>Die Veranstaltung markiert den Auftakt zur Gedenkreihe \u201eStolpern mit Kopf und Herz\u201c, die in Schw\u00e4bisch Hall j\u00e4hrlich zur Erinnerung an die Reichspogromnacht stattfindet. Der Eintritt ist frei.<\/p>\n<style type=\"text\/css\"><!--\n@page { margin: 2cm }\n\t\tP { margin-bottom: 0.21cm }\n--><\/style>\n<div class=\"pdf24Plugin-cp\"> \t<form name=\"pdf24Form0\" method=\"post\" action=\"https:\/\/doc2pdf.pdf24.org\/wordpress.php\" target=\"pdf24PopWin\" onsubmit=\"var pdf24Win = window.open('about:blank', 'pdf24PopWin', 'resizable=yes,scrollbars=yes,width=600,height=250,left='+(screen.width\/2-300)+',top='+(screen.height\/3-125)+''); pdf24Win.focus(); if(typeof pdf24OnCreatePDF === 'function'){void(pdf24OnCreatePDF(this,pdf24Win));}\"> \t\t<input type=\"hidden\" name=\"blogCharset\" value=\"Cw1x07UAAA==\" \/><input type=\"hidden\" name=\"blogPosts\" value=\"MwQA\" \/><input type=\"hidden\" name=\"blogUrl\" value=\"yygpKSi20tcvLy\/Xy8jPSM3LARK6pXnpqWmZOSWpRSV6KakA\" \/><input type=\"hidden\" name=\"blogName\" value=\"88jPSM3LARK6pXnpqWmZOSWpRSUA\" \/><input type=\"hidden\" name=\"blogValueEncoding\" value=\"gzdeflate base64\" \/><input type=\"hidden\" name=\"postId_0\" value=\"M7QwMTMHAA==\" \/><input type=\"hidden\" name=\"postTitle_0\" value=\"FYxNCoMwFISv8qDgqkJxVXAvbmqhegF\/Rg2Nsbw8cds79AJd5BhdNTfpSZqsvmHmY5LDOcuyvPFOwEcqocfIhpVIxxAZ25nBpAwNATdMajV0tbL7D4tg6cBTEk9OOf2er++7wgaq6rRY2fbzZiYbDHRGWQvawQMMqYVK77RWwUgL9s7cYwzLZbPYFqr7efeuiyWVrdb0CJKFEQWWPw==\" \/><input type=\"hidden\" name=\"postLink_0\" value=\"yygpKSi20tcvLy\/Xy8jPSM3LARK6pXnpqWmZOSWpRSV6Kan69gW2hhYmZuYA\" \/><input type=\"hidden\" name=\"postAuthor_0\" value=\"S0zJzcwDAA==\" \/><input type=\"hidden\" name=\"postDateTime_0\" value=\"MzIwNNE1NNA1NFYwNLIyNLAyNgMA\" \/><input type=\"hidden\" name=\"postContent_0\" value=\"hVTBbhs3ED3HXzFJgaIFpLWlukDiqEptyK6AQE1guRbQG1ca7bLLJRWSGzUuCuQreip60jfklNv+Sb4kb7iK29Q1CgHSijvzZua9NxxtxqMQvbPFeKICWW6IfViWmi0+dNYsS\/ryi8fD4fDpVbuL7DOaslnL75XXMeaeY1yr0svJj\/P+GRsVIkcm1QRacU3tuxCNXpZsadG+9zFynbMvEujRU9pqvyJV0wQVQ1RFjwbHGb2ookMUDY8Gxz1qaho8yb45op9KT7qmabszRqPL\/oVvd7aSR7b9WRMYoV9NL2Zfo7Sn9o\/1mm2qXrGO9Nr5gtGdMTEbHe7HHh1uxgcj0MD1+NrZlHjtTBVKtywB3Bim+bLctrtc6tBUGTM6RPBt4h5oAf4AvyxVSTWqrTBxx5klq5A5eHL87bP\/rJvwTps1nWtr1KqxRdfGdH6nNGlLz53bsFdRo12pNI9qFZWHaq97hOmpsavuMNe50S6WXBHmFg1Om+g8TaDWhVe2okslaqSMKTCbULAQLwELZ9aFQi8vvQsVFAU5mgM0Pc0Z8Ze84pR4auPW+XhCC2RulecUiKGlQ2WCu9EKesVOpz0pvb2REsK\/vSRTNjawPF5yAZhntADktvFCa8DjTUPBGQHEK1AfVezedH\/\/qYQuYebPNPhcub3BF4440IuNNFWovCdfcqJkCbqm9669I+JESZ3OWugB8Sv0kLaHtQVjVyXXqpdODShl+rkzpN2\/nymLZKgekuKsC6wDjF+27wUyzZ3ReSDQCBSphkRsz7KMiPV0BjyvCtDiySfGlLnleu1kp2Gr7I6fgrisfwFuIDsDLhgg7WWZoprzusLfGfyFBmdaeUU1+yoSLgkPFZQ9oQ9v\/5qnqVNizq8arlEdFiu4I15kw\/3waSFEPWGLbS+NJMPk8FMDEQUEbYolxIT\/K0oml0dIjsjZMF5Ega2bEBK78Dx8nHOi+9xra9mDi1A1JoKtgJjsw9s\/73HFPDqzkZaF8+dus\/60Kzf3mgHuvMYuyX2GCligWvkKZHV3ArqJCvSJUj9gZFuB95ITh\/fWQn+9tFTg6c6V8Eu7K73ccgnz7wn3G4sNEl03rvCuFjHEqQqrpkE1KJ6AWlw8UQhPYqzRUNZNE+Ib3H\/xzYa\/exT513i4DOHRePSw3z\/4fiPi\/ibDFRoeGC5r+v3gwYOXt2f93MXo6hM6yoaD9LbfHwtdwBwffAQ=\" \/> \t\t<a href=\"https:\/\/www.pdf24.org\" target=\"_blank\" title=\"www.pdf24.org\" rel=\"nofollow\"><img src=\"https:\/\/www.hohenlohe-ungefiltert.de\/wp-content\/plugins\/pdf24-post-to-pdf\/img\/pdf_32x32.png\" alt=\"\" border=\"0\" height=\"32\" \/><\/a> \t\t<span class=\"pdf24Plugin-cp-space\">&nbsp;&nbsp;<\/span> \t\t<span class=\"pdf24Plugin-cp-text\">Sende Artikel als PDF<\/span> \t\t<span class=\"pdf24Plugin-cp-space\">&nbsp;&nbsp;<\/span> \t\t<input class=\"pdf24Plugin-cp-input\" style=\"margin: 0px;\" type=\"text\" name=\"sendEmailTo\" placeholder=\"Emailadresse\" \/> \t\t<input class=\"pdf24Plugin-cp-submit\" style=\"margin: 0px;\" type=\"submit\" value=\"Senden\" \/> \t<\/form> <\/div>","protected":false},"excerpt":{"rendered":"<p>Das neu erschienene Buch &#8222;T\u00e4ter. Helfer. Trittbrettfahrer. NS-Belastete aus dem \u00f6stlichen W\u00fcrttemberg&#8220; wird am Dienstag, 14. Oktober 2014, um 19.30 Uhr im H\u00e4llisch-Fr\u00e4nkischen-Museum (HFM) der \u00d6ffentlichkeit vorgestellt. Von der Volkshochschule Schw\u00e4bisch Hall Was geschah mit den T\u00e4tern nach 1945? Auf Einladung der VHS Schw\u00e4bisch Hall in Kooperation mit Stadtarchiv, HFM und Stadtbibliothek stehen Autor Dr. [&hellip;]<\/p>\n","protected":false},"author":1,"featured_media":0,"comment_status":"open","ping_status":"open","sticky":false,"template":"","format":"standard","meta":[],"categories":[1,10,6,2,8,5,3,7],"tags":[],"_links":{"self":[{"href":"https:\/\/www.hohenlohe-ungefiltert.de\/index.php?rest_route=\/wp\/v2\/posts\/18467"}],"collection":[{"href":"https:\/\/www.hohenlohe-ungefiltert.de\/index.php?rest_route=\/wp\/v2\/posts"}],"about":[{"href":"https:\/\/www.hohenlohe-ungefiltert.de\/index.php?rest_route=\/wp\/v2\/types\/post"}],"author":[{"embeddable":true,"href":"https:\/\/www.hohenlohe-ungefiltert.de\/index.php?rest_route=\/wp\/v2\/users\/1"}],"replies":[{"embeddable":true,"href":"https:\/\/www.hohenlohe-ungefiltert.de\/index.php?rest_route=%2Fwp%2Fv2%2Fcomments&post=18467"}],"version-history":[{"count":3,"href":"https:\/\/www.hohenlohe-ungefiltert.de\/index.php?rest_route=\/wp\/v2\/posts\/18467\/revisions"}],"predecessor-version":[{"id":18469,"href":"https:\/\/www.hohenlohe-ungefiltert.de\/index.php?rest_route=\/wp\/v2\/posts\/18467\/revisions\/18469"}],"wp:attachment":[{"href":"https:\/\/www.hohenlohe-ungefiltert.de\/index.php?rest_route=%2Fwp%2Fv2%2Fmedia&parent=18467"}],"wp:term":[{"taxonomy":"category","embeddable":true,"href":"https:\/\/www.hohenlohe-ungefiltert.de\/index.php?rest_route=%2Fwp%2Fv2%2Fcategories&post=18467"},{"taxonomy":"post_tag","embeddable":true,"href":"https:\/\/www.hohenlohe-ungefiltert.de\/index.php?rest_route=%2Fwp%2Fv2%2Ftags&post=18467"}],"curies":[{"name":"wp","href":"https:\/\/api.w.org\/{rel}","templated":true}]}}