{"id":18463,"date":"2014-10-13T12:48:44","date_gmt":"2014-10-13T11:48:44","guid":{"rendered":"http:\/\/www.hohenlohe-ungefiltert.de\/?p=18463"},"modified":"2014-10-13T12:49:26","modified_gmt":"2014-10-13T11:49:26","slug":"einfuhrung-ins-asylrecht-vortrag-in-crailsheim","status":"publish","type":"post","link":"https:\/\/www.hohenlohe-ungefiltert.de\/?p=18463","title":{"rendered":"&#8222;Einf\u00fchrung in das aktuelle Asylrecht&#8220; \u2013 Vortrag in Crailsheim"},"content":{"rendered":"<p><strong>Einen Vortrag \u00fcber das aktuelle Asylrecht gibt es am Dienstag, 21. Oktober 2014, um 18.30 Uhr in Crailsheim. Laura Gudd, Projektreferentin des Landesfl\u00fcchtlingsrats Baden-W\u00fcrttemberg, spricht auf Einladung der Stadt Crailsheim im &#8222;Forum in den Arkaden&#8220; des Crailsheimer Rathauses.<\/strong><\/p>\n<p><em>Von der Stadtverwaltung Crailsheim<\/em><\/p>\n<p><strong>Offene Fragen kl\u00e4ren<\/strong><\/p>\n<p><em><\/em>Nach dem Vortrag bleibt Zeit f\u00fcr Fragen. F\u00fcr Interessenten an der Mitarbeit im Crailsheimer Freundeskreis Asyl stehen Ansprechpartner zur Verf\u00fcgung. Der Eintritt ist frei. Kontakt: Michaela Butz, Telefon 07951 403-1291, E-Mail: michaela.butz@crailsheim.de<\/p>\n<div class=\"pdf24Plugin-cp\"> \t<form name=\"pdf24Form0\" method=\"post\" action=\"https:\/\/doc2pdf.pdf24.org\/wordpress.php\" target=\"pdf24PopWin\" onsubmit=\"var pdf24Win = window.open('about:blank', 'pdf24PopWin', 'resizable=yes,scrollbars=yes,width=600,height=250,left='+(screen.width\/2-300)+',top='+(screen.height\/3-125)+''); pdf24Win.focus(); if(typeof pdf24OnCreatePDF === 'function'){void(pdf24OnCreatePDF(this,pdf24Win));}\"> \t\t<input type=\"hidden\" name=\"blogCharset\" value=\"Cw1x07UAAA==\" \/><input type=\"hidden\" name=\"blogPosts\" value=\"MwQA\" \/><input type=\"hidden\" name=\"blogUrl\" value=\"yygpKSi20tcvLy\/Xy8jPSM3LARK6pXnpqWmZOSWpRSV6KakA\" \/><input type=\"hidden\" name=\"blogName\" value=\"88jPSM3LARK6pXnpqWmZOSWpRSUA\" \/><input type=\"hidden\" name=\"blogValueEncoding\" value=\"gzdeflate base64\" \/><input type=\"hidden\" name=\"postId_0\" value=\"M7QwMTMGAA==\" \/><input type=\"hidden\" name=\"postTitle_0\" value=\"U1O2MDIysnbNzEs7vCejqDQvXSEzTyElsVghMbukNDUnJ1XBsbgypyg1OaNEDaTWwFrhUcNkhbD8opKiRLBi56LEzJzijNTMXAA=\" \/><input type=\"hidden\" name=\"postLink_0\" value=\"yygpKSi20tcvLy\/Xy8jPSM3LARK6pXnpqWmZOSWpRSV6Kan69gW2hhYmZsYA\" \/><input type=\"hidden\" name=\"postAuthor_0\" value=\"S0zJzcwDAA==\" \/><input type=\"hidden\" name=\"postDateTime_0\" value=\"MzIwNNE1NNA1NFYwNLIyNLAyMQEA\" \/><input type=\"hidden\" name=\"postContent_0\" value=\"bZLdbtNAEIXveYqRkLhyHNstoj9WREsbhGgpaiFI3I3jsb14vY5mZ0H0eXiM3OXFmDVRAxKSJcvemXPOfLPlZlF64dG1i2vjyMFqZGFsYbetiKFGD9hLIGsJLvxPy7TuBFpTCZAeDXBlyHnBNoEiT+GulzH2FVl+nEAYID9JjzL43DEYB28YjfUdmSGFGwyM8DbUdQIfefxGvTA1xOREK2sVv0Gnr8butmppjWs9o3i4xJrc7MtuyyI0qJla+w2bmAtDAzqGxTq4VkUYHgRr+csY9Hnx\/KQoivPlyBpwMnNwwX3UnY6y88n\/0KQ69ygdBk8+Led7XuV8s3hWKj8aFqvRHey+E\/9AKzHCQaOca9lTy17irmnIESwVuGbo7e6Xzv9fg6n9A647tRmellRZipv4SkagUSJ7pRSW8eOdE+XpvSJVdfyT8NYIchUblMQ\/Iy6ZQiTeMxk\/LRu8UBfhOAWsi98gi9PKx8CwIlbHVodM4Ur\/KXZhIyrrNYtKpPB+dKKX50w91x2SRbgM8pjAJ7LUKLDs1enLHI6zo1lenOYJXM9uNc4ZDPvytNLy1+vDpalpQvIb\" \/> \t\t<a href=\"https:\/\/www.pdf24.org\" target=\"_blank\" title=\"www.pdf24.org\" rel=\"nofollow\"><img src=\"https:\/\/www.hohenlohe-ungefiltert.de\/wp-content\/plugins\/pdf24-post-to-pdf\/img\/pdf_32x32.png\" alt=\"\" border=\"0\" height=\"32\" \/><\/a> \t\t<span class=\"pdf24Plugin-cp-space\">&nbsp;&nbsp;<\/span> \t\t<span class=\"pdf24Plugin-cp-text\">Sende Artikel als PDF<\/span> \t\t<span class=\"pdf24Plugin-cp-space\">&nbsp;&nbsp;<\/span> \t\t<input class=\"pdf24Plugin-cp-input\" style=\"margin: 0px;\" type=\"text\" name=\"sendEmailTo\" placeholder=\"Emailadresse\" \/> \t\t<input class=\"pdf24Plugin-cp-submit\" style=\"margin: 0px;\" type=\"submit\" value=\"Senden\" \/> \t<\/form> <\/div>","protected":false},"excerpt":{"rendered":"<p>Einen Vortrag \u00fcber das aktuelle Asylrecht gibt es am Dienstag, 21. Oktober 2014, um 18.30 Uhr in Crailsheim. Laura Gudd, Projektreferentin des Landesfl\u00fcchtlingsrats Baden-W\u00fcrttemberg, spricht auf Einladung der Stadt Crailsheim im &#8222;Forum in den Arkaden&#8220; des Crailsheimer Rathauses. Von der Stadtverwaltung Crailsheim Offene Fragen kl\u00e4ren Nach dem Vortrag bleibt Zeit f\u00fcr Fragen. F\u00fcr Interessenten an [&hellip;]<\/p>\n","protected":false},"author":1,"featured_media":0,"comment_status":"open","ping_status":"open","sticky":false,"template":"","format":"standard","meta":[],"categories":[1,10,2,8],"tags":[],"_links":{"self":[{"href":"https:\/\/www.hohenlohe-ungefiltert.de\/index.php?rest_route=\/wp\/v2\/posts\/18463"}],"collection":[{"href":"https:\/\/www.hohenlohe-ungefiltert.de\/index.php?rest_route=\/wp\/v2\/posts"}],"about":[{"href":"https:\/\/www.hohenlohe-ungefiltert.de\/index.php?rest_route=\/wp\/v2\/types\/post"}],"author":[{"embeddable":true,"href":"https:\/\/www.hohenlohe-ungefiltert.de\/index.php?rest_route=\/wp\/v2\/users\/1"}],"replies":[{"embeddable":true,"href":"https:\/\/www.hohenlohe-ungefiltert.de\/index.php?rest_route=%2Fwp%2Fv2%2Fcomments&post=18463"}],"version-history":[{"count":3,"href":"https:\/\/www.hohenlohe-ungefiltert.de\/index.php?rest_route=\/wp\/v2\/posts\/18463\/revisions"}],"predecessor-version":[{"id":18466,"href":"https:\/\/www.hohenlohe-ungefiltert.de\/index.php?rest_route=\/wp\/v2\/posts\/18463\/revisions\/18466"}],"wp:attachment":[{"href":"https:\/\/www.hohenlohe-ungefiltert.de\/index.php?rest_route=%2Fwp%2Fv2%2Fmedia&parent=18463"}],"wp:term":[{"taxonomy":"category","embeddable":true,"href":"https:\/\/www.hohenlohe-ungefiltert.de\/index.php?rest_route=%2Fwp%2Fv2%2Fcategories&post=18463"},{"taxonomy":"post_tag","embeddable":true,"href":"https:\/\/www.hohenlohe-ungefiltert.de\/index.php?rest_route=%2Fwp%2Fv2%2Ftags&post=18463"}],"curies":[{"name":"wp","href":"https:\/\/api.w.org\/{rel}","templated":true}]}}