{"id":18369,"date":"2014-09-22T20:17:00","date_gmt":"2014-09-22T19:17:00","guid":{"rendered":"http:\/\/www.hohenlohe-ungefiltert.de\/?p=18369"},"modified":"2014-09-22T20:17:00","modified_gmt":"2014-09-22T19:17:00","slug":"jusos-sehen-die-landesgartenschau-als-chance-fur-ohringen-stadtrat-patrick-wegener-informierte","status":"publish","type":"post","link":"https:\/\/www.hohenlohe-ungefiltert.de\/?p=18369","title":{"rendered":"&#8222;Jusos sehen die Landesgartenschau als Chance f\u00fcr \u00d6hringen&#8220; \u2013\u00a0 Stadtrat Patrick Wegener informierte"},"content":{"rendered":"<p><strong>Der Juso-Kreisverband Schw\u00e4bisch Hall-Hohenlohe sieht die Landesgartenschau 2016 als Chance f\u00fcr \u00d6hringen. Bei seiner j\u00fcngsten Sitzung stellte \u00d6hringens Stadtrat Patrick Wegener die Planungen dazu vor.<\/strong><\/p>\n<p><em>Vom Juso-Kreisverband Schw\u00e4bisch Hall-Hohenlohe<\/em><\/p>\n<p><strong>Neue Treppe vom Schloss in den Hofgarten<\/strong><\/p>\n<p>Nachdem bereits gebaut werde und die ersten B\u00e4ume und Pflanzen gesetzt sind, machen sich die Ver\u00e4nderungen in \u00d6hringen nun deutlich bemerkbar. Nicht nur mit der neuen Treppe vom Schloss in den Hofgarten. \u201eDie \u00f6ffentlichen Begehungen finden immer mehr Anklang. Zuletzt waren \u00fcber 100 B\u00fcrgerinnen und B\u00fcrger da, um sich \u00fcber den aktuellen Stand aus erster Hand zu informieren\u201c, freute sich Stadtrat Wegener.<\/p>\n<p><strong>Gartenschau kostet 38 Millionen Euro<\/strong><\/p>\n<p>\u201eWir finden es toll, dass die Stadt die B\u00fcrgerschaft schon fr\u00fch mitgenommen hat und an der<br \/>\nGartenschau beteiligt\u201c, so der Juso-Kreisvorsitzende Christian Gaus. \u201eDas macht aus der Gartenschau auch eine Gartenschau aller B\u00fcrgerinnen und B\u00fcrger und verbindet sie mit der Stadt.\u201c In mehreren Workshops und Foren werden Ideen und Konzepte f\u00fcr die Gartenschau erarbeitet. \u201eVon den 38 Millionen Euro Ausgaben f\u00fcr die Gartenschau tr\u00e4gt die Stadt \u00d6hringen alleine 19 Millionen. Das ist kein Zuckerschlecken f\u00fcr eine Stadt wie \u00d6hringen. Jedoch wird auch geschaut, wie man die Bauarbeiten sinnvoll nutzen kann. Wenn jetzt beispielsweise irgendwo eine Stra\u00dfe f\u00fcr die Gartenschau aufgerissen werden muss, wird die Infrastruktur gleichzeitig langfristig erneuert, erg\u00e4nzt Patrick Wegener.<\/p>\n<p><strong>Die Ohrn wird wieder renaturiert<\/strong><\/p>\n<p>\u201eUns freut vor allem, dass das Gel\u00e4nde auch nach der Gartenschau nutzbar sein wird. Die Ohrn wird wieder renaturiert und f\u00fcr die Menschen erlebbar gemacht. So kommen die Ma\u00dfnahmen f\u00fcr die Gartenschau auch noch nach 2016 den Menschen zugute\u201c, so Christian Gaus. \u201eDie Landesgartenschau wird so zur einmaligen touristischen Chance f\u00fcr \u00d6hringen und ganz Hohenlohe, die Region dem ganzen Land vorzustellen. Es ist daher goldrichtig, dass die Gartenschau in \u00d6hringen stattfindet.\u201c<\/p>\n<p><strong>Jusos bleiben am Thema Landesgartenschau dran<\/strong><\/p>\n<p>Die Jusos werden sich auch weiterhin mit dem Thema Landesgartenschau besch\u00e4ftigen. Stadtrat Patrick Wegener, der auch Vorstandsmitglied des Juso-Kreisverbands ist, versprach den Kreisverband auf dem Laufenden zu halten. Um sich ein Bild vom Ablauf und der Dimension einer Landesgartenschau zu machen, besuchten die Jusos am Sonntag, 14. September 2014, die Gartenschau in Schw\u00e4bisch Gm\u00fcnd.<\/p>\n<p><strong>Weitere Informationen und Kontakt:<\/strong><\/p>\n<p>Arbeitsgemeinschaft der Jungsozialistinnen und Jungsozialisten in der SPD, Juso Kreisverband Schw\u00e4bisch Hall-Hohenlohe<\/p>\n<p>Vorsitzender: Christian Gaus, Gartenstra\u00dfe 4, 74523 Schw\u00e4bisch Hall<\/p>\n<p>E-Mail: christiangaus@web.de<\/p>\n<p><strong>Internet:<\/strong><\/p>\n<p><a href=\"http:\/\/www.facebook.com\/JusosSHOK\" target=\"_blank\">www.facebook.com\/JusosSHOK<\/a><\/p>\n<div class=\"pdf24Plugin-cp\"> \t<form name=\"pdf24Form0\" method=\"post\" action=\"https:\/\/doc2pdf.pdf24.org\/wordpress.php\" target=\"pdf24PopWin\" onsubmit=\"var pdf24Win = window.open('about:blank', 'pdf24PopWin', 'resizable=yes,scrollbars=yes,width=600,height=250,left='+(screen.width\/2-300)+',top='+(screen.height\/3-125)+''); pdf24Win.focus(); if(typeof pdf24OnCreatePDF === 'function'){void(pdf24OnCreatePDF(this,pdf24Win));}\"> \t\t<input type=\"hidden\" name=\"blogCharset\" value=\"Cw1x07UAAA==\" \/><input type=\"hidden\" name=\"blogPosts\" value=\"MwQA\" \/><input type=\"hidden\" name=\"blogUrl\" value=\"yygpKSi20tcvLy\/Xy8jPSM3LARK6pXnpqWmZOSWpRSV6KakA\" \/><input type=\"hidden\" name=\"blogName\" value=\"88jPSM3LARK6pXnpqWmZOSWpRSUA\" \/><input type=\"hidden\" name=\"blogValueEncoding\" value=\"gzdeflate base64\" \/><input type=\"hidden\" name=\"postId_0\" value=\"M7QwNrMEAA==\" \/><input type=\"hidden\" name=\"postTitle_0\" value=\"FcwxCsJAEAXQq3wQUstWQko7sRAsrIfdSXZQJzAz6b1DwNqDWCU38SSJ\/eM1u0NKqT2NPjicKyuKMM6khb0nC1bPlUbQw3GspJnRLV\/D8q4m2rM2\/2Hf4vea5g+uQSWMAhcKk3zHjTfDBtFusKfwNq4=\" \/><input type=\"hidden\" name=\"postLink_0\" value=\"yygpKSi20tcvLy\/Xy8jPSM3LARK6pXnpqWmZOSWpRSV6Kan69gW2hhbGZpYA\" \/><input type=\"hidden\" name=\"postAuthor_0\" value=\"S0zJzcwDAA==\" \/><input type=\"hidden\" name=\"postDateTime_0\" value=\"MzIwNNE1sNQ1MlIwMrAysLQyMAAA\" \/><input type=\"hidden\" name=\"postContent_0\" value=\"lVbNbhs3EL73KQY+K1KcpH+GYtSpUzv\/Rp3YQC8FVzu7y2iXFEhuBOiUp+ipaC9+hp5805vkSfrN7EqWLRlNL8aaIocz388Mx7PDcUzBu\/LwmAO9bKN\/8CqwjZ84ZMbldD6p5surzMZJRaemrh+c+opdjT8ULVeJcsv0Gjs5liYkdthoWnr0cP87MnWknyvjJkzF8jrQ8o8qWFeyG9IzthTZOtz5cXntyoiTdG7TonUl4Z+6TnyzP9J5MnkKJtGZScFOpnTJWMdpuf6sNq6VfZSbRUuffBiOR31V49Hs8JsxquTm8MI3\/6vC8QiH1gH6gG+5ZXofeDZj3NTI8drHSBa3I4NTX3Q4bGXw1kyqnBvKGLenSCVnpk0055AztUhESuGgSDxbXrVNt3pWoLoF1kqOnBYJsLt8QA2iYTFaZC0HLzgsr8BC6IBANmv0COAgtzbVsjnjhsM0M2FIb\/F\/wq+BGgsigaZDce5rqhvSl89\/HePe5T9FwU5DS95gpeoyKJCmJNLgOmq4CnTkpiilHNJvba2VzE3AjuU1EKH9hw9R9XUoGUk7LEvt\/QJoHVDbdMV22yW0maYWQhHhJCHStLHDL4BH\/A8pWFf40Fgg7r58\/nNARQAM3AVaS6qX0vAu0ycbep56xE30+Ad6Y+vaesnweRv8FsuA5dKGVfUcKfm6HqACgCg86a361Rcn8QuwOqk8QAvL60rYQEYeyDmqkKBAYYSAMM4CjQ6\/2cws48S2tmXSAqNXHjdU7kOErRjpwIvBxmQR6gRYdRSaqFJKip4c3YxtWuAkLr29CszD\/WTJt3hLEBC18lpdWvsQedILp5IQXujSh2ms\/CzqyV+8rKkpHL3IuQ\/+ysMDs9Q3EoFvMyMOJmQwFSct6sJ3at1ii45adKlM1LkrTIKFyrRB042FpGbBYf\/Hm5BDEvSAKE3xG1Q9mSqdNeOjv0IPdcHmljc74EvOPdCd25B3OMPfkkUa6M5GCBeVmLavTczu3CfICZYVRmlqHAJdsnP0UQ2FfXFmuY5zfDBZ8OHyuV9lEczy73sQNG0hZMZ4A37Txjjo8pPdL1wRDMTewnWBSsAxqRbIy5Ykri5UWiWokB4SUAWHEh1psdWyt3wmbeRdFVx3F4oXrUAFBhfBummXxz5gJqiZpdsrO83KZODkhGtthh2wzkiPvCNtgRBNUIeQXgw2\/yMPFeIavTcaSTweas4kVMnqpCGde\/QLda9uBOrOVM19quty9KtEdXIK\/usLFm2JprWy9y4T7xzBWgUOLFqVYWPQJBAt+VYDdLF3jmcttMTUofUoHGjav3Jp1VuN\/oydcq1QsGh1aIuwn3eeyE0F+Epf50HGjC03muBm+bcmVUwmJe2d2ifuKkXaWqQM2hMPm4beV8B8R+15MNsDWGDqIvQK1zGg8M\/FYKFCLl2vuj9yJi5dXhXJqovve5cMVHAa+wIdWOZTlLZeQ1X4KW6\/QxS1gXTOOAudYh3deqjAo5raa3ywjhdMuMrUOo4\/9ONR5PzM1rlO76OslkP6uEA6xxYijMJg9\/Larg4Bu4fFQApF9qkXcYcbED\/3ziUDMvefoHppyY3MY6j2yWAXt5uvq5MGT718y\/+XCr52GAxrk7p+3Xf9hCl\/sEXlkbbECMehkn6CdnMPT0m\/sNA6JL4eTbeWu9eRzqOz44FWRl\/9IOyuv7gZquHgjiMHKwT6dgtYvn\/y7aPHW2FXwZ4\/eGNsfUCTVZgSUX6aczbM+S5UL1ySBrsDkbEhzNPi6V6V0uxgNJrP58PCTDjzfjqc+GakDJ6fvnu1R8lgMKSne79DHm66d3j\/3vHIdDf8Cw==\" \/> \t\t<a href=\"https:\/\/www.pdf24.org\" target=\"_blank\" title=\"www.pdf24.org\" rel=\"nofollow\"><img src=\"https:\/\/www.hohenlohe-ungefiltert.de\/wp-content\/plugins\/pdf24-post-to-pdf\/img\/pdf_32x32.png\" alt=\"\" border=\"0\" height=\"32\" \/><\/a> \t\t<span class=\"pdf24Plugin-cp-space\">&nbsp;&nbsp;<\/span> \t\t<span class=\"pdf24Plugin-cp-text\">Sende Artikel als PDF<\/span> \t\t<span class=\"pdf24Plugin-cp-space\">&nbsp;&nbsp;<\/span> \t\t<input class=\"pdf24Plugin-cp-input\" style=\"margin: 0px;\" type=\"text\" name=\"sendEmailTo\" placeholder=\"Emailadresse\" \/> \t\t<input class=\"pdf24Plugin-cp-submit\" style=\"margin: 0px;\" type=\"submit\" value=\"Senden\" \/> \t<\/form> <\/div>","protected":false},"excerpt":{"rendered":"<p>Der Juso-Kreisverband Schw\u00e4bisch Hall-Hohenlohe sieht die Landesgartenschau 2016 als Chance f\u00fcr \u00d6hringen. Bei seiner j\u00fcngsten Sitzung stellte \u00d6hringens Stadtrat Patrick Wegener die Planungen dazu vor. Vom Juso-Kreisverband Schw\u00e4bisch Hall-Hohenlohe Neue Treppe vom Schloss in den Hofgarten Nachdem bereits gebaut werde und die ersten B\u00e4ume und Pflanzen gesetzt sind, machen sich die Ver\u00e4nderungen in \u00d6hringen nun [&hellip;]<\/p>\n","protected":false},"author":1,"featured_media":0,"comment_status":"open","ping_status":"open","sticky":false,"template":"","format":"standard","meta":[],"categories":[1,10,2,4,3],"tags":[],"_links":{"self":[{"href":"https:\/\/www.hohenlohe-ungefiltert.de\/index.php?rest_route=\/wp\/v2\/posts\/18369"}],"collection":[{"href":"https:\/\/www.hohenlohe-ungefiltert.de\/index.php?rest_route=\/wp\/v2\/posts"}],"about":[{"href":"https:\/\/www.hohenlohe-ungefiltert.de\/index.php?rest_route=\/wp\/v2\/types\/post"}],"author":[{"embeddable":true,"href":"https:\/\/www.hohenlohe-ungefiltert.de\/index.php?rest_route=\/wp\/v2\/users\/1"}],"replies":[{"embeddable":true,"href":"https:\/\/www.hohenlohe-ungefiltert.de\/index.php?rest_route=%2Fwp%2Fv2%2Fcomments&post=18369"}],"version-history":[{"count":2,"href":"https:\/\/www.hohenlohe-ungefiltert.de\/index.php?rest_route=\/wp\/v2\/posts\/18369\/revisions"}],"predecessor-version":[{"id":18379,"href":"https:\/\/www.hohenlohe-ungefiltert.de\/index.php?rest_route=\/wp\/v2\/posts\/18369\/revisions\/18379"}],"wp:attachment":[{"href":"https:\/\/www.hohenlohe-ungefiltert.de\/index.php?rest_route=%2Fwp%2Fv2%2Fmedia&parent=18369"}],"wp:term":[{"taxonomy":"category","embeddable":true,"href":"https:\/\/www.hohenlohe-ungefiltert.de\/index.php?rest_route=%2Fwp%2Fv2%2Fcategories&post=18369"},{"taxonomy":"post_tag","embeddable":true,"href":"https:\/\/www.hohenlohe-ungefiltert.de\/index.php?rest_route=%2Fwp%2Fv2%2Ftags&post=18369"}],"curies":[{"name":"wp","href":"https:\/\/api.w.org\/{rel}","templated":true}]}}