{"id":18317,"date":"2014-09-04T22:17:43","date_gmt":"2014-09-04T21:17:43","guid":{"rendered":"http:\/\/www.hohenlohe-ungefiltert.de\/?p=18317"},"modified":"2014-09-04T22:17:43","modified_gmt":"2014-09-04T21:17:43","slug":"steinalt-blind-oder-wahnsinnig-das-ehemalige-armenhaus-in-schwabisch-hall-geoffnet-am-tag-des-offenen-denkmals-2014","status":"publish","type":"post","link":"https:\/\/www.hohenlohe-ungefiltert.de\/?p=18317","title":{"rendered":"&#8222;Steinalt, blind oder wahnsinnig? Das ehemalige Armenhaus in Schw\u00e4bisch Hall&#8220; \u2013\u00a0Ge\u00f6ffnet am Tag des offenen Denkmals 2014"},"content":{"rendered":"<p><strong>Beim Tag des offenen Denkmals (Motto: &#8222;Farbe&#8220;) am Sonntag, 14. September 2014 k\u00f6nnen in Schw\u00e4bisch Hall einige Denkm\u00e4ler besichtigt werden. Besonders im Blickpunkt steht das ehemalige Armenhaus.<\/strong><\/p>\n<p><em>Von der Stadtverwaltung Schw\u00e4bisch Hall<\/em><\/p>\n<p><strong>\u201eFarbe\u201c ist das Thema f\u00fcr den Tag des offenen Denkmals 2014<\/strong><\/p>\n<p>Au\u00dferhalb der Stadt entstand im 16. Jahrhundert bei der Nikolaikapelle in Schw\u00e4bisch Hall das Untere Armenhaus, das zusammen mit dem benachbarten Oberen Armenhaus 1834 \u00fcber 150 wohnungslose Arme und Kranke beherbergte. Blickten die in archivalischen Quellen als steinalt, blind oder wahnsinnig vorgestellten Bewohner auf farbenfrohe Stubenw\u00e4nde oder wohnten sie in schauerlichen L\u00f6chern? Das gilt es bei einer F\u00fchrung durch das ehemalige Armenhaus in der Salinenstra\u00dfe 44 unter Begleitung von Fachleuten herauszufinden. Die kostenlosen F\u00fchrungen finden um 11:30 Uhr und um 15:30 Uhr statt.<\/p>\n<p><strong>Druckfrisches \u201eHaller H\u00e4userbuch\u201c<\/strong><\/p>\n<p>Um 11 Uhr pr\u00e4sentiert Albrecht Bedal im Rathaus das druckfrische \u201eHaller H\u00e4userbuch\u201c, das im Swiridoff-Verlag erscheint. Bedal thematisiert in seinem Werk den gro\u00dfen historischen Hausbestand Schw\u00e4bisch Halls und geht dabei sowohl auf die Stadtgeschichte, als auch auf einzelne Geb\u00e4ude ein.<\/p>\n<p><strong>Besichtigung des Kleinhauses<\/strong><\/p>\n<p>Zu einer Besichtigung des Kleinhauses in der Langen Stra\u00dfe 49 l\u00e4dt Renate Heterich um 11 Uhr ein. Treffpunkt ist das Foyer des H\u00e4llisch-Fr\u00e4nkischen Museums.<\/p>\n<p><strong>Kirchen ge\u00f6ffnet<\/strong><\/p>\n<p>Die Kirchen St. Michael, St. Katharina und die Urbanskirche haben jeweils von 11 Uhr bis 17 Uhr ge\u00f6ffnet und bieten in diesem Zeitraum F\u00fchrungen an.<\/p>\n<p><strong>Rundgang unter dem Titel \u201eDas KZ-Au\u00dfenlager\u201c<\/strong><\/p>\n<p>Auch die KZ-Gedenkst\u00e4tte Hessental \u00f6ffnet ihre T\u00fcren von 10-18 Uhr. Um 15:30 Uhr besteht die M\u00f6glichkeit an einem Rundgang unter dem Titel \u201eDas KZ-Au\u00dfenlager\u201c teilzunehmen.<\/p>\n<p><strong>Weitere Informationen und Kontakt:<\/strong><\/p>\n<p>Den Programmflyer gibt es im Kulturb\u00fcro der Stadt Schw\u00e4bisch Hall, Telefon 0791\/ 751-382.<\/p>\n<p><strong>Weitere Informationen im Internet:<\/strong><\/p>\n<p><a href=\"http:\/\/www.tag-des-offenen-denkmals.de\" target=\"_blank\">www.tag-des-offenen-denkmals.de<\/a><\/p>\n<div class=\"pdf24Plugin-cp\"> \t<form name=\"pdf24Form0\" method=\"post\" action=\"https:\/\/doc2pdf.pdf24.org\/wordpress.php\" target=\"pdf24PopWin\" onsubmit=\"var pdf24Win = window.open('about:blank', 'pdf24PopWin', 'resizable=yes,scrollbars=yes,width=600,height=250,left='+(screen.width\/2-300)+',top='+(screen.height\/3-125)+''); pdf24Win.focus(); if(typeof pdf24OnCreatePDF === 'function'){void(pdf24OnCreatePDF(this,pdf24Win));}\"> \t\t<input type=\"hidden\" name=\"blogCharset\" value=\"Cw1x07UAAA==\" \/><input type=\"hidden\" name=\"blogPosts\" value=\"MwQA\" \/><input type=\"hidden\" name=\"blogUrl\" value=\"yygpKSi20tcvLy\/Xy8jPSM3LARK6pXnpqWmZOSWpRSV6KakA\" \/><input type=\"hidden\" name=\"blogName\" value=\"88jPSM3LARK6pXnpqWmZOSWpRSUA\" \/><input type=\"hidden\" name=\"blogValueEncoding\" value=\"gzdeflate base64\" \/><input type=\"hidden\" name=\"postId_0\" value=\"M7QwNjQHAA==\" \/><input type=\"hidden\" name=\"postTitle_0\" value=\"FczBCcIwFAbgVX4QevJQgwehBxEKeq8LvDYvycPkFZpIr+7gAh6cwQHsJk6ifgN81WpnjGm6wqIUyxp9FLUYLU+YKWgWVfF7tJTBgRNF8YzDlFgDXTNE0Q1hXp695CHgRDFW\/7Ju8Lnd348jLy\/nlAso4UweljNG51hZ0bJefmOGqTfbLw==\" \/><input type=\"hidden\" name=\"postLink_0\" value=\"yygpKSi20tcvLy\/Xy8jPSM3LARK6pXnpqWmZOSWpRSV6Kan69gW2hhbGhuYA\" \/><input type=\"hidden\" name=\"postAuthor_0\" value=\"S0zJzcwDAA==\" \/><input type=\"hidden\" name=\"postDateTime_0\" value=\"MzIwNNE1sNQ1MFEwMrIysLQyMQYA\" \/><input type=\"hidden\" name=\"postContent_0\" value=\"lVbbTiNHEH3PV5SIFCWSL5hLYFkvEQixbLzkgs2uxEvU46mZ6Uy7x+ruwQpP+yFR8uJv4Im3+ZP9kpzqsQnCu7k8MTRdVafOOVXNcH489MFVNj8+ZT2jicopZU9VlrFlS2dsy5kynr6+rEKojuirLw93dnZeniuXcPzefvkNqRmNK2uDyjs02OvRmOeBZwk72tke7FHZ3FtJpi2Np8WiWSbaTwu6UMYQa6tzbus0S4OQhL2eFkHngRbsUrY9OmVf2ZSdJ0A8NXpazmtbBvKBi0Cp8sQFA6ZkOnEztoWqfW\/YX3U27M+PvxiiU54dv6ssGnQ0DioNt+wWyoTa5hvAhn1cfgxcJfr44Y\/Y+McPv5P2beWJVKaseXDIaz9PoDCxgeikbv5kVyiT\/A2K2AYflE2l2cG3PfpeFa6opf8AcnS8+YMuK6N0qeZsDH+SWQF3bQO7J5x04uld7dUMJzTT6IFnyGrVtEiUCzj8Ebrhx2MMDQ5396h5EDkH+9u0qAoLxrypfJuZgI1GTtmSkalgEOTywL1WKUmZ6ghRuWmhbyETMOL051qw4xjsQEltIUWHEqORrpImF6qwXlsYhG4rlzMuGSP5TllA4IaqM8pEEZu5qmAQWOMbPICtVQ5clBDfQkBlVbMDMEHwtrnHT2e\/ozPQkmsD8n3kGGgQfN48FE7ckdaA\/jmjSd6oHs4hOSRWUJX29kAM6Afa3LCOLruF+85BteFaQKE24u\/qDC2Lz88AsqzQphVy7WN9fLZXqIYlBke723RduMi7HOyvD2CbEHrPXXvm6mmZuci6J3hY7AFcF82y9lCrnhYw9IY3r6VUTDt3zRJwghYHnpjEMeYTbaXKiEevVIg0CD3pk1qfLdW6EJHjhXY6xah030ETTA5GHIHaht4qfRC6g\/axtOgnwszoPbsyjlvuKnANJjGOlVsZ6wJosEXiDD0fCx9Zy9u9IUr7ChYx0Uli0ziCsBqciia5E92pgDveQPU7NpbpNSdoCSbDyQbhp+sNFq0DzkfQP1qF\/QbNN\/XKbP8UtbbYWxXNMF5b7AWZZomVcYUBDkwXDL8hSWuTqJ3go4njLGtX5nptnVe\/sYtloI2JI9k9h862XJF4ibr1zG80N9Iu\/j3n5j7LLIeNjsTF61tjKHkJRIpNJ\/4yErM4zHrUQRi\/domyvowBVEATS7\/ygjV4l3FZ9QEFaXAQPx8rxxSJ5tC+LUjm4Y0bzBrGavZ0etSmSFcIzkHnakhlDU40Foy4VrbB6KYbt7OFL9l9akBOxBXSAa6+Zrix9KFZhqiDl3mBf9dIdYE1PMEjATCxq+3u4FC66dH10wkW20ZvIu1lc5\/LoirREDqg1vr\/GzdhtZq72nKBfbVBw3sklyfijc0qJ6NWyasVN3qFDspwtKkvLvzkqtzhEcmM2CjXSdycGOlRjffUJei0evKkPZ\/CDk3YcAYitg9eDPp0sD\/o7h7u\/Ed0KPNGmgexm+iGisB19mqrCGF+1O8vFose\/jHpwurd1aPcTVePci\/lLQoKT0t4tfVLYvCEbR3\/S8Cwr9pafwE=\" \/> \t\t<a href=\"https:\/\/www.pdf24.org\" target=\"_blank\" title=\"www.pdf24.org\" rel=\"nofollow\"><img src=\"https:\/\/www.hohenlohe-ungefiltert.de\/wp-content\/plugins\/pdf24-post-to-pdf\/img\/pdf_32x32.png\" alt=\"\" border=\"0\" height=\"32\" \/><\/a> \t\t<span class=\"pdf24Plugin-cp-space\">&nbsp;&nbsp;<\/span> \t\t<span class=\"pdf24Plugin-cp-text\">Sende Artikel als PDF<\/span> \t\t<span class=\"pdf24Plugin-cp-space\">&nbsp;&nbsp;<\/span> \t\t<input class=\"pdf24Plugin-cp-input\" style=\"margin: 0px;\" type=\"text\" name=\"sendEmailTo\" placeholder=\"Emailadresse\" \/> \t\t<input class=\"pdf24Plugin-cp-submit\" style=\"margin: 0px;\" type=\"submit\" value=\"Senden\" \/> \t<\/form> <\/div>","protected":false},"excerpt":{"rendered":"<p>Beim Tag des offenen Denkmals (Motto: &#8222;Farbe&#8220;) am Sonntag, 14. September 2014 k\u00f6nnen in Schw\u00e4bisch Hall einige Denkm\u00e4ler besichtigt werden. Besonders im Blickpunkt steht das ehemalige Armenhaus. Von der Stadtverwaltung Schw\u00e4bisch Hall \u201eFarbe\u201c ist das Thema f\u00fcr den Tag des offenen Denkmals 2014 Au\u00dferhalb der Stadt entstand im 16. Jahrhundert bei der Nikolaikapelle in Schw\u00e4bisch [&hellip;]<\/p>\n","protected":false},"author":1,"featured_media":0,"comment_status":"open","ping_status":"open","sticky":false,"template":"","format":"standard","meta":[],"categories":[1,9,10,2,8,5,3,7],"tags":[],"_links":{"self":[{"href":"https:\/\/www.hohenlohe-ungefiltert.de\/index.php?rest_route=\/wp\/v2\/posts\/18317"}],"collection":[{"href":"https:\/\/www.hohenlohe-ungefiltert.de\/index.php?rest_route=\/wp\/v2\/posts"}],"about":[{"href":"https:\/\/www.hohenlohe-ungefiltert.de\/index.php?rest_route=\/wp\/v2\/types\/post"}],"author":[{"embeddable":true,"href":"https:\/\/www.hohenlohe-ungefiltert.de\/index.php?rest_route=\/wp\/v2\/users\/1"}],"replies":[{"embeddable":true,"href":"https:\/\/www.hohenlohe-ungefiltert.de\/index.php?rest_route=%2Fwp%2Fv2%2Fcomments&post=18317"}],"version-history":[{"count":1,"href":"https:\/\/www.hohenlohe-ungefiltert.de\/index.php?rest_route=\/wp\/v2\/posts\/18317\/revisions"}],"predecessor-version":[{"id":18330,"href":"https:\/\/www.hohenlohe-ungefiltert.de\/index.php?rest_route=\/wp\/v2\/posts\/18317\/revisions\/18330"}],"wp:attachment":[{"href":"https:\/\/www.hohenlohe-ungefiltert.de\/index.php?rest_route=%2Fwp%2Fv2%2Fmedia&parent=18317"}],"wp:term":[{"taxonomy":"category","embeddable":true,"href":"https:\/\/www.hohenlohe-ungefiltert.de\/index.php?rest_route=%2Fwp%2Fv2%2Fcategories&post=18317"},{"taxonomy":"post_tag","embeddable":true,"href":"https:\/\/www.hohenlohe-ungefiltert.de\/index.php?rest_route=%2Fwp%2Fv2%2Ftags&post=18317"}],"curies":[{"name":"wp","href":"https:\/\/api.w.org\/{rel}","templated":true}]}}