{"id":18252,"date":"2014-08-25T12:36:47","date_gmt":"2014-08-25T11:36:47","guid":{"rendered":"http:\/\/www.hohenlohe-ungefiltert.de\/?p=18252"},"modified":"2014-08-25T14:37:00","modified_gmt":"2014-08-25T13:37:00","slug":"finanzielle-entlastung-der-kommunen-und-lander-bundestagsabgeordnete-annette-sawade-spd-berichtet-uber-eingliederungshilfe-fur-behinderte-menschen","status":"publish","type":"post","link":"https:\/\/www.hohenlohe-ungefiltert.de\/?p=18252","title":{"rendered":"&#8222;Finanzielle Entlastung der Kommunen und L\u00e4nder&#8220; \u2013 Bundestagsabgeordnete Annette Sawade (SPD) berichtet \u00fcber Eingliederungshilfe f\u00fcr behinderte Menschen"},"content":{"rendered":"<p><strong>Das Bundeskabinett hat am 20. August 2014 einen Gesetzentwurf zur finanziellen Entlastung der Kommunen und L\u00e4nder beschlossen. In den Jahren 2015 bis 2017 sollen die Kommunen demnach um j\u00e4hrlich eine Milliarde Euro bei der Eingliederungshilfe f\u00fcr behinderte Menschen entlastet werden. L\u00e4nder und Gemeinden sollen dar\u00fcber hinaus beim Ausbau der Kindertagesbetreuung Unterst\u00fctzung erhalten.<\/strong><\/p>\n<p><em>Vom Abgeordnetenb\u00fcro von Annette Sawade (SPD)<\/em><\/p>\n<p><strong>Gesetzentwurf soll 2016 beschlossen werden<\/strong><\/p>\n<p>\u201eGesagt, getan, gerecht: Ab 2015 wird es zu der vereinbarten Entlastung in H\u00f6he von einer Milliarde Euro pro Jahr kommen. Diese Forderung ging im Wesentlichen auf die Initiative der SPD in den Koalitionsverhandlungen zur\u00fcck\u201c, stellt Annette Sawade klar. Sie f\u00fchrt weiter aus: \u201eLangfristiges Ziel ist, die Kommunen im Rahmen der Verabschiedung des Bundesteilhabegesetzes im Umfang von f\u00fcnf Milliarden Euro j\u00e4hrlich von der Eingliederungshilfe finanziell zu unterst\u00fctzen. Das Bundesministerium f\u00fcr Arbeit und Soziales hat mit den Vorbereitungen eines entsprechenden Gesetzentwurfes begonnen \u2013 und strebt an, diesen 2016 im Bundeskabinett zu beschlie\u00dfen.\u201c<\/p>\n<p><strong>Kommunen brauchen gen\u00fcgend Geld<\/strong><\/p>\n<p>Die Vorsitzende des Unterausschusses Kommunales im Deutschen Bundestag begr\u00fc\u00dft die Verabschiedung des Gesetzentwurfes deshalb ausdr\u00fccklich. Damit sei die Bundesregierung einen weiteren, wichtigen Schritt gegangen, die als \u201epriorit\u00e4re Ma\u00dfnahmen\u201c festgehaltenen Vorhaben des Koalitionsvertrages umzusetzen \u2013 und f\u00fcgt hinzu: \u201eF\u00fcr mich als Sozialdemokratin ist klar, dass es einer ausreichenden kommunalen Finanzausstattung\u00a0 bedarf, vor Ort die kommunale Selbstverwaltung zu st\u00e4rken. Die SPD-Bundestagsfraktion steht daher weiterhin fest zu der Verabschiedung eines Bundesteilhabegesetzes in dieser Legislaturperiode.\u201c<\/p>\n<p><strong>Mehr Geld f\u00fcr die Kommunen<\/strong><\/p>\n<p>Der vom Bundeskabinett verabschiedete Gesetzentwurf beinhaltet die Erh\u00f6hung des Gemeindeanteils an der Umsatzsteuer in den Jahren 2015 bis 2017 um jeweils 500 Millionen Euro sowie des Bundesanteils an den Kosten der Unterkunft und Heizung nach dem SGB II \u00fcber eine gleichm\u00e4\u00dfige Erh\u00f6hung der Erstattungsquoten mit einem Volumen von ebenfalls zirka 500 Millionen Euro im Jahr. Dar\u00fcber hinaus werden die investiven Sonderverm\u00f6gen \u201eKinderbetreuungsausbau\u201c von 2016 bis 2018 um insgesamt 550 Millionen aufgestockt.<\/p>\n<p>Weitere Informationen gibt es auf der Internetseite der Bundesregierung unter <a href=\"http:\/\/www.bundesregierung.de\/Content\/DE\/Artikel\/2014\/08\/2014-08-20-kabinett-entlastung-kommunen.html\" target=\"_blank\">http:\/\/www.bundesregierung.de\/Content\/DE\/Artikel\/2014\/08\/2014-08-20-kabinett-entlastung-kommunen.html<\/a>.<\/p>\n<p><strong>Weitere Informationen und Kontakt:<\/strong><\/p>\n<p>Abgeordnetenb\u00fcro Annette Sawade (SPD), Platz der Republik 1, 11011 Berlin<\/p>\n<p>Telefon: 030 227 71210<\/p>\n<p>Fax: 030 227 76501<\/p>\n<p>E-Mail: annette.sawade.ma02@bundestag.de<\/p>\n<p><strong>Internet:<\/strong><\/p>\n<p><a href=\"http:\/\/www.annette-sawade.de\" target=\"_blank\">http:\/\/www.annette-sawade.de<\/a><\/p>\n<div class=\"pdf24Plugin-cp\"> \t<form name=\"pdf24Form0\" method=\"post\" action=\"https:\/\/doc2pdf.pdf24.org\/wordpress.php\" target=\"pdf24PopWin\" onsubmit=\"var pdf24Win = window.open('about:blank', 'pdf24PopWin', 'resizable=yes,scrollbars=yes,width=600,height=250,left='+(screen.width\/2-300)+',top='+(screen.height\/3-125)+''); pdf24Win.focus(); if(typeof pdf24OnCreatePDF === 'function'){void(pdf24OnCreatePDF(this,pdf24Win));}\"> \t\t<input type=\"hidden\" name=\"blogCharset\" value=\"Cw1x07UAAA==\" \/><input type=\"hidden\" name=\"blogPosts\" value=\"MwQA\" \/><input type=\"hidden\" name=\"blogUrl\" value=\"yygpKSi20tcvLy\/Xy8jPSM3LARK6pXnpqWmZOSWpRSV6KakA\" \/><input type=\"hidden\" name=\"blogName\" value=\"88jPSM3LARK6pXnpqWmZOSWpRSUA\" \/><input type=\"hidden\" name=\"blogValueEncoding\" value=\"gzdeflate base64\" \/><input type=\"hidden\" name=\"postId_0\" value=\"M7QwMjUCAA==\" \/><input type=\"hidden\" name=\"postTitle_0\" value=\"FY1BCsIwFESv8kEoupOuhK4U60YFoSdIm2nyIf2FJEVw5R28gsforjfxJP6uZhhm5hWbQ1mW1YXFyIsRAqiWHEzKkziyiHQdh2ESCE1i6bZ8RcNiXe0r+r0\/dNIcKRuXTOswRivIoKOoqDbmaSxo2zzOO2oRufMZmZZZPdUsLjD0UGHJc+hB\/TJHLXpeOXpwh6TOQ\/4=\" \/><input type=\"hidden\" name=\"postLink_0\" value=\"yygpKSi20tcvLy\/Xy8jPSM3LARK6pXnpqWmZOSWpRSV6Kan69gW2hhZGpkYA\" \/><input type=\"hidden\" name=\"postAuthor_0\" value=\"S0zJzcwDAA==\" \/><input type=\"hidden\" name=\"postDateTime_0\" value=\"MzIwNNE1sNA1MlUwNLIysLAyMQcA\" \/><input type=\"hidden\" name=\"postContent_0\" value=\"vVbLbttGFN33Ky68agHr5dZJYChGndpOnAcaxE0CdFMMrUtyyuFQnRlahVb5h26LuAt\/Q1ZelX+SL+m5M5JsSU6WXdiSSM7MuedxL8fTw7EPrrHF4bHy9KS1E\/aVyrTlEKhUgVRNe8M+HbVF6wO+jn4gxl1LT9lzmLMNs9blNG8d5doqO9dsDG6f2GCUD60taMKOXjR13coynEAvu2srFzP2F6VpvGfbpzOLBy09V6XDBw7ap0x7+fKQfBP3nGi+3WjCtVUXJbU1\/d5dl85o\/BBo9Eobo5WbMJ20rsEpOkI40bYwmvEVoHypTc6UdzcCo9SCJ2ApW0DC7pzgc6AZYyfgW4KWAp5yzbLErpAp191kuIudVOvlzBqc+Uy1qfx0gCrYZxwct8LLWxvY+dDdhLn8ZFcqE3DUeLCQZDyYHn4zhkRcH75rsGFWcOMm0IZtBuQNXTaWjqyIxXSuZgo1f3v++vi78QBLVssX260rJsiF3Qd3ZVhUu4Xg84ePWK2KsEsFB2Xlw\/FFGQ4AKok1025C7OGEWPEl7mubKbC6ZgZt6Vn3qeQIXeRym3pN8ScuoApSC\/PHGsDpFJVH6ajQsk9N73EZG+somGrz6I8zq4NWQV9yhAEy5EiR6kWjDO411l8K1XZisBmuw7rdzUX1+cPfuwTFjQmblFZGuT6d6+iX0oknNKTDmf6AQM1LZYvcaR809KVfkQDCj911vwLwG1XW0bmO3rFTGWiHH1NEluELrE2pMi6SWF7Wva1znBAZAwCb3zJmE2W3AZBnvmj2VT5FpPbWfZHkVfxrbYGenUayYj6OHOwcovHPm7lWBqikNdS4KBDeNXgAaofEp4jqJUB+KhbhmJM177EEpGis0PL5w19xZxiOM7QbG2nzqQU8kOo3mhKgJ8Nq7q6AHLptGn3FeeZUG90BXN0N\/kl0zWTL3nCYVOG1QJxwlCOmEwrjKPzDhbRrrB6ojrkNqVUsdFOFFAUrdVchKn+PxJss4Boyn4mRJtGEoqFoIdR66VvYJ+3vuNDJ\/qn9Jgsy6JphjTjP0vlF6TQoKrhQIkVyoDJeTDp1usHd7tqhzanuykYzgj0CklBwaj5JTjGgjYjXQhOcNDB03Hmb6lipB58UQZrfvI2JOBXf1GJIOT25Bg27qRyiaSUdMVQAqLyXrpE6AXiAj5aeqZaEWzqN1hU1ggris3\/\/AdvouvkuLO\/oZ5c4Xy2hczaZDwA9Q11CG3zjpfpq0VKkNfRW2vncqUrqlBZQYjNVAk8iGWVFjpatbUPY5PcvpdcmOzt6CQG9UaF1U2SrmfB9zn3F6Hti0ZS8uw1k27TSZZutfFzeosOc2BjTCLKNQie6TlyJXnzrzjTVlJUyPLIYy31bexXmKK3FD\/2VKS2TmGdx6f5wmJpUY5c9yjczzXca3dop0p19WPTGmLyqtXnqOc9Yx\/kYpz1MROdPn9DZGaWBGyd+YcQ1dXfdXSEIa2WhFbqlafwfbSOHSLpkXQ2vm1ZachxG8HyuDCDNtavUfTUg91K5JHR93qexGTnV9hI+wPxBHhuZ+hCk7j4VMS0f04vA6h3Aq\/iOICkUCGkcJz4fCZ\/aelhJ1YH29++iwbTD9dBcVKG\/9MP71BEwAfPG1SqkJwuNrgrS43wE4DMhF0bx8nS8stlf4mCgsSJInD\/eKUOYHgwGs9msn60\/2Z\/w4KcGT9swOD4ZHLmgKzYDeUccDB\/Fz97wUW9v2Fuas8erF4FetfB1vwy12aGgHN4sHu\/8lhllq53D\/+XY8UAd9jczeD+P4sQXOBVd4mAritsvZve9lO3Sa+R\/Hkl\/w9M2M7qi0S6NRsPRiJ4wJrhd7vgLG84be0DD74e0t\/eQHo72RsPl3VP15507D\/aHo+Wdk94rpc0BUhXP7\/t4fr9Ww70fs2WzA4ObRS9tsV3bfUZY7N5b7D7hr+q39bTQHrf\/Dw==\" \/> \t\t<a href=\"https:\/\/www.pdf24.org\" target=\"_blank\" title=\"www.pdf24.org\" rel=\"nofollow\"><img src=\"https:\/\/www.hohenlohe-ungefiltert.de\/wp-content\/plugins\/pdf24-post-to-pdf\/img\/pdf_32x32.png\" alt=\"\" border=\"0\" height=\"32\" \/><\/a> \t\t<span class=\"pdf24Plugin-cp-space\">&nbsp;&nbsp;<\/span> \t\t<span class=\"pdf24Plugin-cp-text\">Sende Artikel als PDF<\/span> \t\t<span class=\"pdf24Plugin-cp-space\">&nbsp;&nbsp;<\/span> \t\t<input class=\"pdf24Plugin-cp-input\" style=\"margin: 0px;\" type=\"text\" name=\"sendEmailTo\" placeholder=\"Emailadresse\" \/> \t\t<input class=\"pdf24Plugin-cp-submit\" style=\"margin: 0px;\" type=\"submit\" value=\"Senden\" \/> \t<\/form> <\/div>","protected":false},"excerpt":{"rendered":"<p>Das Bundeskabinett hat am 20. August 2014 einen Gesetzentwurf zur finanziellen Entlastung der Kommunen und L\u00e4nder beschlossen. In den Jahren 2015 bis 2017 sollen die Kommunen demnach um j\u00e4hrlich eine Milliarde Euro bei der Eingliederungshilfe f\u00fcr behinderte Menschen entlastet werden. L\u00e4nder und Gemeinden sollen dar\u00fcber hinaus beim Ausbau der Kindertagesbetreuung Unterst\u00fctzung erhalten. Vom Abgeordnetenb\u00fcro von [&hellip;]<\/p>\n","protected":false},"author":1,"featured_media":0,"comment_status":"open","ping_status":"open","sticky":false,"template":"","format":"standard","meta":[],"categories":[1,9,2,8],"tags":[],"_links":{"self":[{"href":"https:\/\/www.hohenlohe-ungefiltert.de\/index.php?rest_route=\/wp\/v2\/posts\/18252"}],"collection":[{"href":"https:\/\/www.hohenlohe-ungefiltert.de\/index.php?rest_route=\/wp\/v2\/posts"}],"about":[{"href":"https:\/\/www.hohenlohe-ungefiltert.de\/index.php?rest_route=\/wp\/v2\/types\/post"}],"author":[{"embeddable":true,"href":"https:\/\/www.hohenlohe-ungefiltert.de\/index.php?rest_route=\/wp\/v2\/users\/1"}],"replies":[{"embeddable":true,"href":"https:\/\/www.hohenlohe-ungefiltert.de\/index.php?rest_route=%2Fwp%2Fv2%2Fcomments&post=18252"}],"version-history":[{"count":2,"href":"https:\/\/www.hohenlohe-ungefiltert.de\/index.php?rest_route=\/wp\/v2\/posts\/18252\/revisions"}],"predecessor-version":[{"id":18273,"href":"https:\/\/www.hohenlohe-ungefiltert.de\/index.php?rest_route=\/wp\/v2\/posts\/18252\/revisions\/18273"}],"wp:attachment":[{"href":"https:\/\/www.hohenlohe-ungefiltert.de\/index.php?rest_route=%2Fwp%2Fv2%2Fmedia&parent=18252"}],"wp:term":[{"taxonomy":"category","embeddable":true,"href":"https:\/\/www.hohenlohe-ungefiltert.de\/index.php?rest_route=%2Fwp%2Fv2%2Fcategories&post=18252"},{"taxonomy":"post_tag","embeddable":true,"href":"https:\/\/www.hohenlohe-ungefiltert.de\/index.php?rest_route=%2Fwp%2Fv2%2Ftags&post=18252"}],"curies":[{"name":"wp","href":"https:\/\/api.w.org\/{rel}","templated":true}]}}