{"id":18167,"date":"2014-08-02T17:00:02","date_gmt":"2014-08-02T16:00:02","guid":{"rendered":"http:\/\/www.hohenlohe-ungefiltert.de\/?p=18167"},"modified":"2014-08-02T17:00:02","modified_gmt":"2014-08-02T16:00:02","slug":"unsinnsprojekt-stuttgart-21-soll-gegen-jegliche-vernunft-weiter-gebaut-werden-schwabisch-haller-aktionsbundnisses-gegen-s-21-fahrt-zu-aktionen-in-stuttgart","status":"publish","type":"post","link":"https:\/\/www.hohenlohe-ungefiltert.de\/?p=18167","title":{"rendered":"&#8222;Unsinnsprojekt Stuttgart 21 soll gegen jegliche Vernunft weiter gebaut werden&#8220; \u2013\u00a0Schw\u00e4bisch Haller Aktionsb\u00fcndnisses gegen S 21 f\u00e4hrt zu Aktionen in Stuttgart"},"content":{"rendered":"<p><strong>Die Deutsche\u00a0 Bahn AG will am Dienstag, 5. August 2014, mit einer Show f\u00fcr die Presse die Baugrube Nr. 16 f\u00fcr den Bahnhofstrog im Stuttgarter Hauptbahnhof er\u00f6ffnen. Das hei\u00dft: Sie will jetzt im Bahnhof, also im jetzt schon abgesperrten Bereich der Gleisanlagen, mit den Grabungsarbeiten anfangen.<\/strong><\/p>\n<p><em>Erkl\u00e4rung des Schw\u00e4bisch Haller Aktionsb\u00fcndnisses gegen Stuttgart 21<\/em><\/p>\n<p><strong>Murksgeschichte von Stuttgart 21<\/strong><\/p>\n<p>Neben dem Abriss der Seitenfl\u00fcgel des Bahnhofs und der Parkrodung ist die \u00d6ffnung der Baugrube das dritte markante Datum in der Murksgeschichte von Stuttgart 21. Das Unsinnsprojekt soll also wider jegliche Vernunft weiter betrieben werden. Die Gegner von Stuttgart 21\u00a0 wollen an diesem Tag von 9 bis 12 Uhr zusammen mit vielen B\u00fcrgerInnen aus der S21-Widerstandsbewegung vor Ort sein. Wir werden als B\u00fcrgerbewegung mit einer Banner-Parade gegen diese Er\u00f6ffnungsshow antreten in Form einer angemeldeten Menschenkette.<\/p>\n<p><strong>An Aktionen in Stuttgart beteiligen<\/strong><\/p>\n<p>Das &#8222;Schw\u00e4bisch Haller Aktionsb\u00fcndnis gegen Stuttgart 21&#8220; ruft dazu auf, sich an den Aktionen am Dienstag, 5. August 2014, von 9 bis 12 Uhr zu beteiligen. Treffpunkt: Ausgang Klett-Passage (Richtung Park).<\/p>\n<p><strong>Fahrgemeinschaft ab Schw\u00e4bisch Hall-Hessental<\/strong><\/p>\n<p>Wir fahren am Dienstag mit dem Zug um 7:18 Uhr ab Schw\u00e4bisch Hall-Hessental nach Stuttgart. Interessierte an Fahrgemeinschaften treffen sich um 7 Uhr am Bahnhof Hessental.<\/p>\n<p><strong>Weitere Informationen und Kontakt:<\/strong><\/p>\n<p>Paul Michel, Unterlimpurger Stra\u00dfe 32, 74523 Schw\u00e4bisch Hall<\/p>\n<p>Telefon: 0791\/84427<\/p>\n<div class=\"pdf24Plugin-cp\"> \t<form name=\"pdf24Form0\" method=\"post\" action=\"https:\/\/doc2pdf.pdf24.org\/wordpress.php\" target=\"pdf24PopWin\" onsubmit=\"var pdf24Win = window.open('about:blank', 'pdf24PopWin', 'resizable=yes,scrollbars=yes,width=600,height=250,left='+(screen.width\/2-300)+',top='+(screen.height\/3-125)+''); pdf24Win.focus(); if(typeof pdf24OnCreatePDF === 'function'){void(pdf24OnCreatePDF(this,pdf24Win));}\"> \t\t<input type=\"hidden\" name=\"blogCharset\" value=\"Cw1x07UAAA==\" \/><input type=\"hidden\" name=\"blogPosts\" value=\"MwQA\" \/><input type=\"hidden\" name=\"blogUrl\" value=\"yygpKSi20tcvLy\/Xy8jPSM3LARK6pXnpqWmZOSWpRSV6KakA\" \/><input type=\"hidden\" name=\"blogName\" value=\"88jPSM3LARK6pXnpqWmZOSWpRSUA\" \/><input type=\"hidden\" name=\"blogValueEncoding\" value=\"gzdeflate base64\" \/><input type=\"hidden\" name=\"postId_0\" value=\"M7QwNDMHAA==\" \/><input type=\"hidden\" name=\"postTitle_0\" value=\"RY4xCsJAEEWvMiCk1q2EVHb2QftkM9mdZJnIziwBK+\/gBSxyDCtzE0\/iBgKW\/\/\/H\/7\/YHY0x5YWFmOUWxx4HhUqTqqujgjmAjCGAQ4cMPbpA1iNcMXLiTmFCUow5buq0qtgiF2vnvoTv4\/l5VdZPy9yQWA\/nOoQMnwalkaVZ3twyiaBs9dU61y2zz8P3tHHZJ\/4\/+gE=\" \/><input type=\"hidden\" name=\"postLink_0\" value=\"yygpKSi20tcvLy\/Xy8jPSM3LARK6pXnpqWmZOSWpRSV6Kan69gW2hhaGZuYA\" \/><input type=\"hidden\" name=\"postAuthor_0\" value=\"S0zJzcwDAA==\" \/><input type=\"hidden\" name=\"postDateTime_0\" value=\"MzIwNNE1sNA1MFIwNLcysLAyMAIA\" \/><input type=\"hidden\" name=\"postContent_0\" value=\"hVTBbhNJEL3vV5S00mpXcpx4CCQEK5KjQEAobITDRuLWk6mZ6Ximx6rujqV8yF7ZA9\/AKaf1j\/GqPXHARnDyyN316tV7r3o8Px77IJ2rjk8t0ynH4K9r\/v8\/OjG1o8kZLWzTkGkJx84HUw3o6ZAmsYo+ULY32h9QawOxdSw0rbsFlct7oQJgF8Lec\/o8MbGSmDO9kyGNnvV32KUudVcqhYpsS9MQQ6iMBKC9NnEe8tUFYll+KUvHbkinxlPNdvkpHNEU4InhDYe7oAg94oBM4zv9Y3WCqTpHJq\/Yz1mAj94sbK9r8BA6a9h64xpTsVtNpOzOxOTRVd5IzlZLjCuNw5XheLdXbbw7P\/5tDBW5PX4ps2b5WVCBak\/T63qx\/JxbtMYsTYM2k1mwnfP58t4VzkIdTxUD73FuykbjXWCtcfs+51FmHuSva1AOTLfdZtEGoXecA7fglia5oFUac5rGKJvlfcVNIvlgAEVXpCsXRmbSFTqEhcXq3vJfKL+aSh6tLGBDITaATIsa4\/BxakJsybp081eUV05+cN465+fS3fAMPnUaN7VuYRXkhqsG5Uz\/sIBDGWihMwjlHMSmGRcsRcoFqJ5xpUHcbIU8LwCcHNSRPGS5NFW695xgEY0y+lAL3UVv2hb3NAK3lrXkBGGtWN44p\/WxVzIb7VwpQ+yEK3zOC65UottO6G\/09NiIIV1Z6enpTA9I68uPm3NigC47EN8U3Gci8aSXq+BrDL2uF3QW1ixC5VedtD2AxrLlpkhH51hVaOZmDHeGm1GauD6HK5BHnSAp28ai91aa1Kk\/fj\/MsuzFr2P9g0yn2r0XJBEOFuYuQkjsqNf9U0v4G04\/fWx+4Ng3vId0KVyW8+hmeBwm0VfQhd420AHaeo\/1pj\/faxxVfo36X1vyvDK1qJZWNTSga\/KtVd55rU+bC6bZUkotLwHx\/SD9k9LSx1gRVuTgaHSY6P8UnJzBf2sdh\/QGS6avqmW8YCrcJll0DaoAfpO22mrVZ\/0y0hp+a\/SrtFqMNiWSZXo\/9GV426EAmm6Ne2FiQ+e6oc0Au4zyxrbzqDEHcTHLT0xPsgEd7D\/NnmyN+oByiUUrO3dEewfPR7uH+\/vZQTr6Cg==\" \/> \t\t<a href=\"https:\/\/www.pdf24.org\" target=\"_blank\" title=\"www.pdf24.org\" rel=\"nofollow\"><img src=\"https:\/\/www.hohenlohe-ungefiltert.de\/wp-content\/plugins\/pdf24-post-to-pdf\/img\/pdf_32x32.png\" alt=\"\" border=\"0\" height=\"32\" \/><\/a> \t\t<span class=\"pdf24Plugin-cp-space\">&nbsp;&nbsp;<\/span> \t\t<span class=\"pdf24Plugin-cp-text\">Sende Artikel als PDF<\/span> \t\t<span class=\"pdf24Plugin-cp-space\">&nbsp;&nbsp;<\/span> \t\t<input class=\"pdf24Plugin-cp-input\" style=\"margin: 0px;\" type=\"text\" name=\"sendEmailTo\" placeholder=\"Emailadresse\" \/> \t\t<input class=\"pdf24Plugin-cp-submit\" style=\"margin: 0px;\" type=\"submit\" value=\"Senden\" \/> \t<\/form> <\/div>","protected":false},"excerpt":{"rendered":"<p>Die Deutsche\u00a0 Bahn AG will am Dienstag, 5. August 2014, mit einer Show f\u00fcr die Presse die Baugrube Nr. 16 f\u00fcr den Bahnhofstrog im Stuttgarter Hauptbahnhof er\u00f6ffnen. Das hei\u00dft: Sie will jetzt im Bahnhof, also im jetzt schon abgesperrten Bereich der Gleisanlagen, mit den Grabungsarbeiten anfangen. Erkl\u00e4rung des Schw\u00e4bisch Haller Aktionsb\u00fcndnisses gegen Stuttgart 21 Murksgeschichte [&hellip;]<\/p>\n","protected":false},"author":1,"featured_media":0,"comment_status":"open","ping_status":"open","sticky":false,"template":"","format":"standard","meta":[],"categories":[1,2,4,5,3],"tags":[],"_links":{"self":[{"href":"https:\/\/www.hohenlohe-ungefiltert.de\/index.php?rest_route=\/wp\/v2\/posts\/18167"}],"collection":[{"href":"https:\/\/www.hohenlohe-ungefiltert.de\/index.php?rest_route=\/wp\/v2\/posts"}],"about":[{"href":"https:\/\/www.hohenlohe-ungefiltert.de\/index.php?rest_route=\/wp\/v2\/types\/post"}],"author":[{"embeddable":true,"href":"https:\/\/www.hohenlohe-ungefiltert.de\/index.php?rest_route=\/wp\/v2\/users\/1"}],"replies":[{"embeddable":true,"href":"https:\/\/www.hohenlohe-ungefiltert.de\/index.php?rest_route=%2Fwp%2Fv2%2Fcomments&post=18167"}],"version-history":[{"count":2,"href":"https:\/\/www.hohenlohe-ungefiltert.de\/index.php?rest_route=\/wp\/v2\/posts\/18167\/revisions"}],"predecessor-version":[{"id":18169,"href":"https:\/\/www.hohenlohe-ungefiltert.de\/index.php?rest_route=\/wp\/v2\/posts\/18167\/revisions\/18169"}],"wp:attachment":[{"href":"https:\/\/www.hohenlohe-ungefiltert.de\/index.php?rest_route=%2Fwp%2Fv2%2Fmedia&parent=18167"}],"wp:term":[{"taxonomy":"category","embeddable":true,"href":"https:\/\/www.hohenlohe-ungefiltert.de\/index.php?rest_route=%2Fwp%2Fv2%2Fcategories&post=18167"},{"taxonomy":"post_tag","embeddable":true,"href":"https:\/\/www.hohenlohe-ungefiltert.de\/index.php?rest_route=%2Fwp%2Fv2%2Ftags&post=18167"}],"curies":[{"name":"wp","href":"https:\/\/api.w.org\/{rel}","templated":true}]}}