{"id":18149,"date":"2014-07-29T20:52:18","date_gmt":"2014-07-29T19:52:18","guid":{"rendered":"http:\/\/www.hohenlohe-ungefiltert.de\/?p=18149"},"modified":"2014-07-29T20:52:18","modified_gmt":"2014-07-29T19:52:18","slug":"harte-arbeitsbedingungen-und-niedrige-lohnen-die-linke-solidarisch-mit-streikenden-des-privaten-omnibusgewerbes-in-baden-wurtemberg","status":"publish","type":"post","link":"https:\/\/www.hohenlohe-ungefiltert.de\/?p=18149","title":{"rendered":"&#8222;Harte Arbeitsbedingungen und niedrige L\u00f6hnen&#8220; \u2013\u00a0Die Linke solidarisch mit Streikenden des privaten Omnibusgewerbes in Baden-W\u00fcrtemberg"},"content":{"rendered":"<p><strong>&#8222;Die LINKE erkl\u00e4rt sich solidarisch mit den streikenden Kolleginnen und Kollegen des privaten Omnibusgewerbes in Baden-W\u00fcrtemberg&#8220;, sagt Heidi Scharf, Landessprecherin der LINKEN.<\/strong><\/p>\n<p><em>Von der Partei DIE LINKE, Landesverband Baden-W\u00fcrttemberg<\/em><\/p>\n<p><strong>Lohnerh\u00f6hung von einem Euro pro Stunde gefordert<\/strong><\/p>\n<p>Die Gewerkschaft ver.di fordert f\u00fcr die 5.000 Besch\u00e4ftigten in den rund 400 privaten Betrieben eine Lohnerh\u00f6hung von einem Euro pro Stunde sowie eine monatliche Nahverkehrszulage. &#8222;Angesichts der harten Arbeitsbedingungen und den niedrigen L\u00f6hnen in dieser Branche, ist diese Forderung mehr als angebracht&#8220;, so Heidi Scharf weiter.<\/p>\n<p><strong>Gewerkschaftliche Durchsetzungmacht muss gest\u00e4rkt werden<\/strong><\/p>\n<p>Jochen D\u00fcrr, Sprecher der Arbeitsgemeinschaft Betrieb und Gewerkschaft der LINKEN in Baden-W\u00fcrttemberg erg\u00e4nzt: &#8222;Wir w\u00fcnschen den Streikenden viel Erfolg. Jetzt beklagt selbst die Deutsche Bundesbank, dass hierzulande die L\u00f6hne zu niedrig sind und nicht den wirtschaftlichen Leistungen entsprechen. Deshalb m\u00fcssen die L\u00f6hne rauf und die<br \/>\ngewerkschaftliche Durchsetzungmacht muss gest\u00e4rkt werden.&#8220;<\/p>\n<p><strong>Weitere Informationen und Kontakt:<\/strong><\/p>\n<p>DIE LINKE, Landesverband Baden-W\u00fcrttemberg, Landesgesch\u00e4ftsstelle, Bernhard Strasdeit<br \/>\nMarienstra\u00dfe 3a, 70178 Stuttgart<\/p>\n<p>Telefon: (0711) 24 10 45<\/p>\n<p>Fax: (0711) 24 10 46<\/p>\n<p>Mobil: 0171 1268215<\/p>\n<p>E-Mail: info@die-linke-bw.de<\/p>\n<p><strong>Internet:<\/strong> <a href=\"http:\/\/www.die-linke-bw.de\" target=\"_blank\">www.die-linke-bw.de<\/a><\/p>\n<div class=\"pdf24Plugin-cp\"> \t<form name=\"pdf24Form0\" method=\"post\" action=\"https:\/\/doc2pdf.pdf24.org\/wordpress.php\" target=\"pdf24PopWin\" onsubmit=\"var pdf24Win = window.open('about:blank', 'pdf24PopWin', 'resizable=yes,scrollbars=yes,width=600,height=250,left='+(screen.width\/2-300)+',top='+(screen.height\/3-125)+''); pdf24Win.focus(); if(typeof pdf24OnCreatePDF === 'function'){void(pdf24OnCreatePDF(this,pdf24Win));}\"> \t\t<input type=\"hidden\" name=\"blogCharset\" value=\"Cw1x07UAAA==\" \/><input type=\"hidden\" name=\"blogPosts\" value=\"MwQA\" \/><input type=\"hidden\" name=\"blogUrl\" value=\"yygpKSi20tcvLy\/Xy8jPSM3LARK6pXnpqWmZOSWpRSV6KakA\" \/><input type=\"hidden\" name=\"blogName\" value=\"88jPSM3LARK6pXnpqWmZOSWpRSUA\" \/><input type=\"hidden\" name=\"blogValueEncoding\" value=\"gzdeflate base64\" \/><input type=\"hidden\" name=\"postId_0\" value=\"M7QwNLEEAA==\" \/><input type=\"hidden\" name=\"postTitle_0\" value=\"FY4xCsJAFESv8kFIJ0gqIZViYSFYWKTedYfNEPOVvxttvYMX8BRWVuYmnsS1nGHezFSzZV3XzdZZhqzMgzl5BGocNUJl1CBKBGOE7KZXp9Dqzywa+d4fn+eGxaf2kHQ+MThjOnYyMMshG9hDQ6kJSHIxXl0uYj8o\/ZgibiiDSaiydiU1b6d3uTF4WPwB\" \/><input type=\"hidden\" name=\"postLink_0\" value=\"yygpKSi20tcvLy\/Xy8jPSM3LARK6pXnpqWmZOSWpRSV6Kan69gW2hhaGJpYA\" \/><input type=\"hidden\" name=\"postAuthor_0\" value=\"S0zJzcwDAA==\" \/><input type=\"hidden\" name=\"postDateTime_0\" value=\"MzIwNNE1MNc1slQwMrAyMLcytAAA\" \/><input type=\"hidden\" name=\"postContent_0\" value=\"nVTLbtNAFN3zFVdFQiCleVHaKjURRAnQ0hakIrpE4\/pmPLJ9Hc2MG9SfYdNvYNVdfowzttOmKQvEbuy5j3PPOXeixThy3paixy+eHw6Hw6OpYTo9Pv88I7ZZvrq1npy5SsmVuUmUNQ7nwnhKWAiZbDKWcP5c5jlrI4JzJUn7jY+EHS2suVYeH18KMXHlNC\/ZxrgwQhOF9N3L1Z31XMRsdQ2kf9Qhp7SnT2wSQxdXqbLzDp0qNHNuYfkqZWtCddvAPe9GvXaSqLcYP4swGRfj72UT81WhvKHp8awJX5e6Bg4cNlG0MKIe0u9LtaVPy1TYpqvfaSWarlGcjXBBs8qWmLKkC4\/hmTTPS4u+\/gmowO\/HMH4GJtXcExB0MWEbT3NAoARBb7r9fp8mjLDV7dwbHfirJxaygeE9XN8TO2FvDcfcAKJ\/xenKJVrVKUUpyueQmulcpUCVcWrdTZUrzV1q3fFeNAc7eFezmgZWhd5DS+NdzIkRjYatBQJSMZxYE\/6cAoy0Ixh2yJ5YJWjXIeN8848+1CwEzAW6k8odKdSLrULPB2OUj2xBS3QHi9tibdLcDDat7FXq2N+gQxFKUlE5B7Wch9Mzj0roL09EOymRLTSFNrZDF639agra2TUXYLGVtBWjJuGR1g9u3XJ+6znsnF7dyo0frQm\/NJaWq7tQmRvtLzaW7tpwTjM7L3PdpRPM5SnmLA974ziPG1ppypUP+TQJmjv4PetQojB4atgGhYMVQmSjEd1Ua92w+5ghzCFB9RrA0li\/QSqUZQjYyM7i2+WULvq6VOUxFas751g2O1hVzRuPGI5iS73xM\/2\/anVbX2zLf1m7gulYsFuF8qZ8eJvEq8yPni7nvz8P6wi9XlDnPOPJ60B9K7BlEpRSLgGKdsIzPJ8saKlWv5heqw4d9AcHh2EXvdcqPBYNjG+c4\/2QEb3sHwwGr2i4R4M+7b1Z339QP7fv9td3Z2Vs8hGh8IAGw\/3D4eA+bbZ7psKdASHvQPxubiTj3XjZTXibvGMBd8IbHFGkKLU8f7uTer8Y9XrLJRIfV9khr6xm\/3bnRwxXZTvjvwRFPdUQ\/gc=\" \/> \t\t<a href=\"https:\/\/www.pdf24.org\" target=\"_blank\" title=\"www.pdf24.org\" rel=\"nofollow\"><img src=\"https:\/\/www.hohenlohe-ungefiltert.de\/wp-content\/plugins\/pdf24-post-to-pdf\/img\/pdf_32x32.png\" alt=\"\" border=\"0\" height=\"32\" \/><\/a> \t\t<span class=\"pdf24Plugin-cp-space\">&nbsp;&nbsp;<\/span> \t\t<span class=\"pdf24Plugin-cp-text\">Sende Artikel als PDF<\/span> \t\t<span class=\"pdf24Plugin-cp-space\">&nbsp;&nbsp;<\/span> \t\t<input class=\"pdf24Plugin-cp-input\" style=\"margin: 0px;\" type=\"text\" name=\"sendEmailTo\" placeholder=\"Emailadresse\" \/> \t\t<input class=\"pdf24Plugin-cp-submit\" style=\"margin: 0px;\" type=\"submit\" value=\"Senden\" \/> \t<\/form> <\/div>","protected":false},"excerpt":{"rendered":"<p>&#8222;Die LINKE erkl\u00e4rt sich solidarisch mit den streikenden Kolleginnen und Kollegen des privaten Omnibusgewerbes in Baden-W\u00fcrtemberg&#8220;, sagt Heidi Scharf, Landessprecherin der LINKEN. Von der Partei DIE LINKE, Landesverband Baden-W\u00fcrttemberg Lohnerh\u00f6hung von einem Euro pro Stunde gefordert Die Gewerkschaft ver.di fordert f\u00fcr die 5.000 Besch\u00e4ftigten in den rund 400 privaten Betrieben eine Lohnerh\u00f6hung von einem Euro [&hellip;]<\/p>\n","protected":false},"author":1,"featured_media":0,"comment_status":"open","ping_status":"open","sticky":false,"template":"","format":"standard","meta":[],"categories":[1,2,8,4,3],"tags":[],"_links":{"self":[{"href":"https:\/\/www.hohenlohe-ungefiltert.de\/index.php?rest_route=\/wp\/v2\/posts\/18149"}],"collection":[{"href":"https:\/\/www.hohenlohe-ungefiltert.de\/index.php?rest_route=\/wp\/v2\/posts"}],"about":[{"href":"https:\/\/www.hohenlohe-ungefiltert.de\/index.php?rest_route=\/wp\/v2\/types\/post"}],"author":[{"embeddable":true,"href":"https:\/\/www.hohenlohe-ungefiltert.de\/index.php?rest_route=\/wp\/v2\/users\/1"}],"replies":[{"embeddable":true,"href":"https:\/\/www.hohenlohe-ungefiltert.de\/index.php?rest_route=%2Fwp%2Fv2%2Fcomments&post=18149"}],"version-history":[{"count":2,"href":"https:\/\/www.hohenlohe-ungefiltert.de\/index.php?rest_route=\/wp\/v2\/posts\/18149\/revisions"}],"predecessor-version":[{"id":18151,"href":"https:\/\/www.hohenlohe-ungefiltert.de\/index.php?rest_route=\/wp\/v2\/posts\/18149\/revisions\/18151"}],"wp:attachment":[{"href":"https:\/\/www.hohenlohe-ungefiltert.de\/index.php?rest_route=%2Fwp%2Fv2%2Fmedia&parent=18149"}],"wp:term":[{"taxonomy":"category","embeddable":true,"href":"https:\/\/www.hohenlohe-ungefiltert.de\/index.php?rest_route=%2Fwp%2Fv2%2Fcategories&post=18149"},{"taxonomy":"post_tag","embeddable":true,"href":"https:\/\/www.hohenlohe-ungefiltert.de\/index.php?rest_route=%2Fwp%2Fv2%2Ftags&post=18149"}],"curies":[{"name":"wp","href":"https:\/\/api.w.org\/{rel}","templated":true}]}}