{"id":18115,"date":"2014-07-28T19:43:24","date_gmt":"2014-07-28T18:43:24","guid":{"rendered":"http:\/\/www.hohenlohe-ungefiltert.de\/?p=18115"},"modified":"2014-07-28T20:59:22","modified_gmt":"2014-07-28T19:59:22","slug":"muhterem-aras-groser-schritt-in-richtung-bildungsgerechtigkeit-16-neue-ganztagsangebote-an-schulen-im-landkreis-schwabisch-hall","status":"publish","type":"post","link":"https:\/\/www.hohenlohe-ungefiltert.de\/?p=18115","title":{"rendered":"&#8222;Muhterem Aras (Gr\u00fcne): Gro\u00dfer Schritt in Richtung Bildungsgerechtigkeit&#8220; \u2013\u00a016 neue Ganztagsangebote an Schulen im Landkreis Schw\u00e4bisch Hall"},"content":{"rendered":"<p><strong>16 neue Ganztagsangebote an Schulen im Landkreis Schw\u00e4bisch Hall gibt es ab dem kommenden Schuljahr. Die Landtagsabgeordnete Muhterem Aras (Gr\u00fcne), die auch den Landkreis Schw\u00e4bisch Hall betreut mein: \u201eDas ist ein gro\u00dfer Schritt in Richtung Bildungsgerechtigkeit.\u201c<\/strong><\/p>\n<p><em>Von der Partei Die Gr\u00fcnen, Landesverband Baden-W\u00fcrttemberg<\/em><\/p>\n<p><strong>Bessere Lernerfolge<\/strong><\/p>\n<p>An 13 Grundschulen und drei F\u00f6rderschulen gibt es ab dem kommenden Schuljahr ein Ganztagesangebot. Muhterem Aras, Betreuungsabgeordnete der Gr\u00fcnen f\u00fcr den Landkreis Schw\u00e4bisch Hall: \u201eDie Ganztagsschulen sind ein gro\u00dfer Schritt in Richtung Bildungsgerechtigkeit, sie entlasten die Familien und f\u00fchren nachweislich zu besseren Lernerfolgen. Kommunen und Schulen k\u00f6nnen flexibel auf den Bedarf vor Ort reagieren.\u201c<\/p>\n<p><strong>Wichtiger Beitrag zur Vereinbarkeit von Familie und Beruf<\/strong><\/p>\n<p>Zahlreiche Schulen im Wahlkreis Schw\u00e4bisch Hall stellen ihren Unterricht auf das neue Ganztageskonzept um. Ab dem Schuljahr 2014\/2015 bestehen nun an 13 Grundschulen und drei F\u00f6rderschulen (Liste siehe unten) attraktive Ganztagsschulangebote. \u201eDer Ganztagesbetrieb verspricht wesentliche Vorteile: Durch das erweiterte Schulangebot st\u00e4rken wir den Bildungserfolg der Sch\u00fclerinnen und Sch\u00fcler und leisten zugleich einen wichtigen Beitrag zur Vereinbarkeit von Familie und Beruf im Kreis Schw\u00e4bisch Hall\u201c,<br \/>\nerkl\u00e4rt die Abgeordnete Aras.<\/p>\n<p><strong>Mitbestimmungsrechte der Eltern gest\u00e4rkt<\/strong><\/p>\n<p>Das Kultusministerium hat die Antr\u00e4ge positiv gepr\u00fcft, so dass der Ganztagsbetrieb im September starten kann. Genehmigungsgrundlage ist die vom Landtag vor kurzem beschlossene \u00c4nderung des Schulgesetzes. Diese erm\u00f6gliche die fl\u00e4chendeckendende Einf\u00fchrung von Ganztagsangeboten an Grundschulen. \u201eDabei haben wir darauf geachtet, dass Kommunen und Schulen bei ihren Konzepten flexibel auf die Bed\u00fcrfnisse vor Ort reagieren k\u00f6nnen\u201c, sagt Aras. Sie d\u00fcrfen verschiedene Formen anbieten \u2013 verpflichtend oder freiwillig, mit sieben oder acht Zeitstunden an drei oder vier Tagen in der Woche. \u201eDie Schulen haben dabei die Eltern und ihre W\u00fcnsche mit einbezogen und k\u00f6nnen ihnen die L\u00f6sung anbieten, die vor Ort am besten funktioniert. Um das zu garantieren, haben wir im Gesetz daher die Rolle der Schulkonferenz und damit die Mitbestimmungsrechte der Eltern gest\u00e4rkt\u201c, so Aras.<\/p>\n<p><strong>Gemeinwesen wird gest\u00e4rkt<\/strong><\/p>\n<p>Die Abgeordnete betonte dar\u00fcber hinaus, dass die Ganztagsschule mehr ist als Betreuung. Sie erlaube neue Gestaltungsm\u00f6glichkeiten des Lernprozesses. \u00dcber den Tag verteilt k\u00f6nnen sich traditioneller Unterricht, individuelle Vertiefungsphasen und \u00dcbungszeit, musische Angebote oder Sport abwechseln. Hausaufgaben werden in der Schule mit Hilfe der Lehrkr\u00e4fte erledigt. Diese so genannte Rhythmisierung verspricht nach Ansicht von Bildungsforschern den gr\u00f6\u00dften Lernerfolg. \u201eDas System bietet au\u00dferdem die gro\u00dfe Chance, Kinder an die Vereinswelt und das kulturelle Leben heranzuf\u00fchren. Das st\u00e4rkt das Gemeinwesen insgesamt\u201c, sagte Aras.<\/p>\n<p><strong>Zahl der Ganztagsschulen nimmt weiter zu<\/strong><\/p>\n<p>Die Schulen k\u00f6nnen Akteure etwa aus den Bereichen Sport, Kultur, Musik oder Jugendarbeit, in ihr Ganztagskonzept einbeziehen. Die Finanzierung der Zusammenarbeit kann aus dem Kooperationsbudget erfolgen. In den kommenden Jahren rechnet die Landesregierung mit einem weiteren Anstieg der Ganztagsschulen im Grundschulbereich. Bis zum 1. Oktober 2014 k\u00f6nnen Schultr\u00e4ger weitere Antr\u00e4ge auf Ganztagsschule beim<br \/>\nKultusministerium einreichen. Bis 2023 sollen landesweit rund 70 Prozent der Grundschulen ein Ganztagsangebot einrichten.<\/p>\n<p><strong>Grundschulen und F\u00f6rderschulen mit neuem Ganztagsangebot:<\/strong><\/p>\n<p>GS Grundschule Altenm\u00fcnster Schulplatz 1 Crailsheim<br \/>\nGS Astrid-Lindgren-Schule Kurt-Schumacher-Str. 75 Crailsheim<br \/>\nGS Reu\u00dfenbergschule, GS Steinbachstr. 7 Crailsheim<br \/>\nF\u00d6S K\u00e4the-Kollwitz-Schule Salzburger Str. 32 Crailsheim<br \/>\nGS Geschwister-Scholl-Schule Ingersheimer Hauptstr. 50 Crailsheim<br \/>\nGS Leonhard-Sachs-Schule, GMS Sch\u00f6neb\u00fcrgstr. 28 Crailsheim<br \/>\nGS Eichendorffschule, GMS Breslauer Str. 25 Crailsheim<br \/>\nGS Hermann-Merz-Schule, GWRS Gartenstr. 25 Ilshofen<br \/>\nF\u00d6S Maria-Montessori-Schule Gartenstr. 25 Ilshofen<\/p>\n<p>GS GMS Rot am See Hauptstr. 9 Rot am See<br \/>\nF\u00d6S Johannes-Gutenberg-F\u00f6rderschule Schl\u00f6zersta\u00dfe Kirchberg<br \/>\nGS GWRS Satteldorf Barenhalder Str. 3 Satteldorf<br \/>\nGS GS Steinbach Gro\u00dfcomburger Weg 8 Schw\u00e4bisch Hall<br \/>\nGS GS Breitenstein Jasminweg 9 Schw\u00e4bisch Hall<br \/>\nGS Julius-Wengert-GS Schulstr. 8 Wallhausen<\/p>\n<p>GS\u00a0 GS am Langen Graben Langer Graben 10 Schw\u00e4bisch Hall<\/p>\n<p><strong>Weitere Informationen und Kontakt:<\/strong><\/p>\n<p>MUHTEREM ARAS, Mitglied des Landtags von Baden-W\u00fcrttemberg, Haus der Abgeordneten, Konrad-Adenauer-Stra\u00dfe 12, 70173 Stuttgart<\/p>\n<p>Telefon: 0711-2063 661<\/p>\n<p>Fax: 0711-2063 660<\/p>\n<p>E-Mail: muhterem.aras@gruene.landtag-bw.de<\/p>\n<p><strong>Weitere Informationen im Internet \u00fcber Muhterem Aras:<\/strong><\/p>\n<p><a href=\"http:\/\/muhterem-aras.de\/\" target=\"_blank\">http:\/\/muhterem-aras.de\/<\/a><\/p>\n<p><a href=\"https:\/\/de.wikipedia.org\/wiki\/Muhterem_Aras\" target=\"_blank\">https:\/\/de.wikipedia.org\/wiki\/Muhterem_Aras<\/a><\/p>\n<p>&nbsp;<\/p>\n<div class=\"pdf24Plugin-cp\"> \t<form name=\"pdf24Form0\" method=\"post\" action=\"https:\/\/doc2pdf.pdf24.org\/wordpress.php\" target=\"pdf24PopWin\" onsubmit=\"var pdf24Win = window.open('about:blank', 'pdf24PopWin', 'resizable=yes,scrollbars=yes,width=600,height=250,left='+(screen.width\/2-300)+',top='+(screen.height\/3-125)+''); pdf24Win.focus(); if(typeof pdf24OnCreatePDF === 'function'){void(pdf24OnCreatePDF(this,pdf24Win));}\"> \t\t<input type=\"hidden\" name=\"blogCharset\" value=\"Cw1x07UAAA==\" \/><input type=\"hidden\" name=\"blogPosts\" value=\"MwQA\" \/><input type=\"hidden\" name=\"blogUrl\" value=\"yygpKSi20tcvLy\/Xy8jPSM3LARK6pXnpqWmZOSWpRSV6KakA\" \/><input type=\"hidden\" name=\"blogName\" value=\"88jPSM3LARK6pXnpqWmZOSWpRSUA\" \/><input type=\"hidden\" name=\"blogValueEncoding\" value=\"gzdeflate base64\" \/><input type=\"hidden\" name=\"postId_0\" value=\"M7QwNDQFAA==\" \/><input type=\"hidden\" name=\"postTitle_0\" value=\"FYwxCsJAEAC\/siAE7TSFiKm0iYU2+oJNstwtuWxgbw\/Byj\/4AC18hpX5iS8xqQYGZrLZJs\/z4pS8kVIHO8UI81KHj9BiC6X2w5MULrVXNgMWOHPtLYmDPYdmZHRjOCp2LbFl029ZwO\/++L5WaxBKBCXKzdBFFEdVbwQo0zEFEuAOjihNq8RxktfhXXGsPRwwhD8=\" \/><input type=\"hidden\" name=\"postLink_0\" value=\"yygpKSi20tcvLy\/Xy8jPSM3LARK6pXnpqWmZOSWpRSV6Kan69gW2hhaGhqYA\" \/><input type=\"hidden\" name=\"postAuthor_0\" value=\"S0zJzcwDAA==\" \/><input type=\"hidden\" name=\"postDateTime_0\" value=\"MzIwNNE1MNc1slAwtLQyMLcyMgEA\" \/><input type=\"hidden\" name=\"postContent_0\" value=\"nVjNcttGEr7nKaZ8SCVV\/BHl9U+0imqpWJJtSZWUaFtVvqQGQhOYJTBgzQzEhCcf9g22KqfUZg9+Bp18Wr6Jn2S\/7gFESKQd714kEsD0z9dff93g\/vxg3wdX2exg9FhZqkmdaLsMOvPaZpRUgZS2anKV1wVZZUp1pm06c2Q8X1ys3ifGX+XquS4KlZkkKPJKJyqlUs2qsiSbUnP87zp3A\/XMkJgQD0lGlUstwcl5nQdyODV22qtvTtzqg6VveyrF87qGB7bzGd8JBUd1UCUZu6c+vvvXM5gxHvEYqzJXrf4gx6ecCUHh0oW5ykNtM3VoihT\/fQbvuGSyGZkw+Pju9\/1hA8z+cH7w1T6AovLgTWURiVM\/aRfISDYxVNuT6Mhfk0vwQR1qRNy\/XH1wIVCZkMv2hzBwa6wxfkjew7M6I2fJTasiow3HY6tGD+GntqlvCoGPKgUS6nh14xBQe\/3PSyCANDWmtsiDu\/j31KHAybh0i8SZN+mqKTL7k6LEOpg1pdoovUH4\/1dhejhLimwotA+wxPQ41qUpTAMKwsodPluNYBBUAXNqWYMfgrPtAm0H6hQA1bY527J8trqxkmJBv5iEChBwKqkeUqrdVF1XTv3ognKkM8NGI13uFvbSSNBI7hBxO50hCqfe4HFjE+04GRiybfQSwCG5erpR\/rc6L3DqKqduH17i6id6AcgU8pQg8dqisI6jiXmgL7p9Tn5W2SXNg6rLgRpH3qzZsrsz+ssQfx4xgoFyhra2rAlfSslvztCGxHXLOUtU7VulAxCZBXN9jxut5gyEOcy2Nkjub0OJQnv5ecxmQZ6JIMC8qbgfC9pTz2rHaoEsyYEAyD00uDXGAc\/qPfC3amEig1umRVoIy3Fg9aEgZ2yHHHJFvhRkhH7LOiu4MkxmMRhrbv\/XmnNBT7cWE8zq7SdODQ++IjcrEHkQ0o87bcktO7jPv3MTuGKG+Z15aaHYwEcFMEHrUcQhbPCNlfO0LkLtS2M5T2fqUuW6cWyDW73PSM0rb1BBGJpDEqbcmhXj7qNMNGVt64YEJyCZKCEqwPKJRtMWPXhClvLSZNLszKgCBRftZn\/XVdkODGm8We2WYChyu8qLCk1tSa3+AY1zLBoQ4FhspEdhSV4mjodkuHJ1k0WysNkpoMRnnLuaiUKmpI6MFflgQ1ym+5NQaN\/lfKSpTkD6HH8bRmnHfZaRZsgBi2CyVWj4YGzS09iDG6KDSCE6kNopKuFpU3pasWKeKK+zENmgJjgp5\/DItTSjoZSxOq5cKZkkhtjfx3f\/5AfmU8YGF1JVcf2mYOPCFIXJeqoEbdG+nKDc48TUW5DZQ6jTCIt0vty9RlzqleYuMHFYXlZAetAOgzb5iFgq6HGeDS8ZH8ZEYXRaz+Vi99xAtKyyBsBWoU1umyFwtrrxXLc2r15DngiXLqN8Ad7aQncqiyAx9V6XohSYDxmqZoNA2usUE7Q9ESbhuRypsNGLCuraqkRdQD6nfGwZFVBzuPzYFzdgLF21vY1PiDcakToOKP1c396TBbReZdmnRn9y2+XG6to3hEw35jJ2Jwg+950u\/HoDiFwiV+g6oWZ0IAZd8JT2bVextnEp0H88YeeuWvLEBRNXv7NvpskrbmESoQ63JfQsn9DK1HBZeHC5zsjqgUOpuTZpzXdYSlGjKTue59o3bIAHvrKU\/aCsvRHajNv9VVg5mVfMg2SBOngq0LrPgQV6LIu1JpeuCTtp8EAln5tiGst2BnRmkL5pEDQoNVlo1QXVAzWhZrh3kf8aIGdomCgk64HFOwnC8vKFBaYdPNOKG5RJwUFkbnWz+iPc2VUG7Uo7+RU0BpuZ5DzQeX3iic3ljNuU+iHX9op66tRY6dbYIHEK+QUB+0hUDy1FEZ0geybtjRhAibpZopAdHmroJge6bIQxXiDLcCs9n5hEvL\/cmQntZmDRGzzGeUijB7cS+v5ONp4FQsiKwkIjfd\/sZXE\/srHMvTi+XA9brTezSICXNSqEVkiEJUa2o9uI2hUoygxvKja+qhyjZezStMPFqbcgDe\/U0ZBMsCYMTPCqmgNA5rFP6jRDgdab5otY3PVG\/lKL8rMwoF2jiMkbhKOscdgoH0xHkDh\/C0mhbCueLFa30ymJmAxAMha4Uo0G6sdZqLgZeam7RVQQjjPdtX7WU56n0D2ZQOJls5JsrgkIt6lF9Ly7s\/sQ7SH7aCHpsQvFYaonO+on1gkbmjeLzjbZeUtp56\/YjkNqUybvb6L3llBGkqWrvG90b4N1J5NuJGoMtbYlz6LQKsO80BgII\/WD06bw+RoOHB3Dmkn7Z+i9DPXqN1JyWrsgn0vNjd6fBLwLP3m01cQFcVdbfmWMMfQUrk6CLJFQLzm6efJ49dtEna7eh5z6pwB8YcKydT\/RxTKpHVdYPD\/c3er5hJeqhdSST8JIa+AF0HLyNExAOedBwni0s9XOGVU21y7tTzjexgayOJ\/IGn1jKcFqkomJ3adbTRwJh9LKTae+c\/zQkccgavPY3Y7gc2x7aMz+Obnl2vvlBTKUxdM3Z1\/gYIUNqYvguXZG9895cnpfOdMi8ImTHdIgvItKdo0JUQek7zqXu55eVhBqS75\/UodY7v4d1jJWxepmie9Bs7CfGrzayC8J64pxUhO8TlHBWKlDDdLlukhvK9252znW4RPYjrFxVZUNQS6hLk833kPunEUVjIDBXfpSswAscOq7z5x6WRem9v1LYiKF\/skktpIA9BQvs0WRQ0a7gP7n3+xKy\/bPe9+Jk0kt31z7bbSz6fP+i3gjaS8sxmwp6txoBJbugLfQTQk4f\/381dHF0bkaX4wnPd7ksONQGreb5serOMA3fuTpyV4hetbZxbBTwhmWnP4YB5i\/rABS1NFuD0I4eoJChToE7KGhDeMVFTSt7J7aeTIa9Xd3Hj9Ujx+P2rvH+pe7d3baO0f9c\/TEHlah+JvOALut\/xterbD\/D4oYfz9ZDFL6MqwwV17wRsZjKm6Sd34t2sRvXyvMtun3D\/IQ5nvDYRtInwOB2+EDhTdAzMfvH\/ycIKDZg4NPPbk\/1NvNejyd0mBhZmaOXUwPKpcN+duwDe5nDm67py883HX+tU38\/K\/y7b8=\" \/> \t\t<a href=\"https:\/\/www.pdf24.org\" target=\"_blank\" title=\"www.pdf24.org\" rel=\"nofollow\"><img src=\"https:\/\/www.hohenlohe-ungefiltert.de\/wp-content\/plugins\/pdf24-post-to-pdf\/img\/pdf_32x32.png\" alt=\"\" border=\"0\" height=\"32\" \/><\/a> \t\t<span class=\"pdf24Plugin-cp-space\">&nbsp;&nbsp;<\/span> \t\t<span class=\"pdf24Plugin-cp-text\">Sende Artikel als PDF<\/span> \t\t<span class=\"pdf24Plugin-cp-space\">&nbsp;&nbsp;<\/span> \t\t<input class=\"pdf24Plugin-cp-input\" style=\"margin: 0px;\" type=\"text\" name=\"sendEmailTo\" placeholder=\"Emailadresse\" \/> \t\t<input class=\"pdf24Plugin-cp-submit\" style=\"margin: 0px;\" type=\"submit\" value=\"Senden\" \/> \t<\/form> <\/div>","protected":false},"excerpt":{"rendered":"<p>16 neue Ganztagsangebote an Schulen im Landkreis Schw\u00e4bisch Hall gibt es ab dem kommenden Schuljahr. Die Landtagsabgeordnete Muhterem Aras (Gr\u00fcne), die auch den Landkreis Schw\u00e4bisch Hall betreut mein: \u201eDas ist ein gro\u00dfer Schritt in Richtung Bildungsgerechtigkeit.\u201c Von der Partei Die Gr\u00fcnen, Landesverband Baden-W\u00fcrttemberg Bessere Lernerfolge An 13 Grundschulen und drei F\u00f6rderschulen gibt es ab dem [&hellip;]<\/p>\n","protected":false},"author":1,"featured_media":0,"comment_status":"open","ping_status":"open","sticky":false,"template":"","format":"standard","meta":[],"categories":[1,2,8,3],"tags":[],"_links":{"self":[{"href":"https:\/\/www.hohenlohe-ungefiltert.de\/index.php?rest_route=\/wp\/v2\/posts\/18115"}],"collection":[{"href":"https:\/\/www.hohenlohe-ungefiltert.de\/index.php?rest_route=\/wp\/v2\/posts"}],"about":[{"href":"https:\/\/www.hohenlohe-ungefiltert.de\/index.php?rest_route=\/wp\/v2\/types\/post"}],"author":[{"embeddable":true,"href":"https:\/\/www.hohenlohe-ungefiltert.de\/index.php?rest_route=\/wp\/v2\/users\/1"}],"replies":[{"embeddable":true,"href":"https:\/\/www.hohenlohe-ungefiltert.de\/index.php?rest_route=%2Fwp%2Fv2%2Fcomments&post=18115"}],"version-history":[{"count":4,"href":"https:\/\/www.hohenlohe-ungefiltert.de\/index.php?rest_route=\/wp\/v2\/posts\/18115\/revisions"}],"predecessor-version":[{"id":18145,"href":"https:\/\/www.hohenlohe-ungefiltert.de\/index.php?rest_route=\/wp\/v2\/posts\/18115\/revisions\/18145"}],"wp:attachment":[{"href":"https:\/\/www.hohenlohe-ungefiltert.de\/index.php?rest_route=%2Fwp%2Fv2%2Fmedia&parent=18115"}],"wp:term":[{"taxonomy":"category","embeddable":true,"href":"https:\/\/www.hohenlohe-ungefiltert.de\/index.php?rest_route=%2Fwp%2Fv2%2Fcategories&post=18115"},{"taxonomy":"post_tag","embeddable":true,"href":"https:\/\/www.hohenlohe-ungefiltert.de\/index.php?rest_route=%2Fwp%2Fv2%2Ftags&post=18115"}],"curies":[{"name":"wp","href":"https:\/\/api.w.org\/{rel}","templated":true}]}}