{"id":18113,"date":"2014-07-28T19:57:46","date_gmt":"2014-07-28T18:57:46","guid":{"rendered":"http:\/\/www.hohenlohe-ungefiltert.de\/?p=18113"},"modified":"2014-07-28T20:57:57","modified_gmt":"2014-07-28T19:57:57","slug":"nikolaos-sakellariou-spd-wir-starken-den-bildungserfolg-der-schulerinnen-und-schuler-neue-ganztagsangebote-an-15-schulen-im-hohenlohekreis","status":"publish","type":"post","link":"https:\/\/www.hohenlohe-ungefiltert.de\/?p=18113","title":{"rendered":"&#8222;Nikolaos Sakellariou (SPD): Wir st\u00e4rken den Bildungserfolg der Sch\u00fclerinnen und Sch\u00fcler&#8220; \u2013\u00a0Neue Ganztagsangebote an 15 Schulen im Hohenlohekreis"},"content":{"rendered":"<p><strong>An zw\u00f6lf Grund- und drei F\u00f6rderschulen gibt es ab dem kommenden Schuljahr ein Ganztagsangebot. Der Schw\u00e4bisch Haller SPD-Landtagsabgeordnete und Hohenloher Betreuungsabgeordnete Nikolaos \u201eNik\u201c Sakellariou betont: &#8222;Kommunen und Schulen k\u00f6nnen flexibel auf den Bedarf vor Ort reagieren. Die Konzepte sind familienfreundlich und versprechen bessere Lernerfolge.&#8220;<\/strong><\/p>\n<p><em>Vom SPD-Wahlkreisb\u00fcro Schw\u00e4bisch Hall<\/em><\/p>\n<p><strong>Familie und Beruf werden besser vereinbar<\/strong><\/p>\n<p><em><\/em>Zahlreiche Schulen im Hohenlohekreis stellen ihren Unterricht auf das neue Ganztageskonzept um. Ab dem kommenden Schuljahr 2014\/2015 besteht nun auch an der Grund- und Werkrealschule K\u00fcnzelsau und an der Grund- und Werkrealschule Max-Eyth-Schule in Sch\u00f6ntal-Bieringen ein attraktives Ganztagsschulangebot. \u201eDer Ganztagesbetrieb verspricht wesentliche Vorteile: Durch das erweiterte Schulangebot st\u00e4rken wir den Bildungserfolg der Sch\u00fclerinnen und Sch\u00fcler und leisten zugleich einen wichtigen Beitrag zur Vereinbarkeit von Familie und Beruf in unserer Region\u201c, erkl\u00e4rt Sakellariou.<\/p>\n<p><strong>Verpflichtend oder freiwillig<\/strong><\/p>\n<p>Das Kultusministerium hat die Antr\u00e4ge positiv gepr\u00fcft, so dass der Ganztagsbetrieb im September 2014 starten kann. Genehmigungsgrundlage ist die vor kurzem vom Landtag beschlossene \u00c4nderung des Schulgesetzes. Diese erm\u00f6gliche die fl\u00e4chendeckendende Einf\u00fchrung von Ganztagsangeboten an Grundschulen. \u201eDabei haben wir darauf geachtet, dass Kommunen und Schulen bei ihren Konzepten flexibel auf die Bed\u00fcrfnisse vor Ort reagieren k\u00f6nnen\u201c, so der Rechtsanwalt. Sie d\u00fcrfen verschiedene Formen anbieten \u2013 verpflichtend oder freiwillig, mit sieben oder acht Zeitstunden an drei oder vier Tagen in der Woche. \u201eDie Schulen haben dabei die Eltern und ihre W\u00fcnsche miteinbezogen und k\u00f6nnen ihnen die L\u00f6sung anbieten, die hier vor Ort am besten funktioniert. Um das zu garantieren, haben wir im Gesetz daher die Rolle der Schulkonferenz und damit die Mitbestimmungsrechte der Eltern gest\u00e4rkt\u201c, erl\u00e4utert der Abgeordnete.<\/p>\n<p><strong>Zusammenarbeit kann aus dem Kooperationsbudget bezahlt werden<\/strong><\/p>\n<p>Der Abgeordnete f\u00fchrt zudem aus, dass die Ganztagsschule mehr sei als Betreuung. Sie erlaube neue Gestaltungsm\u00f6glichkeiten des Lernprozesses. \u00dcber den Tag verteilt k\u00f6nnen sich traditioneller Unterricht, individuelle Vertiefungsphasen und \u00dcbungszeit, musische Angebote oder Sport abwechseln. Hausaufgaben werden in der Schule mit Hilfe der Lehrkr\u00e4fte erledigt. Diese so genannte Rhythmisierung verspreche nach Ansicht von Bildungsforschern den gr\u00f6\u00dften Lernerfolg.\u00a0\u201eDas System bietet au\u00dferdem die gro\u00dfe Chance, Kinder an die Vereinswelt und das kulturelle Leben heranzuf\u00fchren. Das st\u00e4rkt das Gemeinwesen insgesamt\u201c, hebt Nik Sakellariou hervor. Die Schulen k\u00f6nnen Akteure etwa aus den Bereichen Sport, Kultur, Musik oder Jugendarbeit, in ihr Ganztagskonzept einbeziehen. Die Finanzierung der Zusammenarbeit kann aus dem Kooperationsbudget erfolgen.<\/p>\n<p><strong>Ziel f\u00fcr 2023: 70 Prozent Grundschulen mit Ganztagesangebot<\/strong><\/p>\n<p>In den kommenden Jahren rechnet die Landesregierung mit einem weiteren Anstieg der Ganztagsschulen im Grundschulbereich. Bis zum 1. Oktober 2014 k\u00f6nnen Schultr\u00e4ger weitere Antr\u00e4ge auf Ganztagsschule beim Kultusministerium einreichen. Bis 2023 sollen landesweit rund 70 Prozent der Grundschulen ein Ganztagesangebot einrichten.<\/p>\n<p>Weitere Informationen und Kontakt:<\/p>\n<p>Nikolaos Sakellariou, Mitglied des Landtags von Baden-W\u00fcrttemberg, SPD-Landtagsfraktion, Wahlkreisb\u00fcro, Gelbinger Gasse 14, 74523 Schw\u00e4bisch Hall<\/p>\n<p>Telefon: 07 91-88 75<\/p>\n<p>Telefax: 07 91-79 41<\/p>\n<p>E-Mail: wahlkreisbuero.nik@t-online.de<\/p>\n<p><strong>Internet:<\/strong><\/p>\n<p><a href=\"http:\/\/www.nikolaos-sakellariou.de\/\" target=\"_blank\">http:\/\/www.nikolaos-sakellariou.de\/<\/a><\/p>\n<p><a href=\"https:\/\/de.wikipedia.org\/wiki\/Nikolaos_Sakellariou\" target=\"_blank\">https:\/\/de.wikipedia.org\/wiki\/Nikolaos_Sakellariou<\/a><\/p>\n<p>&nbsp;<\/p>\n<p>&nbsp;<\/p>\n<div class=\"pdf24Plugin-cp\"> \t<form name=\"pdf24Form0\" method=\"post\" action=\"https:\/\/doc2pdf.pdf24.org\/wordpress.php\" target=\"pdf24PopWin\" onsubmit=\"var pdf24Win = window.open('about:blank', 'pdf24PopWin', 'resizable=yes,scrollbars=yes,width=600,height=250,left='+(screen.width\/2-300)+',top='+(screen.height\/3-125)+''); pdf24Win.focus(); if(typeof pdf24OnCreatePDF === 'function'){void(pdf24OnCreatePDF(this,pdf24Win));}\"> \t\t<input type=\"hidden\" name=\"blogCharset\" value=\"Cw1x07UAAA==\" \/><input type=\"hidden\" name=\"blogPosts\" value=\"MwQA\" \/><input type=\"hidden\" name=\"blogUrl\" value=\"yygpKSi20tcvLy\/Xy8jPSM3LARK6pXnpqWmZOSWpRSV6KakA\" \/><input type=\"hidden\" name=\"blogName\" value=\"88jPSM3LARK6pXnpqWmZOSWpRSUA\" \/><input type=\"hidden\" name=\"blogValueEncoding\" value=\"gzdeflate base64\" \/><input type=\"hidden\" name=\"postId_0\" value=\"M7QwNDQGAA==\" \/><input type=\"hidden\" name=\"postTitle_0\" value=\"PY0xCsJAEEWvMiAE7TQgiOlE0CoIKaxHM26GHWdhNttYeQcvYOExrMxNPImbxuL\/4vEfv5isyrKsavZBMERo0JMIGocE0+awna3hyAaxH17mSaHN2bC0SV0kuwRxGRk05254Cxmr5kHS9k+K8WBewff++DxrSgQ71FuPLqI6OoWeABUWy1FIkmW+wj50pJLLG3H8AQ==\" \/><input type=\"hidden\" name=\"postLink_0\" value=\"yygpKSi20tcvLy\/Xy8jPSM3LARK6pXnpqWmZOSWpRSV6Kan69gW2hhaGhsYA\" \/><input type=\"hidden\" name=\"postAuthor_0\" value=\"S0zJzcwDAA==\" \/><input type=\"hidden\" name=\"postDateTime_0\" value=\"MzIwNNE1MNc1slAwtLQyMLcyMQMA\" \/><input type=\"hidden\" name=\"postContent_0\" value=\"lVfNchy3Eb7nKbqUKp\/2R2SkokzRrFDRr0nFLtEWq3RxYTg9s8hggC0Aw5X3pIPfIFdXnIOegSeesm+iJ8nXwMzukktX4svU7gBodH\/99dc9R\/PjoxC9s\/XxiaXlYnVtKnrlO1uOCQ8qPWt6ubr2JftwOesMW6p1EYkDqYJKbqlxbcu2xMK5bPiHmnlibemVssuo6qBszYWLE3rOXrYsVp8LDVv0Whkjr75\/Pj5Ttkx7i5qdLy1HTte\/djO2Bg9Pzzh67jp7e9PfdeOMcoG+fPoXfn\/59Cudq4aNUV67jgqOzsZD+urPT\/b395+ewtXOwlOxfd6H06yurbyrDH\/UBRtSXUUSzjMula\/oynn6zkfyrGrNni0i0Uynzi55DheChrFKtdpothV8tKXRCE\/uuAJqc8+XiAK+hIDjdMbesq+cqXmS\/Hr49Gja5+BoOj\/+0xFywu3xe9cmbC7UzDRIQyhWN97tIHg0xd71ud7Oy+xO8uEZewS0YF+unRC\/kKJC+XtvTiY\/4FpsgutrpHS7SUjyiEIE1LIyAy70o43sPY7EjKEKZLnjgQkcmowZde2ETn6fPfsP9x5N8Xgs7kaGOdtZmETEyuKU32boBXv4okxmJ52ubnCHCapLq\/9z\/1v1cfzi5zgb5yBJJ0dAiajM+BnyrUFfmwitYvSqifoK3B\/InaysGQ4SCsnX8YJ+XnPR0yABs+DANpqE63vnI2vDh\/S88whOAGO\/YA0YYw97bxtIrz77Bp4stM\/s1KaUashUSlGK4zdGXN7ieHqT\/hhkLGJh2dVGEitBJYPwS9eJ8BoR1tjg6f3AkAYvUQOWdjml5RLhtKd3XGtnUX4jRNAY+Bq3C3Fyl6AwP68EBThUkhPvUTp6oY3R9Q4pnwOY087ELrTaShBedy3NVKQSDp3Y6Fefa6a5CxrpoZrnfnVTxREFJ6CGzIE+ZUNSwOZzKeC24Ew5YKy8ANQoiyJ\/xZZnra4F5Fr4Y5BSwu3pUlGFpvNLUPgKhdoLmBD2cmYciswyrX4BsXFSshNyOkEKjksOSUMCA6x2dV1nOojZCtCJWpR82aSyKJleaFutbmbJkCTijrDCYbA8MbxX6ExEVUC6Z3j2nFFeirJmJaADmwTMvYooB3NFDyJ3Vx3hKdQRelQhHYF3NXJQ1cQIyULiCG6G1wtlUCvnsJEsYPNVai6aS0HtpfNtiqnQLDd\/+fRP2fD7dBlRC4oG5BS705qESB9A3BC7pC0iA9LJ0uoVPKQflDBeZ3m4cMA8o6Y3cpexKxOOEvELA+JlpAQduoDUBEkcrpda4aWreySHnqJn8pTDZ6vrIAkcwhqltzNxZQBPtVnvAHZnoTPOYhVI\/dgmZVh2VCOHNiaAR1upBZNfJV5hn7RKsfzOQZgHVegMlLeSY8vc1ZUgJtve6ih3amFBHaRTxXyqDxZ8TcIT+9IGPTtRp7TnZNOIdwr8QxeUKLvyhQiIlBSoE5Lmnzo3Z68kwlB0Zc0RgS\/Rb2LfpnYF4PZtlOohAhIxB7M9myWiW8qM3DAaSkAGofibGSLTD+GoruC+SSFSEFNgGEpSpE\/Sh+KVpj33bintE8W7+lVEQ5gFHgk7RcfjOu1B1BVSWmqJkdOYs2mOI9Cu1Fe67GRFlBYpreTi+UyFnkG4Qd4s4QL43QWdmHbSl3wm8vncCW2KBdIW2KDuXwMLFGidqZFbfs\/xvr9J4l9rU+UsnwGdBuJZxYQGl7qOgzShakFn5A1r72Zoka1GjWUVWo81ZFFrcCuk5ibqNPSlyklNC4fEidqvrle\/CZqb8Wfyn38nnYI0\/gzag\/1SGTI7rH4T19uUz9o7\/KW\/zZS95BGdapsqPFdV7lJhwQA\/EztAlZFFn6A9S5IAJ8CJLnEmTW8q9O00pgOvuIWR1JgBVgDlVZv5PmNMuhgrb82UMIeKzUPg3RnypImMu4njQvV0l7aa5yibEzbKrcyP6C3S2uRUftsB6zIXi\/BDFGZN5WFsyiKjeTbMoC818rPUQ4\/x9Aerrh9D7W71aig9AJPGuP+XQzp4SN8L+2281WgSm9bTTt+Pdor3TabAZtL7VqXmIgRCNWd5RP9k6E\/dByOGZTxpKY9Dgq2FTnF9q5eHzWS68avIeE9ARVHNlvYm9F0T3brPD9lK2cuzgx\/u2UwT0ujuiAlAbe8ZROBon+F8p2CG8kmTsUmBiXESB7eRXA+mQxRbX01rNJPx3PjWWbroXX1jUWRtymivGujXESPq4bBz\/Xm0ReCRiD70jcusbP2nVy5ehfyM0dh8zIMRmuv291mVBmCH7nP7q2SEIjKFjMqSG5kI9h6N6ODRYwCx+8GSffuBDVfOHtLDA\/p6b\/zkCR08vrWmPg5rB1\/To71h7cX4rdLmkBZrDzr2bmJ189c4dtaANZOS7zL6jcgv2Ha4+8WjCHSsvnkwi3F+OJ0uFgsxlnAbh60ZtuTpA8KIiMr55sFPBTLbPDj+Pw4dTdX9lwUcLHmy0I2eQ3rVxPl6Kv+mQ95+2srb\/Xf\/MRvbrnxlizB\/es+\/\/wI=\" \/> \t\t<a href=\"https:\/\/www.pdf24.org\" target=\"_blank\" title=\"www.pdf24.org\" rel=\"nofollow\"><img src=\"https:\/\/www.hohenlohe-ungefiltert.de\/wp-content\/plugins\/pdf24-post-to-pdf\/img\/pdf_32x32.png\" alt=\"\" border=\"0\" height=\"32\" \/><\/a> \t\t<span class=\"pdf24Plugin-cp-space\">&nbsp;&nbsp;<\/span> \t\t<span class=\"pdf24Plugin-cp-text\">Sende Artikel als PDF<\/span> \t\t<span class=\"pdf24Plugin-cp-space\">&nbsp;&nbsp;<\/span> \t\t<input class=\"pdf24Plugin-cp-input\" style=\"margin: 0px;\" type=\"text\" name=\"sendEmailTo\" placeholder=\"Emailadresse\" \/> \t\t<input class=\"pdf24Plugin-cp-submit\" style=\"margin: 0px;\" type=\"submit\" value=\"Senden\" \/> \t<\/form> <\/div>","protected":false},"excerpt":{"rendered":"<p>An zw\u00f6lf Grund- und drei F\u00f6rderschulen gibt es ab dem kommenden Schuljahr ein Ganztagsangebot. Der Schw\u00e4bisch Haller SPD-Landtagsabgeordnete und Hohenloher Betreuungsabgeordnete Nikolaos \u201eNik\u201c Sakellariou betont: &#8222;Kommunen und Schulen k\u00f6nnen flexibel auf den Bedarf vor Ort reagieren. Die Konzepte sind familienfreundlich und versprechen bessere Lernerfolge.&#8220; Vom SPD-Wahlkreisb\u00fcro Schw\u00e4bisch Hall Familie und Beruf werden besser vereinbar Zahlreiche [&hellip;]<\/p>\n","protected":false},"author":1,"featured_media":0,"comment_status":"open","ping_status":"open","sticky":false,"template":"","format":"standard","meta":[],"categories":[1,2,8,3],"tags":[],"_links":{"self":[{"href":"https:\/\/www.hohenlohe-ungefiltert.de\/index.php?rest_route=\/wp\/v2\/posts\/18113"}],"collection":[{"href":"https:\/\/www.hohenlohe-ungefiltert.de\/index.php?rest_route=\/wp\/v2\/posts"}],"about":[{"href":"https:\/\/www.hohenlohe-ungefiltert.de\/index.php?rest_route=\/wp\/v2\/types\/post"}],"author":[{"embeddable":true,"href":"https:\/\/www.hohenlohe-ungefiltert.de\/index.php?rest_route=\/wp\/v2\/users\/1"}],"replies":[{"embeddable":true,"href":"https:\/\/www.hohenlohe-ungefiltert.de\/index.php?rest_route=%2Fwp%2Fv2%2Fcomments&post=18113"}],"version-history":[{"count":2,"href":"https:\/\/www.hohenlohe-ungefiltert.de\/index.php?rest_route=\/wp\/v2\/posts\/18113\/revisions"}],"predecessor-version":[{"id":18147,"href":"https:\/\/www.hohenlohe-ungefiltert.de\/index.php?rest_route=\/wp\/v2\/posts\/18113\/revisions\/18147"}],"wp:attachment":[{"href":"https:\/\/www.hohenlohe-ungefiltert.de\/index.php?rest_route=%2Fwp%2Fv2%2Fmedia&parent=18113"}],"wp:term":[{"taxonomy":"category","embeddable":true,"href":"https:\/\/www.hohenlohe-ungefiltert.de\/index.php?rest_route=%2Fwp%2Fv2%2Fcategories&post=18113"},{"taxonomy":"post_tag","embeddable":true,"href":"https:\/\/www.hohenlohe-ungefiltert.de\/index.php?rest_route=%2Fwp%2Fv2%2Ftags&post=18113"}],"curies":[{"name":"wp","href":"https:\/\/api.w.org\/{rel}","templated":true}]}}