{"id":18049,"date":"2014-07-07T21:42:55","date_gmt":"2014-07-07T20:42:55","guid":{"rendered":"http:\/\/www.hohenlohe-ungefiltert.de\/?p=18049"},"modified":"2014-07-07T21:47:08","modified_gmt":"2014-07-07T20:47:08","slug":"die-opfer-des-nsu-und-die-aufarbeitung-der-verbrechen-ausstellung-noch-bis-zum-1-august-2014-in-schwabisch-hall","status":"publish","type":"post","link":"https:\/\/www.hohenlohe-ungefiltert.de\/?p=18049","title":{"rendered":"&#8222;Die Opfer des NSU und die Aufarbeitung der Verbrechen&#8220; \u2013 Ausstellung noch bis zum 1. August 2014 in Schw\u00e4bisch Hall"},"content":{"rendered":"<p><strong>Die Ausstellung \u201eDie Opfer des NSU\u201c wird im Haus der Bildung in Schw\u00e4bisch Hall noch bis zum 1. August 2014 gezeigt. Der DGB holte die Ausstellung \u201eDie Opfer des NSU und die Aufarbeitung der Verbrechen\u201c in die Volkshochschule Schw\u00e4bisch Hall.<\/strong><\/p>\n<p><em>Von Silvia Wagner, DGB-Region Nordw\u00fcrttemberg<\/em><\/p>\n<p><strong>Informationen auf 22 Bildtafeln<\/strong><\/p>\n<p>Die bilderreiche Ausstellung setzt sich auf 22 Tafeln mit den Verbrechen des Nationalsozialistischen Untergrundes (NSU) sowie der gesellschaftlichen Aufarbeitung nach dem Auffliegen des NSU im November 2011 auseinander.<\/p>\n<p><strong>Angeh\u00f6rige der Ermordeten kommen zu Wort<\/strong><\/p>\n<p>Im ersten Teil der Ausstellung werden die Biografien der Ermordeten dargestellt. Zu Wort kommen auch Angeh\u00f6rige der Mordopfer. Weitere Tafeln besch\u00e4ftigen sich mit den Bombenanschl\u00e4gen in K\u00f6ln sowie den Bank\u00fcberf\u00e4llen, bei denen unschuldige Menschen teilweise lebensbedrohlich verletzt wurden.<\/p>\n<p><strong>Hilfe vom neonazistischen Netzwerk<\/strong><\/p>\n<p>Der zweite Teil beleuchtet die Neonaziszene der 1990er Jahre sowie die Hilfeleistungen an den NSU-Kern aus einem neonazistischen Netzwerk. Dargestellt werden auch die Gr\u00fcnde, warum die Mordserie nicht aufgedeckt wurde sowie der gesellschaftspolitische Umgang mit dem Themenkomplex nach dem Auffliegen der neonazistischen Terrorgruppe am 4. November 2011.<\/p>\n<p><strong>Robert Andreasch berichtet vom NSU-Prozess<\/strong><\/p>\n<p>Er\u00f6ffnet wurde die Ausstellung am Donnerstag 3. Juli 2014, um 19 Uhr mit einer Einf\u00fchrung von Janka Kluge von der Vereinigung der Verfolgten des Naziregimes \u2013 Bund der AntifaschistInnen (VVN-BdA). Die Ausstellung ist bis zum 1. August 2014 in der Volkshochschule, Salinenstra\u00dfe 6 in Schw\u00e4bisch Hall, Montag bis Donnerstag von 9 Uhr bis 18 Uhr und Freitag von 9 Uhr bis 13 Uhr zu besichtigen. Am Freitag, 18. Juli 2014, um 19 Uhr findet zus\u00e4tzlich eine Veranstaltung mit Robert Andreasch (AIDA, Beobachter des NSU-Prozesses) statt.<\/p>\n<p><strong>Aus rassistischen Gr\u00fcnden umgebracht<\/strong><\/p>\n<p>In den Jahren 2000 bis 2007 wurden in Deutschland zehn Menschen durch Neonazis des \u201eNationalsozialistischen Untergrunds\u201c (NSU) ermordet. Enver \u015eim\u015fek, Abdurrahim \u00d6z\u00fcdo\u011fru, S\u00fcleyman Ta\u015fk\u00f6pr\u00fc, Mehmet Turgut, Habil K\u0131l\u0131\u00e7, \u0130smail Ya\u015far, Mehmet Kuba\u015f\u0131k, Theodoros Boulgarides, Halit Yozgat wurden aus rassistischen Gr\u00fcnden umgebracht. Die meisten von ihnen hatten seit mehr als f\u00fcnfzehn Jahren in Deutschland gelebt und gearbeitet. Alle neun Migranten wurden mit derselben Waffe ermordet. Die deutsche Polizistin Mich\u00e8le Kiesewetter war das letzte Mordopfer der NSU.<\/p>\n<p><strong>Weitere Informationen im Internet:<\/strong><\/p>\n<p><a href=\"http:\/\/tablet.hz-online.de\/schwaebisch_hall\/lokales\/schwaebisch_hall\/art1188139,2688302\" target=\"_blank\">http:\/\/tablet.hz-online.de\/schwaebisch_hall\/lokales\/schwaebisch_hall\/art1188139,2688302<\/a><\/p>\n<style type=\"text\/css\"><!--\n@page { margin: 2cm }\n\t\tP { margin-bottom: 0.21cm }\n--><\/style>\n<div class=\"pdf24Plugin-cp\"> \t<form name=\"pdf24Form0\" method=\"post\" action=\"https:\/\/doc2pdf.pdf24.org\/wordpress.php\" target=\"pdf24PopWin\" onsubmit=\"var pdf24Win = window.open('about:blank', 'pdf24PopWin', 'resizable=yes,scrollbars=yes,width=600,height=250,left='+(screen.width\/2-300)+',top='+(screen.height\/3-125)+''); pdf24Win.focus(); if(typeof pdf24OnCreatePDF === 'function'){void(pdf24OnCreatePDF(this,pdf24Win));}\"> \t\t<input type=\"hidden\" name=\"blogCharset\" value=\"Cw1x07UAAA==\" \/><input type=\"hidden\" name=\"blogPosts\" value=\"MwQA\" \/><input type=\"hidden\" name=\"blogUrl\" value=\"yygpKSi20tcvLy\/Xy8jPSM3LARK6pXnpqWmZOSWpRSV6KakA\" \/><input type=\"hidden\" name=\"blogName\" value=\"88jPSM3LARK6pXnpqWmZOSWpRSUA\" \/><input type=\"hidden\" name=\"blogValueEncoding\" value=\"gzdeflate base64\" \/><input type=\"hidden\" name=\"postId_0\" value=\"M7QwMLEEAA==\" \/><input type=\"hidden\" name=\"postTitle_0\" value=\"U1O2MDIysnbJTFXwL0hLLVJISS1W8AsOVSjNS1FIAYo6lqYlFiWlZpaU5qUDJYsUwlKLkopSkzNS89RAeg2sFR41TAYqKy4uSc3JAanKy0\/OUEjKLFaoKs1VMNQDyqWXFpcoGBkYmihk5ikEJ2eUH14ClAeq8kjMyQEA\" \/><input type=\"hidden\" name=\"postLink_0\" value=\"yygpKSi20tcvLy\/Xy8jPSM3LARK6pXnpqWmZOSWpRSV6Kan69gW2hhYGJpYA\" \/><input type=\"hidden\" name=\"postAuthor_0\" value=\"S0zJzcwDAA==\" \/><input type=\"hidden\" name=\"postDateTime_0\" value=\"MzIwNNE1MAciBSNDKwNzK1NTAA==\" \/><input type=\"hidden\" name=\"postContent_0\" value=\"tVbLbhRHFF3jr7jxikjz8BhEbDRYsWUCxsJBYBuRDapx3+4uTXXVqKraAxNF4h8iZRXhjaVkGTasvGvzI3xJzq2ZsbEHi2yyGE13Pe7j3HPP7f5oox+id7bY2NZMm3UIkY2pbUGf372XpZ9HOXvKONDei4PP7\/6ksfYZ6Yoeqzpg3dOWNplc0JZeHJXj5nSgw1GJfWPIOjzhnSZ1Rb0OHBR1iLS60rtLBU9YF7FD2zCy\/WiLSmciU\/Yf4qDaZrODufID1lFOSjCH7Aeej0q2EitCklOHzgxDiVAQV214IcxOvzsDod8dbSz1AQpXG4cOCWlzrBW9VIVl35Io28+50NjZcz4bN2c+Rq4G7It+F1curs\/M7djc+UpFXGBLqs5pdTXhFVXOxi64lUQH2GbvWSOJK0AEjpNIAetzS\/vJClU6Inf7Re5TnJJfZYKbaGV0iJIv9g5sRLweEOLQbaD5PQU3hmfBr+AAdzio8mh0On8FY6vgPuNKVnOjuZg7Q1FAij13nOCQCvcQZmBtFRz5znVoNm3BZfPR62Lq+KGvgChH2Bu6qsLfpKaXzscFkHYqYh\/k4D5rky5\/CdOYvYAhdd\/SrvAq1ynGKy4y5ZGpXAH\/fpk6mvtVNVK8Ht5T3HRCwQ69BBTseY7+gIFWc5pHLVik8swLsuWABfLHAdOcyjYIudt8xK054jik7LA5A2Z5c2oM2xYsatnBXm0TYzOJ4inbaf0ish6zDkyGYT4MOPOulGLRMXuTWDKuBYQF0B9rkzMdu4osgxqTS1Ls4RqQGy5SEsljBylP4R6wYQAUOSaI92Z2Jog3AdVbX1\/B3xNVAqJZlvglzwZRC4sEZJuSB23au+wF9EDgCt8cGXTismjzKqdaif1HvjkDz1o0Vh5SI0tSssAeTxbYRGmagjM+Gs7guYH1YeSMnjqng6pQoNS0nhXtlwyCgCYjw29uaAW\/kMA+utlJw41GTKqiu52rbbJQpecOWxEUzDwr0Si86inkUjrB7Jl3Ew5hoVoPffMxzy3PU7wupnC\/7ayV\/lEF3enQk9roJMctEoVep4PSp3ylGGgZbfPmrPRy9xiq9wRkVbRr6oLT+0xycVgXX0hw7kwRL2Rooj00s8Lz53e\/01bSbmlaG3Uu+QGqHSt0v314uNfeyja\/R62vBY4zN80RPQvjqsi36AVED1aBkGpOmO59bUC1wBIrUIjtL5CR3KZYyEZvLT1K4D8h168cuJMeoVhQAymVaAGirObnW7BxA9i5Bm8j7obmNE5SGwv2AiOUIyqTdFdKssCL25s725st2mI3UMKPi\/k45wcHaHtUMS7KL\/rNqxAuaTrrIIhOVfDAi8FF6Z12bWpui0xWVlL6ePhhJjkC8jbXUSQPwk8TLu2ldGW1R9hzzUjRYrx\/e1AFGebTUcUzEe\/QQwu5o0\/vdfXphIct2hzAvFclxlDzx6Q5y9z5ia\/Bg+bM8NsKirOvPp0Mm48jZIrCc1kB9\/3aF3VsgQ0YvLR7\/sGcf2j+atH5P6FSWHmFO8pfHN+tB1g4\/wB\/UAOXOe8CdL42hfIa+YghyAe9cpNCzXU4qds30Z6SvhKNxLoQTJfSFSXqJ5MFRMIuGAOkCF1p8wTurBjXcC8gtoOYKFvwdHwLZpuYMBCoGjXRGI1WDM9inIqchxBiqOCLJ8ekuAR7Oyllss\/0DAqZBE7MYPj9DaO7Gho65igshAZjwgZKs4gvZ2fqU1RxgY3zkXr1ewmF3BEKQM7uL36hKULe+YPlMsbR\/W43qgHcdcpJ21np+07GXQQ7Vpy6\/XWJbu8aN1SGw+KG8rHXW1vr3Vlvrd5bW7uzsrpMUcZNfLD8egBEh8sb\/5OjflfNkgrxLYCMb0f8YDnym9g9CmF5o\/9du73040hBcX+lCjFpe59Wjyr6benWrWcXa+2Bi9FV92mls9pLu+32hqAGmxtL\/wI=\" \/> \t\t<a href=\"https:\/\/www.pdf24.org\" target=\"_blank\" title=\"www.pdf24.org\" rel=\"nofollow\"><img src=\"https:\/\/www.hohenlohe-ungefiltert.de\/wp-content\/plugins\/pdf24-post-to-pdf\/img\/pdf_32x32.png\" alt=\"\" border=\"0\" height=\"32\" \/><\/a> \t\t<span class=\"pdf24Plugin-cp-space\">&nbsp;&nbsp;<\/span> \t\t<span class=\"pdf24Plugin-cp-text\">Sende Artikel als PDF<\/span> \t\t<span class=\"pdf24Plugin-cp-space\">&nbsp;&nbsp;<\/span> \t\t<input class=\"pdf24Plugin-cp-input\" style=\"margin: 0px;\" type=\"text\" name=\"sendEmailTo\" placeholder=\"Emailadresse\" \/> \t\t<input class=\"pdf24Plugin-cp-submit\" style=\"margin: 0px;\" type=\"submit\" value=\"Senden\" \/> \t<\/form> <\/div>","protected":false},"excerpt":{"rendered":"<p>Die Ausstellung \u201eDie Opfer des NSU\u201c wird im Haus der Bildung in Schw\u00e4bisch Hall noch bis zum 1. August 2014 gezeigt. Der DGB holte die Ausstellung \u201eDie Opfer des NSU und die Aufarbeitung der Verbrechen\u201c in die Volkshochschule Schw\u00e4bisch Hall. Von Silvia Wagner, DGB-Region Nordw\u00fcrttemberg Informationen auf 22 Bildtafeln Die bilderreiche Ausstellung setzt sich auf [&hellip;]<\/p>\n","protected":false},"author":1,"featured_media":0,"comment_status":"open","ping_status":"open","sticky":false,"template":"","format":"standard","meta":[],"categories":[1,2,5,7],"tags":[],"_links":{"self":[{"href":"https:\/\/www.hohenlohe-ungefiltert.de\/index.php?rest_route=\/wp\/v2\/posts\/18049"}],"collection":[{"href":"https:\/\/www.hohenlohe-ungefiltert.de\/index.php?rest_route=\/wp\/v2\/posts"}],"about":[{"href":"https:\/\/www.hohenlohe-ungefiltert.de\/index.php?rest_route=\/wp\/v2\/types\/post"}],"author":[{"embeddable":true,"href":"https:\/\/www.hohenlohe-ungefiltert.de\/index.php?rest_route=\/wp\/v2\/users\/1"}],"replies":[{"embeddable":true,"href":"https:\/\/www.hohenlohe-ungefiltert.de\/index.php?rest_route=%2Fwp%2Fv2%2Fcomments&post=18049"}],"version-history":[{"count":3,"href":"https:\/\/www.hohenlohe-ungefiltert.de\/index.php?rest_route=\/wp\/v2\/posts\/18049\/revisions"}],"predecessor-version":[{"id":18051,"href":"https:\/\/www.hohenlohe-ungefiltert.de\/index.php?rest_route=\/wp\/v2\/posts\/18049\/revisions\/18051"}],"wp:attachment":[{"href":"https:\/\/www.hohenlohe-ungefiltert.de\/index.php?rest_route=%2Fwp%2Fv2%2Fmedia&parent=18049"}],"wp:term":[{"taxonomy":"category","embeddable":true,"href":"https:\/\/www.hohenlohe-ungefiltert.de\/index.php?rest_route=%2Fwp%2Fv2%2Fcategories&post=18049"},{"taxonomy":"post_tag","embeddable":true,"href":"https:\/\/www.hohenlohe-ungefiltert.de\/index.php?rest_route=%2Fwp%2Fv2%2Ftags&post=18049"}],"curies":[{"name":"wp","href":"https:\/\/api.w.org\/{rel}","templated":true}]}}