{"id":17982,"date":"2014-06-24T06:10:17","date_gmt":"2014-06-24T05:10:17","guid":{"rendered":"http:\/\/www.hohenlohe-ungefiltert.de\/?p=17982"},"modified":"2014-06-24T07:10:43","modified_gmt":"2014-06-24T06:10:43","slug":"bilder-vom-krieg-der-erste-weltkrieg-im-spiegel-epinaler-bilderbogen-juli-programm-des-hallisch-frankischen-museums-in-schwabisch-hall","status":"publish","type":"post","link":"https:\/\/www.hohenlohe-ungefiltert.de\/?p=17982","title":{"rendered":"&#8222;Bilder vom Krieg: Der Erste Weltkrieg im Spiegel Epinaler Bilderb\u00f6gen&#8220; \u2013 Juli-Programm des H\u00e4llisch-Fr\u00e4nkischen Museums in Schw\u00e4bisch Hall"},"content":{"rendered":"<p><strong>Hohenlohe-ungefiltert ver\u00f6ffentlicht das Juli-Programm des H\u00e4llisch-Fr\u00e4nkischen Museums in Schw\u00e4bisch Hall. Kurzfristige \u00c4nderungen sind m\u00f6glich.<\/strong><\/p>\n<p><em>Vom H\u00e4llisch-Fr\u00e4nkischen Museum in Schw\u00e4bisch Hall<\/em><\/p>\n<p><strong>Sonderausstellung bis 16. November 2014:<\/strong><\/p>\n<p>Bilder vom Krieg, Der Erste Weltkrieg im Spiegel Epinaler Bilderb\u00f6gen<\/p>\n<p><strong>Ausstellungen im \u201eWintergarten\u201c:<\/strong><\/p>\n<p><strong>11. Juli bis 14. September 2014: <\/strong>Elisabeth Sch\u00e4pperle, Malerei und Grafik<\/p>\n<p><strong>\u00d6ffentliche F\u00fchrungen und sonstige Veranstaltungen:<\/strong><\/p>\n<p><strong>Sonntag, 6. Juli 2014, 14.30 Uhr:<\/strong><\/p>\n<p><strong><\/strong>Bilder vom Krieg. Der Erste Weltkrieg im Spiegel Epinaler Bilderb\u00f6gen, F\u00fchrung mit Dr. Armin Panter<\/p>\n<p><strong>Donnerstag, 10. Juli 2014, 18.30 Uhr:<\/strong><\/p>\n<p>Er\u00f6ffnung der Ausstellung im \u201eWintergarten\u201c, Elisabeth Sch\u00e4pperle, Malerei und Grafik<\/p>\n<p><strong>Samstag, 12. Juli 2014:<\/strong><\/p>\n<p>Mitgliederversammlung des Historischen Vereins f\u00fcr W\u00fcrttembergisch Franken e.V. im Medienraum des H\u00e4llisch-Fr\u00e4nkischen Museums<\/p>\n<p><strong>15.45 Uhr:<\/strong> \u00d6ffentlicher Vortrag, Modernit\u00e4t, Modernisierung, Moderne \u2013 Deutungsmuster im 20. Jahrhundert, Referent: Marcel Miara<\/p>\n<p><strong>Sonntag, 13. Juli 2014, 14.30 Uhr:<\/strong><\/p>\n<p>Vater ist im Krieg. Kindheit im Ersten Weltkrieg, F\u00fchrung in der Sonderausstellung \u201eBilder vom Krieg\u201c mit Silke Karl<\/p>\n<p><strong>Montag, 14. Juli 2014, 18 Uhr:<\/strong><\/p>\n<p>Bilder vom Krieg, F\u00fchrung in der Sonderausstellung f\u00fcr Mitglieder des Vereins Alt Hall e.V. mit Dr. Armin Panter<\/p>\n<p><strong>Mittwoch, 16. Juli 2014, 12.30 Uhr:<\/strong><\/p>\n<p>Der Schlachtenmaler Louis Braun (1836-1916), Mittagspausenf\u00fchrung mit Hildegard Heinz<\/p>\n<p><strong>Sonntag, 20. Juli 2014, 14.30 Uhr:<\/strong><\/p>\n<p>\u201eBoche allemand\u201c. Das antideutsche Feindbild auf Epinaler Bilderb\u00f6gen, F\u00fchrung in der Sonderausstellung \u201eBilder vom Krieg\u201c mit Silke Karl<\/p>\n<p><strong>Donnerstag, 24. Juli 2014, 18 Uhr:<\/strong><\/p>\n<p>Bilder vom Krieg, F\u00fchrung in der Sonderausstellung f\u00fcr Mitglieder des Historischen Vereins f\u00fcr W\u00fcrttembergisch Franken e.V. mit Dr. Armin Panter<\/p>\n<p><strong>Freitag, 25. Juli 2014 (im Rahmen der Sonderausstellung \u201eBilder vom Krieg\u201c):<\/strong><\/p>\n<p><strong>20 Uhr:<\/strong> \u201eVerbotene Filme: Das verdr\u00e4ngte Erbe des Nazi-Kinos.\u201c Ein Film von Felix M\u00f6ller, 2014, Kino im Schafstall Schw\u00e4bisch Hall<\/p>\n<p><strong>Sonntag, 27. Juli 2014:<\/strong><\/p>\n<p><strong>14.30 Uhr: <\/strong>Scherben bringen Gl\u00fcck, Arch\u00e4ologieschnellkurs f\u00fcr Kinder ab 7 Jahren mit Ines Frontzek, Anmeldung erforderlich (Telefon 0791\/751-289)<\/p>\n<p><strong>18 Uhr:<\/strong> \u201eVerbotene Filme: Das verdr\u00e4ngte Erbe des Nazi-Kinos.\u201c, Kino im Schafstall Schw\u00e4bisch Hall<\/p>\n<p><strong>Donnerstag, 31. Juli 2014, 14.30 Uhr:<\/strong><\/p>\n<p>Im Turm, um den Turm und um den Turm herum, Wir besteigen mehrere Haller T\u00fcrme und erkunden ihre Fuktionen. Ferienprogramm f\u00fcr Kinder ab 8 Jahren mit Karin Bauer-Schellenberger, Anmeldung erforderlich (Telefon 0791\/751-289)<\/p>\n<p><strong>Weitere Informationen und Kontakt:<\/strong><\/p>\n<p>Stadtverwaltung Schw\u00e4bisch Hall, Am Markt 6, 74523 Schw\u00e4bisch Hall<\/p>\n<p><a href=\"http:\/\/www.schwaebischhall.de\/Haellisch-Fraenk-Museum.283.0.html\" target=\"_blank\">http:\/\/www.schwaebischhall.de\/Haellisch-Fraenk-Museum.283.0.html<\/a><\/p>\n<p><a href=\"http:\/\/www.schwaebischhall.de\" target=\"_blank\">www.schwaebischhall.de<\/a><\/p>\n<p><a href=\"http:\/\/www.facebook.com\/schwaebischhall\" target=\"_blank\">www.facebook.com\/schwaebischhall<\/a><\/p>\n<p><a href=\"http:\/\/www.twitter.com\/ob_schwaebhall\" target=\"_blank\">www.twitter.com\/ob_schwaebhall<\/a><\/p>\n<p>&nbsp;<\/p>\n<div class=\"pdf24Plugin-cp\"> \t<form name=\"pdf24Form0\" method=\"post\" action=\"https:\/\/doc2pdf.pdf24.org\/wordpress.php\" target=\"pdf24PopWin\" onsubmit=\"var pdf24Win = window.open('about:blank', 'pdf24PopWin', 'resizable=yes,scrollbars=yes,width=600,height=250,left='+(screen.width\/2-300)+',top='+(screen.height\/3-125)+''); pdf24Win.focus(); if(typeof pdf24OnCreatePDF === 'function'){void(pdf24OnCreatePDF(this,pdf24Win));}\"> \t\t<input type=\"hidden\" name=\"blogCharset\" value=\"Cw1x07UAAA==\" \/><input type=\"hidden\" name=\"blogPosts\" value=\"MwQA\" \/><input type=\"hidden\" name=\"blogUrl\" value=\"yygpKSi20tcvLy\/Xy8jPSM3LARK6pXnpqWmZOSWpRSV6KakA\" \/><input type=\"hidden\" name=\"blogName\" value=\"88jPSM3LARK6pXnpqWmZOSWpRSUA\" \/><input type=\"hidden\" name=\"blogValueEncoding\" value=\"gzdeflate base64\" \/><input type=\"hidden\" name=\"postId_0\" value=\"MzS3tDACAA==\" \/><input type=\"hidden\" name=\"postTitle_0\" value=\"JYxLCsIwFEW3ckHorCAdiZ2JlaIIQgeO+3mkj76kJWl16h7cQtbgBrITV2KDs3O\/yWaXZVl+YOnI4jFqXCyT2uO4ysK6mXAnmYdogjWqaQUSFBObWtbOf9mEjyKTxLNtju\/rjfMinN7sqGytNTpyKIMXYdf26ckGb4aIZHBdHC3agQ2qtn8G38QAZS3yAw==\" \/><input type=\"hidden\" name=\"postLink_0\" value=\"yygpKSi20tcvLy\/Xy8jPSM3LARK6pXnpqWmZOSWpRSV6Kan69gW2huaWFkYA\" \/><input type=\"hidden\" name=\"postAuthor_0\" value=\"S0zJzcwDAA==\" \/><input type=\"hidden\" name=\"postDateTime_0\" value=\"MzIwNNE1MNM1MlEwMLMCIkNzAA==\" \/><input type=\"hidden\" name=\"postContent_0\" value=\"vVdNb9tGEL33Vwx8KBJAoiz5M65iIEHsOHUVBFFqH4OlOBQX3F0Ky6VV+JRD\/0GBnoqe\/Btyyo3\/JL+kb1eyzEhW7DhBL4Yo7ey8ee\/NDN2fHPZLZwszPjwpMjYKf9qVGXMqlWPr6IJt\/TFN2TglR5mjRJT0a6Vk+40txlZoTQmXdFJfKSXLUdY+tvWVyf1HNjSoSq50SdLQcJRN66vY\/0AnQqmITit7mVpZOjlmqv80CVuf2FApTUK6\/jj2GaN+Z46v35kc\/tQHXtaHZ4X+es7bUvY7iFzcMr91WPjEoipLx0oBACGAursRvS4uWMdsqbfZ3T5YgfFcKgTSBZCcWsnjFr3A45HFPXTOyuX+S5KahhN8YEVHE2mEwplZZIwC2SzDeXYDBLUg+vOHf8+lgRRjYR2bzx\/+WYVyHdztRkGbWQnbEQ154ho10CLyCMSJmF3mSaqvJhO2ils08PhYUgUBXlqRynw5Rf33wgtMx\/WnbK6ZjygLMxPzDITio1Au\/LgeMMg3ToC63TlwD7PloW9t0u+ZXR+5+GFZhuhBMrQWtZCWjl7YiJ5ZDQ+9EZ775ewvgJuRwkPvbn6JfX8t9qPQScYn8ZAbUt8udIseLNNQ6Dm6XgPdKqSBdOgyBhz0eYluVjN06Gg0ZmHnPXXm05mS0vqTpXP8cTNbjUNvHUPtHKc4Oot8JQNOJBv01H1mw4qHd6LtnS\/5o6bpLJ0V1llf26AAbiNdfeUWD6UMU+T6mUHrX3BE5Z1Y6gqEWw+x50UTmc0q3\/0If8spajTuAOTaEWwykMKKtX7tbt3XsGcipCydTzt36CkGXMYyfBWcam6s2nAi7Od9sjqhYJVl28MuwblDqXKmU2HVMvZBMYe+veTX23Gvjre7cQV73FgqqH9tnWfKhSE8c8l9mgwXuWkxylphGjch99ay7XsfraIEVhUbHfr8t6LCOHwOpIYedfe3dtvdJ93dxy2PFIyUE5TAJm32\/4kvHn2Y0AnAX661QW\/zvjbwkhV+ZoIC1sIkEAyjCssUtcsEBi3DREW6JEZ2ElV656j6sQZpDrXe\/2uShw6b+9joGLfNatpp1ESP0HtvRab52zh8vH4l9Zak9zeglriAE6GsVJoPguIYtYmfhGOsqCMbc6DgtbiUbQyGooy8VEeox4cgOT6wkn\/QoP4I79jWXBN\/Nuy1USZSv2zVLS8863y799WtsJjFCz\/fvDkM\/QyOwVpsZdj8L1X9aZS3oIFfUYUqxpIBwIDGvLJzGf3EA5Mipr0wdxHntXtlUPkx7nWX7K8wmlXiyWebFhYRfuTTo3esOAUPm3tPup29nW67t\/\/k8QrY\/R9H\/4PYbfbPVve+g+GVpneV1S0K29KEh7DYm8+gvMKRc2kpZjhUeuI1g0fLAQu4fQeeNYdQtrnfa3h\/xAk6rnInC8MmgpFgYzO5fnNfkma\/KQ0mBCz4XFRs215z5DC+Cb0Bv0unc7Sjh\/3KIFSLGbQA+9RvqNytcjR0InGQbTp7o1xRAoi039u5o90W7W3v9LbWqyUINaZPNzLnJgedznQ6jXBmKjiczfy\/Jgl3TgQvXloEm7w9e12Jevtb0WaUOa02yAnQ4Z5uvI8VZtLG4ffe2O+Iw2+DuYrh9nN33ZyKEcdFkUejQneWwm\/P8bWIu7K5KRYv2xBaxO\/n0etzrT\/fzPSzicvJL+HpPw==\" \/> \t\t<a href=\"https:\/\/www.pdf24.org\" target=\"_blank\" title=\"www.pdf24.org\" rel=\"nofollow\"><img src=\"https:\/\/www.hohenlohe-ungefiltert.de\/wp-content\/plugins\/pdf24-post-to-pdf\/img\/pdf_32x32.png\" alt=\"\" border=\"0\" height=\"32\" \/><\/a> \t\t<span class=\"pdf24Plugin-cp-space\">&nbsp;&nbsp;<\/span> \t\t<span class=\"pdf24Plugin-cp-text\">Sende Artikel als PDF<\/span> \t\t<span class=\"pdf24Plugin-cp-space\">&nbsp;&nbsp;<\/span> \t\t<input class=\"pdf24Plugin-cp-input\" style=\"margin: 0px;\" type=\"text\" name=\"sendEmailTo\" placeholder=\"Emailadresse\" \/> \t\t<input class=\"pdf24Plugin-cp-submit\" style=\"margin: 0px;\" type=\"submit\" value=\"Senden\" \/> \t<\/form> <\/div>","protected":false},"excerpt":{"rendered":"<p>Hohenlohe-ungefiltert ver\u00f6ffentlicht das Juli-Programm des H\u00e4llisch-Fr\u00e4nkischen Museums in Schw\u00e4bisch Hall. Kurzfristige \u00c4nderungen sind m\u00f6glich. Vom H\u00e4llisch-Fr\u00e4nkischen Museum in Schw\u00e4bisch Hall Sonderausstellung bis 16. November 2014: Bilder vom Krieg, Der Erste Weltkrieg im Spiegel Epinaler Bilderb\u00f6gen Ausstellungen im \u201eWintergarten\u201c: 11. Juli bis 14. September 2014: Elisabeth Sch\u00e4pperle, Malerei und Grafik \u00d6ffentliche F\u00fchrungen und sonstige Veranstaltungen: Sonntag, [&hellip;]<\/p>\n","protected":false},"author":1,"featured_media":0,"comment_status":"open","ping_status":"open","sticky":false,"template":"","format":"standard","meta":[],"categories":[1,10,6,2,5,3,7],"tags":[],"_links":{"self":[{"href":"https:\/\/www.hohenlohe-ungefiltert.de\/index.php?rest_route=\/wp\/v2\/posts\/17982"}],"collection":[{"href":"https:\/\/www.hohenlohe-ungefiltert.de\/index.php?rest_route=\/wp\/v2\/posts"}],"about":[{"href":"https:\/\/www.hohenlohe-ungefiltert.de\/index.php?rest_route=\/wp\/v2\/types\/post"}],"author":[{"embeddable":true,"href":"https:\/\/www.hohenlohe-ungefiltert.de\/index.php?rest_route=\/wp\/v2\/users\/1"}],"replies":[{"embeddable":true,"href":"https:\/\/www.hohenlohe-ungefiltert.de\/index.php?rest_route=%2Fwp%2Fv2%2Fcomments&post=17982"}],"version-history":[{"count":3,"href":"https:\/\/www.hohenlohe-ungefiltert.de\/index.php?rest_route=\/wp\/v2\/posts\/17982\/revisions"}],"predecessor-version":[{"id":18009,"href":"https:\/\/www.hohenlohe-ungefiltert.de\/index.php?rest_route=\/wp\/v2\/posts\/17982\/revisions\/18009"}],"wp:attachment":[{"href":"https:\/\/www.hohenlohe-ungefiltert.de\/index.php?rest_route=%2Fwp%2Fv2%2Fmedia&parent=17982"}],"wp:term":[{"taxonomy":"category","embeddable":true,"href":"https:\/\/www.hohenlohe-ungefiltert.de\/index.php?rest_route=%2Fwp%2Fv2%2Fcategories&post=17982"},{"taxonomy":"post_tag","embeddable":true,"href":"https:\/\/www.hohenlohe-ungefiltert.de\/index.php?rest_route=%2Fwp%2Fv2%2Ftags&post=17982"}],"curies":[{"name":"wp","href":"https:\/\/api.w.org\/{rel}","templated":true}]}}