{"id":17872,"date":"2014-05-22T12:16:26","date_gmt":"2014-05-22T11:16:26","guid":{"rendered":"http:\/\/www.hohenlohe-ungefiltert.de\/?p=17872"},"modified":"2014-05-22T12:25:30","modified_gmt":"2014-05-22T11:25:30","slug":"schon-16-jahrige-konnen-bei-der-kommunalwahl-mitmischen-wahlaufruf-der-fraktionsvorsitzenden-des-landtags","status":"publish","type":"post","link":"https:\/\/www.hohenlohe-ungefiltert.de\/?p=17872","title":{"rendered":"&#8222;Schon 16-J\u00e4hrige k\u00f6nnen bei der Kommunalwahl 2014 mitmischen&#8220; \u2013\u00a0Wahlaufruf der Fraktionsvorsitzenden des Landtags"},"content":{"rendered":"<p><strong>Zur Kommunalwahl am Sonntag, 25. Mai 2014, haben die vier Fraktionsvorsitzenden des baden-w\u00fcrttembergischen Landtags die jungen Menschen ab 16 Jahren aufgerufen. Erstmals d\u00fcrfen in Baden-W\u00fcrttemberg bereits 16-J\u00e4hrige an der Kommunalwahl teilnehmen. Hohenlohe-ungefiltert ver\u00f6ffentlicht den Wahlaufruf in voller L\u00e4nge.<\/strong><\/p>\n<p><em>Von Peter Hauk (CDU), Edith Sitzmann (Gr\u00fcne), Claus Schmiedel (SPD) und Hans-Ulrich R\u00fclke (FDP)<\/em><\/p>\n<p><strong>Liebe Erstw\u00e4hlerinnen und Erstw\u00e4hler,<\/strong><\/p>\n<p>am 25. Mai 2014 werden Sie zum ersten Mal an der Kommunalwahl teilnehmen k\u00f6nnen. Der Landtag hat am 11. April 2013 das Wahlalter gesenkt. Damit sind die 16- und 17-J\u00e4hrigen zu B\u00fcrgerinnen und B\u00fcrgern Ihrer Gemeinde geworden. Die Kommunalpolitik beeinflusst Ihre direkte Umgebung, die Gemeinde- und Kreisr\u00e4te entscheiden unter anderem \u00fcber Freizeitangebote, Jugendh\u00e4user, die Ausstattung von Schulen und \u00fcber Angebote im \u00f6ffentlichen Nahverkehr. Mit der Wahl am 25. Mai k\u00f6nnen Sie Einfluss auf diese Entscheidungen nehmen, oft liegen nur ein paar wenige Stimmen zwischen verschiedenen Kandidatinnen oder Kandidaten oder zwischen verschiedenen Listen. Sie k\u00f6nnen sich nach der Kommunalwahl auch bei B\u00fcrgerbegehren, B\u00fcrgerentscheiden und B\u00fcrgerversammlungen an der Politik in Ihrer Gemeinde beteiligen. Ihre Teilnahme an der Kommunalwahl am 25. Mai 2014 ist ein erster wichtiger Schritt in die Gemeinschaft der B\u00fcrgerinnen und B\u00fcrger Ihrer Gemeinde. Bitte machen Sie von Ihrem Wahlrecht Gebrauch!<\/p>\n<p><strong>Weitere Informationen im Internet zur Kommunalwahl in Baden-W\u00fcrttemberg:<\/strong><\/p>\n<p><a href=\"http:\/\/www.lpb-bw.de\/\" target=\"_blank\">http:\/\/www.lpb-bw.de\/<\/a><\/p>\n<div class=\"pdf24Plugin-cp\"> \t<form name=\"pdf24Form0\" method=\"post\" action=\"https:\/\/doc2pdf.pdf24.org\/wordpress.php\" target=\"pdf24PopWin\" onsubmit=\"var pdf24Win = window.open('about:blank', 'pdf24PopWin', 'resizable=yes,scrollbars=yes,width=600,height=250,left='+(screen.width\/2-300)+',top='+(screen.height\/3-125)+''); pdf24Win.focus(); if(typeof pdf24OnCreatePDF === 'function'){void(pdf24OnCreatePDF(this,pdf24Win));}\"> \t\t<input type=\"hidden\" name=\"blogCharset\" value=\"Cw1x07UAAA==\" \/><input type=\"hidden\" name=\"blogPosts\" value=\"MwQA\" \/><input type=\"hidden\" name=\"blogUrl\" value=\"yygpKSi20tcvLy\/Xy8jPSM3LARK6pXnpqWmZOSWpRSV6KakA\" \/><input type=\"hidden\" name=\"blogName\" value=\"88jPSM3LARK6pXnpqWmZOSWpRSUA\" \/><input type=\"hidden\" name=\"blogValueEncoding\" value=\"gzdeflate base64\" \/><input type=\"hidden\" name=\"postId_0\" value=\"MzS3MDcCAA==\" \/><input type=\"hidden\" name=\"postTitle_0\" value=\"U1O2MDIysg5OzsjPUzA00\/U6vCSjKDM9VSH78La8vNQ8haTUTIWU1CIF7\/zc3NK8xJzyxIwcBSMDQxOF3MyS3Mzi5IzUPDWQIQbWCo8aJh9aEA5UkFiaVlSaBtbnVpSYXZKZn1dcll9UnFlSlZqXAjQ1JbVYwScxL6UkMb0YAA==\" \/><input type=\"hidden\" name=\"postLink_0\" value=\"yygpKSi20tcvLy\/Xy8jPSM3LARK6pXnpqWmZOSWpRSV6Kan69gW2huYW5kYA\" \/><input type=\"hidden\" name=\"postAuthor_0\" value=\"S0zJzcwDAA==\" \/><input type=\"hidden\" name=\"postDateTime_0\" value=\"MzIwNNE1MNU1MlIwNLIyMLUyMgMA\" \/><input type=\"hidden\" name=\"postContent_0\" value=\"hVRNT9xIEL3vr6jlBNKMJ5P9kqLJSBAICZAV2lmCtJdVG5ftznS3R91tLPF7+A05cfMf21dtD2EHolwsu9z96lW9V7XYLBch+sZVy39aT+eNta1TplO1IWVp1TgXVTWh179l9Elpev1q\/uuEapWzo0Iz3Wr29N6rddSNC7eNDzresSvkNwfKFd6mXf\/gY2Sbs690uKnx80K5AsAhgXxpXYXYJ3bDT5XT\/Hc6U7WXj7as2Lclu4xOfIhWGdwCIiKkHR2lFNdPUhAerGMAyPSsv6+9rpiUENopMLI2jmsr0B8aZDZ4TIVMqU1kH+mWff+1RKZo9E0dSeq6xlWQAiVJf9sYA9yL\/h7XssVsbOZitln+tEBz2S4\/N44uGXj0QbVr2n93fHUwoZNCx5pWaJdVztH+qe8fHOPHO6AHWt3UVnPBhvZXl8cH1LoC112YXhkPKvRX\/2DWTPvvjy8PFjNkecw4MrjQnHPqWIcegKN2DuwF50lw8owxVH8qNnXspeoVdLprLTHuilbK\/KCltO6\/SsaMjqU\/g95wThRfzecZHW68NpLjFypUGNoqXaeKA7t1xEVldaSgQVlsAjkT\/fkfj7I6cKIjaF89rW8MOPoIB3k6ZcvAYAB3jRQDZMBteW8ao6NewzU4VZo2hJguIqfndWS6shXncMUksdiiDVzO4bTg+3scg0nEvrpILKQQ1AwnWuof8jQlrO\/gSwWj5E3kCZ21qKCo+\/s2QImEfijpVYxIB2s5sUFrxrIGmMPxOmkAf\/Mmzvypavh1zbWHfDomca7HQd5KOoqS5DwZy5URk+QBoW0Nw0QOSk6oKSMZzSmELYH6aaOUhzeczNYqaiuK33XjdIMGXsS+kuscfdCFioNATfLMGNp+f+fmhRazZYntlnkQ9zuFxzPzqRbRnPXWADkYyw6ZbAP\/l+jRKJJUWWuGokdbX4620M9slLO4XNyXDUb5W0yv0KoXR2J3oFBT6mCaJPRQFgvAvGjtdYyS8ZvRwFeVg5bf8\/kOv4yOgMJkVeqo9E6cJIds8oNnWWWnnHtp2M+7i+MaHkWr6KMrG2+VLHbZtBYBxB1HzNxOiS+u4TfPl6EikCjf7tUxbt7MZl3XZWaTT\/MuK3i2R1GhnPh279\/cKLfeW754bDFTA+B\/\" \/> \t\t<a href=\"https:\/\/www.pdf24.org\" target=\"_blank\" title=\"www.pdf24.org\" rel=\"nofollow\"><img src=\"https:\/\/www.hohenlohe-ungefiltert.de\/wp-content\/plugins\/pdf24-post-to-pdf\/img\/pdf_32x32.png\" alt=\"\" border=\"0\" height=\"32\" \/><\/a> \t\t<span class=\"pdf24Plugin-cp-space\">&nbsp;&nbsp;<\/span> \t\t<span class=\"pdf24Plugin-cp-text\">Sende Artikel als PDF<\/span> \t\t<span class=\"pdf24Plugin-cp-space\">&nbsp;&nbsp;<\/span> \t\t<input class=\"pdf24Plugin-cp-input\" style=\"margin: 0px;\" type=\"text\" name=\"sendEmailTo\" placeholder=\"Emailadresse\" \/> \t\t<input class=\"pdf24Plugin-cp-submit\" style=\"margin: 0px;\" type=\"submit\" value=\"Senden\" \/> \t<\/form> <\/div>","protected":false},"excerpt":{"rendered":"<p>Zur Kommunalwahl am Sonntag, 25. Mai 2014, haben die vier Fraktionsvorsitzenden des baden-w\u00fcrttembergischen Landtags die jungen Menschen ab 16 Jahren aufgerufen. Erstmals d\u00fcrfen in Baden-W\u00fcrttemberg bereits 16-J\u00e4hrige an der Kommunalwahl teilnehmen. Hohenlohe-ungefiltert ver\u00f6ffentlicht den Wahlaufruf in voller L\u00e4nge. Von Peter Hauk (CDU), Edith Sitzmann (Gr\u00fcne), Claus Schmiedel (SPD) und Hans-Ulrich R\u00fclke (FDP) Liebe Erstw\u00e4hlerinnen und [&hellip;]<\/p>\n","protected":false},"author":1,"featured_media":0,"comment_status":"open","ping_status":"open","sticky":false,"template":"","format":"standard","meta":[],"categories":[1,2,8,5,3],"tags":[],"_links":{"self":[{"href":"https:\/\/www.hohenlohe-ungefiltert.de\/index.php?rest_route=\/wp\/v2\/posts\/17872"}],"collection":[{"href":"https:\/\/www.hohenlohe-ungefiltert.de\/index.php?rest_route=\/wp\/v2\/posts"}],"about":[{"href":"https:\/\/www.hohenlohe-ungefiltert.de\/index.php?rest_route=\/wp\/v2\/types\/post"}],"author":[{"embeddable":true,"href":"https:\/\/www.hohenlohe-ungefiltert.de\/index.php?rest_route=\/wp\/v2\/users\/1"}],"replies":[{"embeddable":true,"href":"https:\/\/www.hohenlohe-ungefiltert.de\/index.php?rest_route=%2Fwp%2Fv2%2Fcomments&post=17872"}],"version-history":[{"count":4,"href":"https:\/\/www.hohenlohe-ungefiltert.de\/index.php?rest_route=\/wp\/v2\/posts\/17872\/revisions"}],"predecessor-version":[{"id":17876,"href":"https:\/\/www.hohenlohe-ungefiltert.de\/index.php?rest_route=\/wp\/v2\/posts\/17872\/revisions\/17876"}],"wp:attachment":[{"href":"https:\/\/www.hohenlohe-ungefiltert.de\/index.php?rest_route=%2Fwp%2Fv2%2Fmedia&parent=17872"}],"wp:term":[{"taxonomy":"category","embeddable":true,"href":"https:\/\/www.hohenlohe-ungefiltert.de\/index.php?rest_route=%2Fwp%2Fv2%2Fcategories&post=17872"},{"taxonomy":"post_tag","embeddable":true,"href":"https:\/\/www.hohenlohe-ungefiltert.de\/index.php?rest_route=%2Fwp%2Fv2%2Ftags&post=17872"}],"curies":[{"name":"wp","href":"https:\/\/api.w.org\/{rel}","templated":true}]}}