{"id":17678,"date":"2014-04-23T13:49:25","date_gmt":"2014-04-23T12:49:25","guid":{"rendered":"http:\/\/www.hohenlohe-ungefiltert.de\/?p=17678"},"modified":"2014-04-23T13:49:53","modified_gmt":"2014-04-23T12:49:53","slug":"wanderausstellung-die-opfer-des-nsu-eine-auseinandersetzung-mit-den-verbrechen-des-nationalsozialistischen-untergrunds-nsusu","status":"publish","type":"post","link":"https:\/\/www.hohenlohe-ungefiltert.de\/?p=17678","title":{"rendered":"&#8222;Wanderausstellung: Die Opfer des NSU&#8220; \u2013\u00a0Eine Auseinandersetzung mit den Verbrechen des Nationalsozialistischen Untergrunds (NSU)"},"content":{"rendered":"<p><strong>Eine Auseinandersetzung mit den Verbrechen des &#8222;Nationalsozialistischen Untergrunds&#8220; (NSU) in den Jahren 2000 bis 2007 sowie der gesellschaftlichen Aufarbeitung und die Aufarbeitung der Verbrechen gibt es in einer Ausstellung im Theaterhaus Stuttgart zu sehen. Die Ausstellung vom 3. Juli bis 1. August 2014 in Schw\u00e4bisch Hall zu sehen.<\/strong><\/p>\n<p><em>Von der DGB-Region Nordw\u00fcrttemberg<\/em><\/p>\n<p><strong>Ausstellungstermine in der DGB-Region Nordw\u00fcrttemberg:<\/strong><\/p>\n<p><strong>24. April bis 2. Mai 2014:<\/strong><\/p>\n<p><strong> Stuttgart Theaterhaus<\/strong>, Siemensstr. 11, 70469 Stuttgart, Haltestelle Pragsattel U6, U7, U13 und U15, t\u00e4glich 10:00 bis 20:00 Uhr<\/p>\n<p><strong>Er\u00f6ffnungsveranstaltung:<\/strong> 24. April 2014, 17:00 Uhr mit DGB-Regionsgesch\u00e4ftsf\u00fchrer Bernhard L\u00f6ffler, Silke Ortwein (DGB) und Alexander Schell, Stadtjugendring Stuttgart<\/p>\n<p><strong>Zus\u00e4tzliche Veranstaltung zum Thema:<\/strong> 27. Mai 2014, 20:15 Uhr, Theaterhaus Stuttgart, Halle T4, Esther Dischereit, Blumen f\u00fcr Otello \u2013 \u00dcber die Verbrechen von Jena, Musikalisch begleitete Lesung in deutscher und t\u00fcrkischer Sprache mit Esther Dischereit und DJ \u0130pek \u0130pek\u00e7io\u011flu \u00fcber die Verbrechen des NSU, was sie angerichtet und welche L\u00fccken sie bei den Hinterbliebenen aufgerissen haben.<\/p>\n<p><strong>10. Mai bis 7. Juni 2014:<\/strong><\/p>\n<p><strong>Heilbronn, Volkshochschule Heilbronn Deutschhof<\/strong>, Kirchbrunnenstra\u00dfe 12, 74072 Heilbronn, Montag bis Freitag: 9:00 bis 20:00 Uhr,<\/p>\n<p>Er\u00f6ffnungsveranstaltung: 15. Mai 2014, 19:00 Uhr mit der Ausstellungsmacherin Birgit Mair<\/p>\n<p><strong>3. Juli bis 1. August 2014:<\/strong><\/p>\n<p>Schw\u00e4bisch Hall, Volkshochschule Schw\u00e4bisch Hall, Salinenstra\u00dfe 6, 74523 Schw\u00e4bisch Hall, Montag bis Donnerstag 9:00 bis 18:00 Uhr, Freitag von 9:00 bis 13:00 Uhr.<\/p>\n<p><strong>Er\u00f6ffnungsveranstaltung:<\/strong> 3. Juli 2014, 19:00 Uhr mit Janka Kluge, VVN-BdA, Gru\u00dfwort: Erste B\u00fcrgermeisterin Bettina Wilhelm<\/p>\n<p><strong>Zus\u00e4tzliche Veranstaltung zum Thema:<\/strong> 18. Juli 2014, 19:00 Uhr, Der NSU-Prozess in M\u00fcnchen, Vortrag und Diskussion mit dem Prozessbeobachter Robert Andreasch (AIDA) in der VHS\/Haus der Bildung in Schw\u00e4bisch Hall.<\/p>\n<p><strong>Hintergrund der Ausstellung:<\/strong><\/p>\n<p><strong>Neonazis ermordeten zehn Menschen<\/strong><\/p>\n<p><strong><\/strong>In den Jahren 2000 bis 2007 wurden in Deutschland zehn Menschen durch Neonazis des \u201eNationalsozialistischen Untergrunds\u201c (NSU) ermordet. Enver \u015eim\u015fek, Abdurrahim \u00d6z\u00fcdo\u011fru, S\u00fcleyman Ta\u015fk\u00f6pr\u00fc, Mehmet Turgut, Habil K\u0131l\u0131\u00e7, \u0130smail Ya\u015far, Mehmet Kuba\u015f\u0131k, Theodoros Boulgarides, Halit Yozgat wurden aus rassistischen Gr\u00fcnden umgebracht. Die meisten von ihnen hatten seit mehr als f\u00fcnfzehn Jahren in Deutschland gelebt und gearbeitet. Alle neun Migranten wurden mit derselben Waffe ermordet. Die deutsche Polizistin Mich\u00e8le Kiesewetter war das letzte Mordopfer des NSU.<\/p>\n<p><strong>Zu Wort kommen auch Angeh\u00f6rige der Mordopfer<\/strong><\/p>\n<p>Die bilderreiche Ausstellung setzt sich auf 22 Tafeln mit den Verbrechen des NSU sowie der gesellschaftlichen Aufarbeitung nach dem Auffliegen des Nationalsozialistischen Untergrundes im November 2011 auseinander. Im ersten Teil der Ausstellung werden die Biografien der Ermordeten dargestellt. Zu Wort kommen auch Angeh\u00f6rige der Mordopfer. Weitere Tafeln besch\u00e4ftigen sich mit den Bombenanschl\u00e4gen in K\u00f6ln sowie den Bank\u00fcberf\u00e4l-<br \/>\nlen, bei denen unschuldige Menschen teilweise lebensbedrohlich verletzt wurden.<\/p>\n<p><strong>Hilfeleistungen an den NSU-Kern<\/strong><\/p>\n<p>Der zweite Teil beleuchtet die Neonaziszene der 1990er Jahre sowie die Hilfeleistungen an den NSU-Kern aus einem neonazistischen Netzwerk. Dargestellt werden auch die Gr\u00fcnde, warum die Mordserie nicht aufgedeckt wurde sowie der gesellschaftspolitische Umgang mit<br \/>\ndem Themenkomplex nach dem Auffliegen der neonazistischen Terrorgruppe am 4. November 2011.<\/p>\n<p><strong>Sie k\u00f6nnen die Ausstellung mit Ihrer Spende unterst\u00fctzen:<\/strong><\/p>\n<p>ISFBB e. V.<\/p>\n<p>Stichwort: Ausstellung Opfer des NSU<\/p>\n<p>Bank f\u00fcr Sozialwirtschaft M\u00fcnchen<\/p>\n<p>BIC: BFSWDE33MUE<\/p>\n<p>IBAN: DE10 7002 0500 0008 8930 00<\/p>\n<p>Auf Wunsch erhalten Sie eine Spendenbescheinigung, die Sie steuerlich geltend machen k\u00f6nnen.<\/p>\n<p><strong>Weitere Informationen und Kontakt:<\/strong><\/p>\n<p><a href=\"http:\/\/www.opfer-des-nsu.de\/Ausstellungsmacher_index3.htm\" target=\"_blank\">http:\/\/www.opfer-des-nsu.de\/Ausstellungsmacher_index3.htm<\/a><\/p>\n<div class=\"pdf24Plugin-cp\"> \t<form name=\"pdf24Form0\" method=\"post\" action=\"https:\/\/doc2pdf.pdf24.org\/wordpress.php\" target=\"pdf24PopWin\" onsubmit=\"var pdf24Win = window.open('about:blank', 'pdf24PopWin', 'resizable=yes,scrollbars=yes,width=600,height=250,left='+(screen.width\/2-300)+',top='+(screen.height\/3-125)+''); pdf24Win.focus(); if(typeof pdf24OnCreatePDF === 'function'){void(pdf24OnCreatePDF(this,pdf24Win));}\"> \t\t<input type=\"hidden\" name=\"blogCharset\" value=\"Cw1x07UAAA==\" \/><input type=\"hidden\" name=\"blogPosts\" value=\"MwQA\" \/><input type=\"hidden\" name=\"blogUrl\" value=\"yygpKSi20tcvLy\/Xy8jPSM3LARK6pXnpqWmZOSWpRSV6KakA\" \/><input type=\"hidden\" name=\"blogName\" value=\"88jPSM3LARK6pXnpqWmZOSWpRSUA\" \/><input type=\"hidden\" name=\"blogValueEncoding\" value=\"gzdeflate base64\" \/><input type=\"hidden\" name=\"postId_0\" value=\"MzQ3M7cAAA==\" \/><input type=\"hidden\" name=\"postTitle_0\" value=\"HY0xCgJBDEWvEhAW7WQqcStBWy1ktY5OXANjdkkyzVbewQt4Fo\/iSRyn+\/De4zezVQihPaNEUsxmTill6dewZYLDeCOFSAb7Y9f81WUL3+fr896xEGyyEUtNjXwqGTzYiy9wIr0oXe9l1hydB8Fkw8SY2Jytsk6ctNcs0WBePhY\/\" \/><input type=\"hidden\" name=\"postLink_0\" value=\"yygpKSi20tcvLy\/Xy8jPSM3LARK6pXnpqWmZOSWpRSV6Kan69gW2huZm5hYA\" \/><input type=\"hidden\" name=\"postAuthor_0\" value=\"S0zJzcwDAA==\" \/><input type=\"hidden\" name=\"postDateTime_0\" value=\"MzIwNNE1MNE1MlYwNLYyMLEyMgUA\" \/><input type=\"hidden\" name=\"postContent_0\" value=\"pVfLbtvIEt3PVxRygUECyJIox\/FjPAakKyd+xE4w8gNzN4Om2ST7imwKzWY0V6v8wwXuajDeGJhZTjZZaUfnR\/Ilc6opSrJl38xjYYuP7uqqU+dUFXdHe7u5NZmO9vaVltQtcqm00IE0ubSTQkeUKkuB1HQhjW\/kVYzLQOb09T+2Op3ON6fCqkyLJM8mSiQqtyp3S861lSYyhQ5yt7L9DT09HZw\/I6WdtSMRG\/x02u02+Srni03Ks7GSeG0okrlMEpgSoU2Us9gtQmF8qSw7BbsUKHn3IW9c8jJSviV4ihMRE94huNzCLK9VKZ3FUsDJWBQ5DWxhbSSMpUlBucT2JvWd\/cWWd1lK6006KhLlXPaaeB0VuYXz3nM+ZnAVj8sbnyGgA5EkC2O7rRnKu63R3le7QF2mexeZdj73X\/XWvpMRcKTTzATjcmqslakPAHdbWDffM7Ox5BR+TcqJU180tbPqw+y+8xyRjIxKqkw06UQoF9PjW5YAW4JxvrxBAyVTqeGnaZLnNWiz\/fzF9mJXg\/Gx0oUh6a0RUS7gaELnLxp0vok\/b90l+dzbaJAtbyJmAXntnTlf+Oo8Nvc92zflxzDUjM07aYTOLQ7C3SIWWsTLQTbI25zZclxfQJiDhVdxeRPaPCyn4KuhnjQ6Fiag13xKIg1HmgwlvTF2DJbRU2x\/5jzvJvJHJySmBcLESisC++8ikjowCoSao3E\/hn8VeXljJ474zOhFFGCUI24qluPZXKSswch4GxxN42GGO+gB+hnW7uc2ZtY40RrIqEG9pEDiCAEbesPpyejz+\/9S+RM45CS3pLB3oNmR1KJBJ0Wuhqx\/JMmXUQJT0kp6LXMnNiZnYd0hDhsL68PqUBqMjOA4GfsVf9zq\/hHd\/jaSw+p\/+YvKbq+TgsrpAy5xaUKdadBY5JTjndCRNAAS\/jhjY5nwaa\/L6dUQ63kJ6oerSQeKi5afKOlLjXtRhLw3z3EdC9\/J+G6ivHaFPDNyk0uD\/pJwDqRKfFzpBl1kyTCPs6sYwRZIyPwV9Suw4ixcUtSxMlexj4oK1\/BQlNeSvA6U9by92aEluyeZtiJyPr1kDEW0Q9srumnUnj0qGPI2lnnlbS+rJLhbT\/OUcwhWU0+ZCO+xb0WajxfPVbzul9JVuFZXDEDAJXBeMDYbnfUHVi5B1AdmaHZ8OwfJ26pBqhF0VF+8X5+9b\/6F6lOj8BCqR0IPBR0nqBEI+OJ0rRd0G\/TKFOX1ODN2h\/bhqaQe5ANmplJx\/WfQpbVo23SpEpSa9G\/WE2\/rYRcbIKZhda29NdlE5q61npRTzcrjBBkgX\/VmKHgIdnAfqtiS0myPLzNfsBwNfZdBwJa6KIdScHKedg\/73Wd1L7s4GLQOuHTxTU8lwayU3E\/nShIqHbvh4z5PHxfmqcQYM0FygSs6J6qXpomMESAYxQE+unP+4vD\/jDbjwvA7NRd3gt5w9wAKCiic5o5wKfv8\/uc\/MGF9fv\/TbLqqnW\/SvgYB6dPPKv10LYcN6vowb0SMwaf836ScBiiipoBoymki\/5MKTWfi0\/Ww\/Dgy5RQKkXGKinlWmKhwLcNHuzy+\/ZDcfih\/aaASQ\/F48j32CDNfflz4eHD7Yeh6TxZkJsuplxUJGo9CPK73gA\/fZ5NI2BoUzrERYMs8tlfwQfOrIo2kz\/3BVvNYRfmq86hYu8Js+UHOzSKV0BGQ4u6lQwfuLBn3cI9kIv2qH0SyGiAZsy73RS0L5ERFUAkbnvk4q3mYStEH6FKEoVwCu+\/G1qrD0dssUROOhc1gfvgVRo8VBtoxVIqcjAW6FrpTggEbYj6BjWwUciureldzVb50CW3RMEtTBxdY0kVbi8uPRkXVwDy3skJT9g3JwyKUMvZveablId+iCcIiuh11OmBBKBP92NQP9\/7ElK6ROKd9PA3RVqPayhcpzWN7ihH2nZtduRB5TJP626RJhylx1camM3S++zJHl3dZ4+GgpzLkMlSyqir7C3kHAlXUbUEK\/xTITbpkyhhZw+XXk6KK3FCBzTWCvQwhwG3mHubYiozH5UfsqpHEIhR+N8+E5U2ytusbau19lXBVnQ0nrAXtOl\/A3sxrhkX0GDxzCTrhGJTXwGSxG5ahf0exGYUfKJMJfGdBATEOuSpfXN+PMeauEgkITMYcd4W5j81FNVgxznXdmsBZh5a3vd3Gj1NgHSr+vnCsqwb8vZZCiZXFmh6niAaJHUJvi8zVqXYJY\/uz2sEToEFz40ectxyNEuLmSbAa7AJ5NZxh8wil8xGUXB1O52kkqo\/hWXKY1tw4pQZjRpj1H2G7WQnjDErMmOajEcbTlPA1cofoK4nCtxShMPPgN\/voXRCdWXboPk0GI3xXSLDEsjDKqUUiVtvd4eBlr0eySRfzYwYWoFTjxbLlN8s1qV7LPK2+DQZOu2NlbAXWfBCYLz385w71Xg4u+\/vr6yfn+3MPet3THerve218FLY71N5An0Sv3KKt7XW+qhcCRrp0pCf+hklYsgwFk2MWrXa6wwMVweWGQ4eXIIgC7GcVoNRjY0BuQNU1jisY13o+1GFmUlefnOQCOuZZcWgfmBwEAfjw2yextaOdVms8HjdddVgDaGs6L5qBbK3OyD8oOP7jejO26ROyTGT77ZMffPSl4ZO9v2xqtyUqx34H\" \/> \t\t<a href=\"https:\/\/www.pdf24.org\" target=\"_blank\" title=\"www.pdf24.org\" rel=\"nofollow\"><img src=\"https:\/\/www.hohenlohe-ungefiltert.de\/wp-content\/plugins\/pdf24-post-to-pdf\/img\/pdf_32x32.png\" alt=\"\" border=\"0\" height=\"32\" \/><\/a> \t\t<span class=\"pdf24Plugin-cp-space\">&nbsp;&nbsp;<\/span> \t\t<span class=\"pdf24Plugin-cp-text\">Sende Artikel als PDF<\/span> \t\t<span class=\"pdf24Plugin-cp-space\">&nbsp;&nbsp;<\/span> \t\t<input class=\"pdf24Plugin-cp-input\" style=\"margin: 0px;\" type=\"text\" name=\"sendEmailTo\" placeholder=\"Emailadresse\" \/> \t\t<input class=\"pdf24Plugin-cp-submit\" style=\"margin: 0px;\" type=\"submit\" value=\"Senden\" \/> \t<\/form> <\/div>","protected":false},"excerpt":{"rendered":"<p>Eine Auseinandersetzung mit den Verbrechen des &#8222;Nationalsozialistischen Untergrunds&#8220; (NSU) in den Jahren 2000 bis 2007 sowie der gesellschaftlichen Aufarbeitung und die Aufarbeitung der Verbrechen gibt es in einer Ausstellung im Theaterhaus Stuttgart zu sehen. Die Ausstellung vom 3. Juli bis 1. August 2014 in Schw\u00e4bisch Hall zu sehen. Von der DGB-Region Nordw\u00fcrttemberg Ausstellungstermine in der [&hellip;]<\/p>\n","protected":false},"author":1,"featured_media":0,"comment_status":"open","ping_status":"open","sticky":false,"template":"","format":"standard","meta":[],"categories":[1,10,6,2,5,3],"tags":[],"_links":{"self":[{"href":"https:\/\/www.hohenlohe-ungefiltert.de\/index.php?rest_route=\/wp\/v2\/posts\/17678"}],"collection":[{"href":"https:\/\/www.hohenlohe-ungefiltert.de\/index.php?rest_route=\/wp\/v2\/posts"}],"about":[{"href":"https:\/\/www.hohenlohe-ungefiltert.de\/index.php?rest_route=\/wp\/v2\/types\/post"}],"author":[{"embeddable":true,"href":"https:\/\/www.hohenlohe-ungefiltert.de\/index.php?rest_route=\/wp\/v2\/users\/1"}],"replies":[{"embeddable":true,"href":"https:\/\/www.hohenlohe-ungefiltert.de\/index.php?rest_route=%2Fwp%2Fv2%2Fcomments&post=17678"}],"version-history":[{"count":4,"href":"https:\/\/www.hohenlohe-ungefiltert.de\/index.php?rest_route=\/wp\/v2\/posts\/17678\/revisions"}],"predecessor-version":[{"id":17702,"href":"https:\/\/www.hohenlohe-ungefiltert.de\/index.php?rest_route=\/wp\/v2\/posts\/17678\/revisions\/17702"}],"wp:attachment":[{"href":"https:\/\/www.hohenlohe-ungefiltert.de\/index.php?rest_route=%2Fwp%2Fv2%2Fmedia&parent=17678"}],"wp:term":[{"taxonomy":"category","embeddable":true,"href":"https:\/\/www.hohenlohe-ungefiltert.de\/index.php?rest_route=%2Fwp%2Fv2%2Fcategories&post=17678"},{"taxonomy":"post_tag","embeddable":true,"href":"https:\/\/www.hohenlohe-ungefiltert.de\/index.php?rest_route=%2Fwp%2Fv2%2Ftags&post=17678"}],"curies":[{"name":"wp","href":"https:\/\/api.w.org\/{rel}","templated":true}]}}