{"id":17665,"date":"2014-04-23T13:32:59","date_gmt":"2014-04-23T12:32:59","guid":{"rendered":"http:\/\/www.hohenlohe-ungefiltert.de\/?p=17665"},"modified":"2014-04-23T13:32:59","modified_gmt":"2014-04-23T12:32:59","slug":"gegen-ein-gesetzliches-schwarz-rotes-streikverbot-kritik-auf-der-internetseite-www-politischer-streik-de","status":"publish","type":"post","link":"https:\/\/www.hohenlohe-ungefiltert.de\/?p=17665","title":{"rendered":"&#8222;Gegen ein gesetzliches schwarz-rotes Streikverbot&#8220; \u2013 Kritik auf der Internetseite www.politischer-streik.de"},"content":{"rendered":"<p><strong>Die Internetseite www.politischer-streik.de m\u00f6chte zum 1. Mai 2014 auf vier Punkte aufmerksam machen.<\/strong><\/p>\n<p><em>Von der Internetseite<\/em> <a href=\"http:\/\/www.politischer-streik.de\" target=\"_blank\">www.politischer-streik.de<\/a><\/p>\n<p><strong>Andrea Nahles an der Spitze<\/strong><\/p>\n<p>Die gro\u00dfe Koalition aus CDU\/CSU und SPD an der Spitze Arbeitsministerin Andrea Nahles (SPD) arbeitet zur Zeit mit Hochdruck mit Hilfe einer \u201eArbeitsgruppe\u201c an einem gesetzlichen \u201eschwarz-rotem Streikverbot\u201c.<\/p>\n<p><strong>Haltung der DGB-Gewerkschaftsspitzen ist zur Zeit (noch) besch\u00e4mend<\/strong><\/p>\n<p>Was noch im Koalitionsvertrag und auch weiter in den aktuellen \u00f6ffentlichen Verlautbarungen irrf\u00fchrend und ablenkend als \u201eTarifeinheit\u201c bezeichnet wird, ist h\u00f6chst gef\u00e4hrlich. Zum ersten Mal wird eine Bundesregierung eine st\u00e4ndige Forderung von Arbeitgeberverb\u00e4nden gesetzlich umzusetzen wollen. Die Haltung der DGB-Gewerkschaftsspitzen hierzu ist zur Zeit (noch) besch\u00e4mend.<\/p>\n<p><strong>Vor allem bei verdi gibt es Widerstand<\/strong><\/p>\n<p>In den Untergliederungen der Gewerkschaften, insbesondere bei ver.di, gibt es Widerstand, der aber unbedingt verst\u00e4rkt werden muss. Wir m\u00f6chten Euch auf einen bemerkenswerten Artikel von Detlef Hensche aufmerksam machen, der die wesentlichen politischen und gewerkschaftspolitischen Gefahren eines gesetzlichen Streikverbotes (\u201eTarifeinheit\u201c) herausgearbeitet hat. Dieser Artikel, ist unten als Link beigef\u00fcgt. Er sollte unbedingt gelesen (und verbreitet) werden, um sich mit den Knackpunkten und Argumenten vertraut zu machen. Gerade beim anstehenden 1. Mai sollte der Widerstand und die Diskussion um diesen neuerlichen Angriff auf unser Streikrecht organisiert werden.<\/p>\n<p><strong>Der Link zum Artikel von Hensche:<\/strong><\/p>\n<p><a href=\"https:\/\/www.blaetter.de\/archiv\/jahrgaenge\/2014\/januar\/schwarz-rotes-streikverbot\" target=\"_blank\">https:\/\/www.blaetter.de\/archiv\/jahrgaenge\/2014\/januar\/schwarz-rotes-streikverbot<\/a><\/p>\n<p><strong>Weitere Informationen und Kontakt:<\/strong><\/p>\n<p><a href=\"http:\/\/www.politischer-streik.de\" target=\"_blank\">www.politischer-streik.de<\/a><\/p>\n<div class=\"pdf24Plugin-cp\"> \t<form name=\"pdf24Form0\" method=\"post\" action=\"https:\/\/doc2pdf.pdf24.org\/wordpress.php\" target=\"pdf24PopWin\" onsubmit=\"var pdf24Win = window.open('about:blank', 'pdf24PopWin', 'resizable=yes,scrollbars=yes,width=600,height=250,left='+(screen.width\/2-300)+',top='+(screen.height\/3-125)+''); pdf24Win.focus(); if(typeof pdf24OnCreatePDF === 'function'){void(pdf24OnCreatePDF(this,pdf24Win));}\"> \t\t<input type=\"hidden\" name=\"blogCharset\" value=\"Cw1x07UAAA==\" \/><input type=\"hidden\" name=\"blogPosts\" value=\"MwQA\" \/><input type=\"hidden\" name=\"blogUrl\" value=\"yygpKSi20tcvLy\/Xy8jPSM3LARK6pXnpqWmZOSWpRSV6KakA\" \/><input type=\"hidden\" name=\"blogName\" value=\"88jPSM3LARK6pXnpqWmZOSWpRSUA\" \/><input type=\"hidden\" name=\"blogValueEncoding\" value=\"gzdeflate base64\" \/><input type=\"hidden\" name=\"postId_0\" value=\"MzQ3MzMFAA==\" \/><input type=\"hidden\" name=\"postTitle_0\" value=\"HYxBCsJAEAS\/0iDkliB7EvKAEDz6gpi0yZCwKzOjCzn5B3\/oS1w9FlRVdTiFENqOMyMoETONvm8yLjTYuORB91qTF7q4UtYn9Zq8+nXHFp\/XG2cVlxXD44aJij46NdKN4kTOubmnrRhlRq3tP2kmfgE=\" \/><input type=\"hidden\" name=\"postLink_0\" value=\"yygpKSi20tcvLy\/Xy8jPSM3LARK6pXnpqWmZOSWpRSV6Kan69gW2huZmZqYA\" \/><input type=\"hidden\" name=\"postAuthor_0\" value=\"S0zJzcwDAA==\" \/><input type=\"hidden\" name=\"postDateTime_0\" value=\"MzIwNNE1MNE1MlYwNLYyMLEytQQA\" \/><input type=\"hidden\" name=\"postContent_0\" value=\"rVXBbhs3EL33KwY+2YCtbYqeAsWAE6V24LYI4NoGciko7SyX3V2uMCQtQKd8SJFe\/A055aY\/yZf0DXcdyZWD9JCDYXFJzrx573Fmujydhii9t6czx\/TGRxbPMbCLTKvVarLsWxddWNQsJzjIrpmUTN3m46LGiXXq6NmEfjOOfvrx2c9kUkV3joXeJt9gH+uOpQmmo84ghp9MizHdtFie\/jBFeu5Ob3pPJW49Sj8tsENTQ7Vw9eKgjnH5vCi+iumAohHL8cXBn\/PW+Obg9KtHp4XZph\/hnPlS2NDvpm45kBnwXC1dXPMeZGXKSr\/5h+myN5oA+E0K9Gp2Xby6uqbkS7p6O3schs5kjrpC57wLqNN5epz0EFeOyORTHMGt0Dv8pA5\/F\/2iLiUtmmHl2oqJnUfwz+8\/jIGtpOWSP7\/\/W\/PqZkeWA8d165R6PQkiVkbWJ9JH7F5lQu5Y5n3Etcl\/ObkwbUze5hpm5y9PznmlYi5qU8UQclGeUMsW6qEHziOaMw5t7jv25R55tyaQniLXbdkLABHF2MycSdhdKQlCThkEuU1M3Lb4tflYVezjWNINS2tSnBsBTgUjUm0+wTAIk0PNcafRlWmDEvCHEVeBmxrhlak5rxmh4DlaOSmPczm1uhv\/LVeb+1o014TeweosEM7D7m0+nUmml0jEQdjC98pW\/hji5t6XzjL90ks5bNzBJYNUlucsyrseQsCtTJS6ddIFvq56rXhCarf\/JUUNBOv0LUX2ZL7pBfS0MASwEWCVjqybR4Inb12pRZsnhHwzSHOtb9a2jocqebD8Lj72oNUHQOhRrfBDmknpjp9IdJwDGDAECedcOm+jHldKpYFOAIgsXQphgmvy0Iw8vVbjaAtSCTzSaO9hH3BDt88kuobbrMOMY8sVXWAXRtrvUwOIEsyvoM0Xv23bic\/+srsy7G6ec2XUhhlKePwOd5+dPvt9Wx4R+hUaiuUv3aA2MTshANZYyGDW5LU2tfevzjfKrdr2k8Xx10IBHkIf3hJpudWC6FDhKwbJ8Y9GWo9hQApqRO0zyvOlN4tmmdv5UPOZ2AQf6XJ4tUnt9tDfUbmYMmvcoQ\/hveCrxhnHxAhI2d1KnuMq2TMXGuiq\/RQ4Spehek4sI3dn3oKpKqucvJIxsCkMC1Av1qC54hk82GTP7DNcyUTp6Np1xGiF5\/sDancChXEEYcRwjOphLowsandX\/AXBrWE8gUJnIdY+GSl2W24YZ9Cg\/f7E+t4Znhp0t7mx6qiveumMdt9R2MveRzTabzDwvWfwvw==\" \/> \t\t<a href=\"https:\/\/www.pdf24.org\" target=\"_blank\" title=\"www.pdf24.org\" rel=\"nofollow\"><img src=\"https:\/\/www.hohenlohe-ungefiltert.de\/wp-content\/plugins\/pdf24-post-to-pdf\/img\/pdf_32x32.png\" alt=\"\" border=\"0\" height=\"32\" \/><\/a> \t\t<span class=\"pdf24Plugin-cp-space\">&nbsp;&nbsp;<\/span> \t\t<span class=\"pdf24Plugin-cp-text\">Sende Artikel als PDF<\/span> \t\t<span class=\"pdf24Plugin-cp-space\">&nbsp;&nbsp;<\/span> \t\t<input class=\"pdf24Plugin-cp-input\" style=\"margin: 0px;\" type=\"text\" name=\"sendEmailTo\" placeholder=\"Emailadresse\" \/> \t\t<input class=\"pdf24Plugin-cp-submit\" style=\"margin: 0px;\" type=\"submit\" value=\"Senden\" \/> \t<\/form> <\/div>","protected":false},"excerpt":{"rendered":"<p>Die Internetseite www.politischer-streik.de m\u00f6chte zum 1. Mai 2014 auf vier Punkte aufmerksam machen. Von der Internetseite www.politischer-streik.de Andrea Nahles an der Spitze Die gro\u00dfe Koalition aus CDU\/CSU und SPD an der Spitze Arbeitsministerin Andrea Nahles (SPD) arbeitet zur Zeit mit Hochdruck mit Hilfe einer \u201eArbeitsgruppe\u201c an einem gesetzlichen \u201eschwarz-rotem Streikverbot\u201c. Haltung der DGB-Gewerkschaftsspitzen ist zur [&hellip;]<\/p>\n","protected":false},"author":1,"featured_media":0,"comment_status":"open","ping_status":"open","sticky":false,"template":"","format":"standard","meta":[],"categories":[1,2,8,3],"tags":[],"_links":{"self":[{"href":"https:\/\/www.hohenlohe-ungefiltert.de\/index.php?rest_route=\/wp\/v2\/posts\/17665"}],"collection":[{"href":"https:\/\/www.hohenlohe-ungefiltert.de\/index.php?rest_route=\/wp\/v2\/posts"}],"about":[{"href":"https:\/\/www.hohenlohe-ungefiltert.de\/index.php?rest_route=\/wp\/v2\/types\/post"}],"author":[{"embeddable":true,"href":"https:\/\/www.hohenlohe-ungefiltert.de\/index.php?rest_route=\/wp\/v2\/users\/1"}],"replies":[{"embeddable":true,"href":"https:\/\/www.hohenlohe-ungefiltert.de\/index.php?rest_route=%2Fwp%2Fv2%2Fcomments&post=17665"}],"version-history":[{"count":2,"href":"https:\/\/www.hohenlohe-ungefiltert.de\/index.php?rest_route=\/wp\/v2\/posts\/17665\/revisions"}],"predecessor-version":[{"id":17699,"href":"https:\/\/www.hohenlohe-ungefiltert.de\/index.php?rest_route=\/wp\/v2\/posts\/17665\/revisions\/17699"}],"wp:attachment":[{"href":"https:\/\/www.hohenlohe-ungefiltert.de\/index.php?rest_route=%2Fwp%2Fv2%2Fmedia&parent=17665"}],"wp:term":[{"taxonomy":"category","embeddable":true,"href":"https:\/\/www.hohenlohe-ungefiltert.de\/index.php?rest_route=%2Fwp%2Fv2%2Fcategories&post=17665"},{"taxonomy":"post_tag","embeddable":true,"href":"https:\/\/www.hohenlohe-ungefiltert.de\/index.php?rest_route=%2Fwp%2Fv2%2Ftags&post=17665"}],"curies":[{"name":"wp","href":"https:\/\/api.w.org\/{rel}","templated":true}]}}