{"id":17618,"date":"2014-04-15T20:16:58","date_gmt":"2014-04-15T19:16:58","guid":{"rendered":"http:\/\/www.hohenlohe-ungefiltert.de\/?p=17618"},"modified":"2014-04-15T21:17:22","modified_gmt":"2014-04-15T20:17:22","slug":"jusos-crailsheim-neu-gegrundet-eigenes-programm-mit-jugendthemen-fur-die-kommunalwahl-am-25-mai-2014","status":"publish","type":"post","link":"https:\/\/www.hohenlohe-ungefiltert.de\/?p=17618","title":{"rendered":"&#8222;Jusos Crailsheim neu gegr\u00fcndet&#8220; \u2013\u00a0Eigenes Programm mit Jugendthemen f\u00fcr die Kommunalwahl am 25. Mai 2014"},"content":{"rendered":"<p><strong>Die Crailsheimer Mitglieder der Arbeitsgemeinschaft der Jungsozialistinnen und Jungsozialisten in der SPD haben vor kurzem die Orts-AG Crailsheim neu gegr\u00fcndet. Damit sind die Jusos Crailsheim die derzeit einzige Orts-AG im Kreisverband Schw\u00e4bisch Hall-Hohenlohe.<\/strong><\/p>\n<p><em>Von der Juso-AG Crailsheim<\/em><\/p>\n<p><strong>Junge Mitglieder hinzugewonnen<\/strong><\/p>\n<p>Neben der sozialdemokratischen Prominenz aus Stadt, Land und Bund war auch Markus Herrera Torrez, der Vorsitzende der Jusos Baden-W\u00fcrttemberg, anwesend. Der SPD-Ortsvereinsvorsitzende Roland Klie betonte in seiner Ansprache, wie viele neue junge Mitglieder die SPD und die Jusos seit dem letzten Jahr in Crailsheim hinzugewonnen h\u00e4tten.<\/p>\n<p><strong>Jusos sollen Markenzeichen von Crailsheim werden<\/strong><\/p>\n<p>Hermann Bachmaier, Bundestagsabgeordneter a.\u00a0D., erinnerte an seine Zeit als erster Juso-Nachkriegsvorsitzender in Crailsheim. Die SPD-Abgeordneten Annette Sawade (Bundestag) und Nik Sakellariou (Landtag) sowie Markus Herrera Torrez \u00e4u\u00dferten sich h\u00f6chst erfreut \u00fcber die Crailsheimer Neugr\u00fcndung. Schlie\u00dflich brachte Annette Sawade noch die Hoffnung zum Ausdruck, dass die Juso-AG Crailsheim schon bald ebenso ein Markenzeichen der Stadt werden m\u00f6ge wie das neue alte Autokennzeichen CR.<\/p>\n<p><strong>Jugendthemen im Kommunalwahlkampf mehr Gewicht verleihen<\/strong><\/p>\n<p>Aktuelles Ziel der Jusos Crailsheim ist es, Jugendthemen im Kommunalwahlkampf mit einem eigenen Programm ein st\u00e4rkeres Gewicht zu verleihen. Sieben Mitglieder stehen auf der Liste der SPD f\u00fcr die Gemeinderatswahl, immerhin drei kandidieren f\u00fcr den Kreistag.<\/p>\n<p><strong>Till Macher zum Vorsitzenden gew\u00e4hlt<\/strong><\/p>\n<p>\u201eWir wollen daf\u00fcr sorgen, dass trotz des demographischen Wandels in Crailsheim auch k\u00fcnftig noch Politik f\u00fcr junge Menschen gemacht wird und hoffen auf viele neue Mitglieder\u201c, so Till Macher nach der Veranstaltung, in der er zum Vorsitzenden gew\u00e4hlt wurde. Die stellvertretende Vorsitzende Esma Kavlak versprach, dass die neue AG im Kommunalwahlkampf schon bald weiter auf sich aufmerksam machen werde. Entsprechende Aktionen seien bereits geplant. Ebenfalls in den Vorstand gew\u00e4hlt wurden Dennis Arendt als Schriftf\u00fchrer sowie Ceylan Bisgin-Y\u00fcksel, Frank Hesse und Lemar Akbar als BeisitzerInnen.<\/p>\n<p><strong>Weitere Informationen \u00fcber die Crailsheimer Juso-AG und Kontaktm\u00f6glichkeiten:<\/strong><\/p>\n<p>E-Mail: jusos@spd-crailsheim.de<\/p>\n<p><strong>Internet:<\/strong><\/p>\n<p><a href=\"https:\/\/www.facebook.com\/JusosCrailsheim\" target=\"_blank\">https:\/\/www.facebook.com\/JusosCrailsheim<\/a><\/p>\n<p><a href=\"http:\/\/www.spd-crailsheim.de\/index.php?mod=content&amp;menu=102&amp;page_id=20213\" target=\"_blank\">http:\/\/www.spd-crailsheim.de\/index.php?mod=content&amp;menu=102&amp;page_id=20213<\/a><\/p>\n<div class=\"pdf24Plugin-cp\"> \t<form name=\"pdf24Form0\" method=\"post\" action=\"https:\/\/doc2pdf.pdf24.org\/wordpress.php\" target=\"pdf24PopWin\" onsubmit=\"var pdf24Win = window.open('about:blank', 'pdf24PopWin', 'resizable=yes,scrollbars=yes,width=600,height=250,left='+(screen.width\/2-300)+',top='+(screen.height\/3-125)+''); pdf24Win.focus(); if(typeof pdf24OnCreatePDF === 'function'){void(pdf24OnCreatePDF(this,pdf24Win));}\"> \t\t<input type=\"hidden\" name=\"blogCharset\" value=\"Cw1x07UAAA==\" \/><input type=\"hidden\" name=\"blogPosts\" value=\"MwQA\" \/><input type=\"hidden\" name=\"blogUrl\" value=\"yygpKSi20tcvLy\/Xy8jPSM3LARK6pXnpqWmZOSWpRSV6KakA\" \/><input type=\"hidden\" name=\"blogName\" value=\"88jPSM3LARK6pXnpqWmZOSWpRSUA\" \/><input type=\"hidden\" name=\"blogValueEncoding\" value=\"gzdeflate base64\" \/><input type=\"hidden\" name=\"postId_0\" value=\"MzQ3M7QAAA==\" \/><input type=\"hidden\" name=\"postTitle_0\" value=\"FcpNCsIwEAbQq3wgdCk1VBC6FDcVwSsMZEwGMgnkh269gxfoQbqyN\/Ek6vbxut3JGDNOraSCcyYJxbMoIjc4dnlbo+Xa\/Vc\/4vN8vZeLOI5ccM\/JZVKFSsXUfmirZ+WIx7ZmWGFck2qLFGbyAaQwxz1uJDD9YfgC\" \/><input type=\"hidden\" name=\"postLink_0\" value=\"yygpKSi20tcvLy\/Xy8jPSM3LARK6pXnpqWmZOSWpRSV6Kan69gW2huZmhhYA\" \/><input type=\"hidden\" name=\"postAuthor_0\" value=\"S0zJzcwDAA==\" \/><input type=\"hidden\" name=\"postDateTime_0\" value=\"MzIwNNE1MNE1NFUwMrAyMLEytQAA\" \/><input type=\"hidden\" name=\"postContent_0\" value=\"rVbLbtw2FN33KwgvihSYR+LunLFbv+q3a8RBjGYTUKMriRVFDkjKameVDymaLvwNWXnV+ZN8Sc+l5LHG4xZZdOHxWCLv45xzz\/VktjPxwVmT7xwoEvtOKu0LUhU5caFCrhWl+Mo\/uy4hFXxOFSnjp4XMQnx+Wpvc27mSWvmgjCEjapOuPsYzZeLp66sDUcgED26tE2Xt5lSJFKl\/dsEPd496JQhDtcgpd4t7k1IYiQNZqSC8QnS+cVp76\/vn+SFyzFGmQI1zlT+GxeszR8rfkkskAlxPi2Zxlyg0Io6l1sNjW5DR+BhNxh0ik\/Fs55sJEKJq5501XbferpY5GeP18mh3lbunPoIF6qlzaiwDtJbhkhgRPtdCllJlSycDl4cXV85WCvfmQtZeXAeZhoE45zYY6T3+aKTDSzRzIV2JQ8fkHDkp3lr8ng9i7HfWeRXmBDSXvXixJ1Myw5vFvQuBqoRcPhDSNORxDpi3nA0ZR2DH1N\/2wryxmss4Q5cioWBNIGba4xxLxviZk2hhIBocuFWkiVkl8etTfJg71ka9Qq5nKgGG0BTmrKJTWThO0GN9BVlRLO7QhhmtExLjWa1xiDECmqQiurd2JV5DLn2GIgBaSWMA17SopCI3iMCTDzL3MsnJutRQQCty9PdfB6OBIMfT4ICI7BAR77kfqT3e+fCgpktELJ2ivI\/sky5BRAvQcPcxlQHA+I0E17IBi+LFsqLvIpCXqsSrkrSWTtlavGDNxLfeMiHPakUs7urFJ64bVQMhQPp5WniMlMsc1UEs7pOOsBW7uKS6HVVQO+L5ArOLT5ojJCwClPmkXGPxjuMc2ywzuCbmdSV2a5+6elpCs9L7pRieeAMGA7QlGBXBs+MtT\/wTYqPf8LB0nIpq8Rmq484RuhWi1FxXHSzuLS\/uv3lGPzloCQXcz0QzsVVVG6kbWehSVrNMVARpHlGDEEFgVDSp4hkd7ZahBiHkxXuMQ28Oe80pRtsPxFckba0OE0JwO9N6Re5kVUU8fFjcARGHbA+VzevH4kCTis7TG0TokiGQdRZrO2f3Xjp3BpeIjBzFLYDHMniuZoDyIIKCXR4mIUoITeGgQ6j2Er5EA4b81sB9q7QGd8DeRQn0jMpgA8CoCx3WkPzy8c8b5UTTznQqYx5vHXDotIPzYY7Unj2EYZkVnaPeoD7CHK5aSTTQEhrOgspbeV5ZrQLGKAbvXItMGwSrkHUNQbnWiQvouMOu53WP4H75+McAFYp+v0byELA7A0wDeHRAlsHDvvwvRERTQ9atNYAlrUFscGwMGK6+2R\/6SoozeatlyeS3ptybr1hmtyTXJNabtAb2xQaH\/qIz4AtIL72sBCOB0uKgjcShCUhC\/AjpIXllWZswQXwmvEaCRxszLA\/s9UNIMMMO9m3TJtYeeK+sdmqwjYxRHv+K8FhEI4XPOJUF0FO4uD55uvfpd0QWe8rnygx\/WdyXniDRnwBwCbfzniJd5+APS6pMeHci1h7kyZC5E14layq9id2TODGZxS7oevoXN3ywLM5zhrUoy8Duw3ZYchyztabnw+EFAmxBZbCDH\/0sHU4f\/T+lp+WcYNc6+Ol6oIkUACPb3ihCmPmt8bhpmlEmp5RYW46mthpHx3msd0MEibEJ2xsfEgBXbux87c3JWD6ftru71sWYXeO30ayY\/VDZdHvK\/zGY8C2U9homV2+\/erkZ\/5jJnD6odHvz5ear75+v739NsWzkHw==\" \/> \t\t<a href=\"https:\/\/www.pdf24.org\" target=\"_blank\" title=\"www.pdf24.org\" rel=\"nofollow\"><img src=\"https:\/\/www.hohenlohe-ungefiltert.de\/wp-content\/plugins\/pdf24-post-to-pdf\/img\/pdf_32x32.png\" alt=\"\" border=\"0\" height=\"32\" \/><\/a> \t\t<span class=\"pdf24Plugin-cp-space\">&nbsp;&nbsp;<\/span> \t\t<span class=\"pdf24Plugin-cp-text\">Sende Artikel als PDF<\/span> \t\t<span class=\"pdf24Plugin-cp-space\">&nbsp;&nbsp;<\/span> \t\t<input class=\"pdf24Plugin-cp-input\" style=\"margin: 0px;\" type=\"text\" name=\"sendEmailTo\" placeholder=\"Emailadresse\" \/> \t\t<input class=\"pdf24Plugin-cp-submit\" style=\"margin: 0px;\" type=\"submit\" value=\"Senden\" \/> \t<\/form> <\/div>","protected":false},"excerpt":{"rendered":"<p>Die Crailsheimer Mitglieder der Arbeitsgemeinschaft der Jungsozialistinnen und Jungsozialisten in der SPD haben vor kurzem die Orts-AG Crailsheim neu gegr\u00fcndet. Damit sind die Jusos Crailsheim die derzeit einzige Orts-AG im Kreisverband Schw\u00e4bisch Hall-Hohenlohe. Von der Juso-AG Crailsheim Junge Mitglieder hinzugewonnen Neben der sozialdemokratischen Prominenz aus Stadt, Land und Bund war auch Markus Herrera Torrez, der [&hellip;]<\/p>\n","protected":false},"author":1,"featured_media":0,"comment_status":"open","ping_status":"open","sticky":false,"template":"","format":"standard","meta":[],"categories":[1,10,2,8,5,7],"tags":[],"_links":{"self":[{"href":"https:\/\/www.hohenlohe-ungefiltert.de\/index.php?rest_route=\/wp\/v2\/posts\/17618"}],"collection":[{"href":"https:\/\/www.hohenlohe-ungefiltert.de\/index.php?rest_route=\/wp\/v2\/posts"}],"about":[{"href":"https:\/\/www.hohenlohe-ungefiltert.de\/index.php?rest_route=\/wp\/v2\/types\/post"}],"author":[{"embeddable":true,"href":"https:\/\/www.hohenlohe-ungefiltert.de\/index.php?rest_route=\/wp\/v2\/users\/1"}],"replies":[{"embeddable":true,"href":"https:\/\/www.hohenlohe-ungefiltert.de\/index.php?rest_route=%2Fwp%2Fv2%2Fcomments&post=17618"}],"version-history":[{"count":3,"href":"https:\/\/www.hohenlohe-ungefiltert.de\/index.php?rest_route=\/wp\/v2\/posts\/17618\/revisions"}],"predecessor-version":[{"id":17643,"href":"https:\/\/www.hohenlohe-ungefiltert.de\/index.php?rest_route=\/wp\/v2\/posts\/17618\/revisions\/17643"}],"wp:attachment":[{"href":"https:\/\/www.hohenlohe-ungefiltert.de\/index.php?rest_route=%2Fwp%2Fv2%2Fmedia&parent=17618"}],"wp:term":[{"taxonomy":"category","embeddable":true,"href":"https:\/\/www.hohenlohe-ungefiltert.de\/index.php?rest_route=%2Fwp%2Fv2%2Fcategories&post=17618"},{"taxonomy":"post_tag","embeddable":true,"href":"https:\/\/www.hohenlohe-ungefiltert.de\/index.php?rest_route=%2Fwp%2Fv2%2Ftags&post=17618"}],"curies":[{"name":"wp","href":"https:\/\/api.w.org\/{rel}","templated":true}]}}