{"id":17603,"date":"2014-04-15T20:41:53","date_gmt":"2014-04-15T19:41:53","guid":{"rendered":"http:\/\/www.hohenlohe-ungefiltert.de\/?p=17603"},"modified":"2014-04-15T21:42:04","modified_gmt":"2014-04-15T20:42:04","slug":"jochen-durr-und-martin-hulsmann-bleiben-vorsitzende-wahlen-bei-der-gewerkschaft-verdi-in-schwabisch-hall","status":"publish","type":"post","link":"https:\/\/www.hohenlohe-ungefiltert.de\/?p=17603","title":{"rendered":"&#8222;Jochen D\u00fcrr und Martin H\u00fclsmann bleiben Vorsitzende&#8220; \u2013\u00a0Wahlen bei der Gewerkschaft Verdi in Schw\u00e4bisch Hall"},"content":{"rendered":"<p><strong>Im Rahmen der Organisationswahlen der Gewerkschaft Ver.di fand vor kurzem die Mitgliederversammlung in der Rose in Schw\u00e4bisch Hall statt. Der Vorsitzende Jochen D\u00fcrr und sein Stellvertreter Martin H\u00fclsmann wurden einstimmig wiedergew\u00e4hlt.<\/strong><\/p>\n<p><em>Zugesandt von Jochen D\u00fcrr, Schw\u00e4bisch Hall<\/em><\/p>\n<p><strong>Acht Posten wurden besetzt<\/strong><\/p>\n<p><em><\/em>Die Neuwahlen ergaben folgende einstimmige Ergebnisse: Jochen D\u00fcrr (Sonnenhof e.V. Schw\u00e4bisch Hall) wurde als Vorsitzender und Martin H\u00fclsmann (Stadtwerke Schw\u00e4bisch Hall) als sein Stellvertreter in ihren \u00c4mtern best\u00e4tigt. Zu weiteren Mitgliedern wurden Caterina Winkhaus\/Doro Braun-Zeuner (beide vom Haller Sonnenhof), Armin Hinderer (Stadtbus Schw\u00e4bisch Hall), Peter Mayer (DDL-Diak Schw\u00e4bisch Hall), Jolanta Gebicki (Facility Management \u2013 BSH Gruppe) und Paul Michel (T-Sytems) gew\u00e4hlt.<\/p>\n<p><strong>Leiharbeit einschr\u00e4nken und verteuern<\/strong><\/p>\n<p>Neben dem inhaltlichen R\u00fcckblick auf die letzten vier Jahren wurden zwei Antr\u00e4ge an die Konferenz des Ver.di Bezirkes Heilbronn-Neckar-Franken am 11. Oktober 2014 in Heilbronn diskutiert und verabschiedet: Der erste Antrag besch\u00e4ftigt sich mit \u00c4nderungen des Arbeitnehmer\u00fcberlassungsgesetzes zur Einschr\u00e4nkung und Verteuerung der Leiharbeit beziehungsweise der vollen Mitbestimmung der Interessensvertretung bei Werkvertr\u00e4gen.<\/p>\n<p><strong>Ladenschlussgesetz wieder einf\u00fchren<\/strong><\/p>\n<p>Der zweite Antrag fordert die Wiedereinf\u00fchrung eines Ladenschlussgesetzes in Baden-W\u00fcrttemberg, das 2005 im L\u00e4ndle abgeschafft wurde und zu einer Ausuferung der Laden\u00f6ffungszeiten beziehungsweise zum massiven Ausbau von prek\u00e4rer Besch\u00e4ftigung bei den Minijobs im Einzelhandel f\u00fchrte. Ziel der Antr\u00e4ge ist es, den Abgeordneten im baden-w\u00fcrttembergischen Landtag und dem Bundestag konkrete Gesetzesvorhaben vorzuschlagen, die aus Sicht der Dienstleistungsgewerkschaft Ver.di notwendig erscheinen.<\/p>\n<p><strong>Weitere Informationen und Kontakt:<\/strong><\/p>\n<p><a href=\"http:\/\/heilbronn.verdi.de\/\" target=\"_blank\">http:\/\/heilbronn.verdi.de\/<\/a><\/p>\n<p><a href=\"http:\/\/www.verdi.de\/\" target=\"_blank\">http:\/\/www.verdi.de\/<\/a><\/p>\n<div class=\"pdf24Plugin-cp\"> \t<form name=\"pdf24Form0\" method=\"post\" action=\"https:\/\/doc2pdf.pdf24.org\/wordpress.php\" target=\"pdf24PopWin\" onsubmit=\"var pdf24Win = window.open('about:blank', 'pdf24PopWin', 'resizable=yes,scrollbars=yes,width=600,height=250,left='+(screen.width\/2-300)+',top='+(screen.height\/3-125)+''); pdf24Win.focus(); if(typeof pdf24OnCreatePDF === 'function'){void(pdf24OnCreatePDF(this,pdf24Win));}\"> \t\t<input type=\"hidden\" name=\"blogCharset\" value=\"Cw1x07UAAA==\" \/><input type=\"hidden\" name=\"blogPosts\" value=\"MwQA\" \/><input type=\"hidden\" name=\"blogUrl\" value=\"yygpKSi20tcvLy\/Xy8jPSM3LARK6pXnpqWmZOSWpRSV6KakA\" \/><input type=\"hidden\" name=\"blogName\" value=\"88jPSM3LARK6pXnpqWmZOSWpRSUA\" \/><input type=\"hidden\" name=\"blogValueEncoding\" value=\"gzdeflate base64\" \/><input type=\"hidden\" name=\"postId_0\" value=\"MzQ3MzAGAA==\" \/><input type=\"hidden\" name=\"postTitle_0\" value=\"U1O2MDIysvbKT85IzVNwObynqEihNC9FwTexqCQzT8Hj8J6c4tzEvDyFpJzUzCSgkrD8ouLMkqrUvJRUNZBeA2uFRw2TDy0IT8zIAUonpWYqpKQWKbinlqcWZRcnZySmlSiEpRalZCoAjQtOzig\/vCQpEyiu4JGYkwMA\" \/><input type=\"hidden\" name=\"postLink_0\" value=\"yygpKSi20tcvLy\/Xy8jPSM3LARK6pXnpqWmZOSWpRSV6Kan69gW2huZmBsYA\" \/><input type=\"hidden\" name=\"postAuthor_0\" value=\"S0zJzcwDAA==\" \/><input type=\"hidden\" name=\"postDateTime_0\" value=\"MzIwNNE1MNE1NFUwMrAyMLEyNQYA\" \/><input type=\"hidden\" name=\"postContent_0\" value=\"jVVLTiRHEN37FCFWIPVnsOwN6kGi3TPDYIZBYIHExsrqiqpKV1ZWKz+0qNUs5ga+Amfwil3dxCfxi+wPoGYkr7o6MyMy4r0XLyeL44kPrrXl8eeGrlTVsKWcHX11pbLaq6Bb65eqMuv1T7xkV\/t5pYpAN+xGuaZC2ZzuW0d1dB03lGumLzqURjNC7tl51TQm2pL0KslV61m+r+fVsn\/MNNLRqTKGfFAhjGiGMzet8zp0bHOms3Ze4f5Z\/+QcRVzmWaIDG4PswXFAwBflAlZP+yfjG2UtLaPLEYWjPuim0SUtU0El49LKhNFkvG59Ml4c\/zQBFNwc38WSPRoK6Mi+unmwU+9kjIBt8DrZybwKdNn6wNsSMvYcuvDmfSnHDIhdcFzjjBJVht+iNWXq\/7kFpg+oPwMzno9e47J\/3VrLtmoL4tHNaKfYg1U1pIx\/Ce4K0B3w9q+DyoNwzW9kkhxvcYAVXTmU1H9v8D91HvrHoEuwehdpyRrL2H+Wxxak3xS2tFV0q21dqejHs9a1NHUq2uEdR4v8+xlrtHDfNqkQrGybPhjQiWukBy1dyeHUQhb9bgMDulxr5kEOzmbnw5lW9VsHz1qjbFAQfqbntab9j2qujQ4PCLaqZAxMoH+\/\/U3T61P65OJiwQcJ0ksVDfoEQ4b2\/xhePwRu\/AG9UN9r3ZyzrpRDgyHxPa9c\/2hrACPJBGKOQGtHQxecpdFsAH6lTDA6aeKqf5rXGf7UpGKRRtKIBrF1r9HzmUo8rbHvQAyd2IArITFl0\/nfW1sIWR2y+82sT7nT0ISnU9YmQyV2eMHzWrnhR6dSuaqhw8MRfa1Dm+Gin98d\/iK62J5Hbl\/HgCLCpjWVoV1RQzhKsw\/HCJzqUaVIaF71j4WIiDy6owYQ9d+FZXhKat6De0HOMgzM9U+42Cjvse3LNHs40UVHH56BFTuS62\/WyMp\/mYYXNGTolStJAnjgWLJ93xqz0q9IGzO5iftsRdkYS+vX8yA7yEO3GKK0JODaXd4VGEBVJvp1sWufEhkU\/ZPwtMO6oNSladrAVLRgEpAKc7cpfhMudeAbEOxehUVwM5X14S1sJECkAK8cUK48uHv3K+mGzgFYbiCMrORk\/fD+lZkIgl1M6R2dRB+LF0hK1v6fohAEO6nV7kDaxYYaMKXvsYn4TMXkuwvHdf8oUzx9pn8DaJ4IsPqvNvNSHljt2FQwbYxaajkw7Ebjn9Sx1bX2GC0\/SPEnaAWIWZaqkCNLECxfQCAmgL1zeQvUSisyZVN8gHms1K2txfZgDSso8QRWybjx0UXBGf5gB4kSJTak5WmQkuD3cHQDCMJKo7uPqm3hvjbHq4VpQCVAeFc7tys\/hfhAf5Me67VhYHiDqsPR7pujCIoq3u9VISyOxuNqM5cjaDTXo5zHexQUXpnwfu\/PDOZX7x3\/+OxkrH6Yerlc\/o+kr05t0\/0H\" \/> \t\t<a href=\"https:\/\/www.pdf24.org\" target=\"_blank\" title=\"www.pdf24.org\" rel=\"nofollow\"><img src=\"https:\/\/www.hohenlohe-ungefiltert.de\/wp-content\/plugins\/pdf24-post-to-pdf\/img\/pdf_32x32.png\" alt=\"\" border=\"0\" height=\"32\" \/><\/a> \t\t<span class=\"pdf24Plugin-cp-space\">&nbsp;&nbsp;<\/span> \t\t<span class=\"pdf24Plugin-cp-text\">Sende Artikel als PDF<\/span> \t\t<span class=\"pdf24Plugin-cp-space\">&nbsp;&nbsp;<\/span> \t\t<input class=\"pdf24Plugin-cp-input\" style=\"margin: 0px;\" type=\"text\" name=\"sendEmailTo\" placeholder=\"Emailadresse\" \/> \t\t<input class=\"pdf24Plugin-cp-submit\" style=\"margin: 0px;\" type=\"submit\" value=\"Senden\" \/> \t<\/form> <\/div>","protected":false},"excerpt":{"rendered":"<p>Im Rahmen der Organisationswahlen der Gewerkschaft Ver.di fand vor kurzem die Mitgliederversammlung in der Rose in Schw\u00e4bisch Hall statt. Der Vorsitzende Jochen D\u00fcrr und sein Stellvertreter Martin H\u00fclsmann wurden einstimmig wiedergew\u00e4hlt. Zugesandt von Jochen D\u00fcrr, Schw\u00e4bisch Hall Acht Posten wurden besetzt Die Neuwahlen ergaben folgende einstimmige Ergebnisse: Jochen D\u00fcrr (Sonnenhof e.V. Schw\u00e4bisch Hall) wurde als [&hellip;]<\/p>\n","protected":false},"author":1,"featured_media":0,"comment_status":"open","ping_status":"open","sticky":false,"template":"","format":"standard","meta":[],"categories":[1,2,8,3],"tags":[],"_links":{"self":[{"href":"https:\/\/www.hohenlohe-ungefiltert.de\/index.php?rest_route=\/wp\/v2\/posts\/17603"}],"collection":[{"href":"https:\/\/www.hohenlohe-ungefiltert.de\/index.php?rest_route=\/wp\/v2\/posts"}],"about":[{"href":"https:\/\/www.hohenlohe-ungefiltert.de\/index.php?rest_route=\/wp\/v2\/types\/post"}],"author":[{"embeddable":true,"href":"https:\/\/www.hohenlohe-ungefiltert.de\/index.php?rest_route=\/wp\/v2\/users\/1"}],"replies":[{"embeddable":true,"href":"https:\/\/www.hohenlohe-ungefiltert.de\/index.php?rest_route=%2Fwp%2Fv2%2Fcomments&post=17603"}],"version-history":[{"count":4,"href":"https:\/\/www.hohenlohe-ungefiltert.de\/index.php?rest_route=\/wp\/v2\/posts\/17603\/revisions"}],"predecessor-version":[{"id":17650,"href":"https:\/\/www.hohenlohe-ungefiltert.de\/index.php?rest_route=\/wp\/v2\/posts\/17603\/revisions\/17650"}],"wp:attachment":[{"href":"https:\/\/www.hohenlohe-ungefiltert.de\/index.php?rest_route=%2Fwp%2Fv2%2Fmedia&parent=17603"}],"wp:term":[{"taxonomy":"category","embeddable":true,"href":"https:\/\/www.hohenlohe-ungefiltert.de\/index.php?rest_route=%2Fwp%2Fv2%2Fcategories&post=17603"},{"taxonomy":"post_tag","embeddable":true,"href":"https:\/\/www.hohenlohe-ungefiltert.de\/index.php?rest_route=%2Fwp%2Fv2%2Ftags&post=17603"}],"curies":[{"name":"wp","href":"https:\/\/api.w.org\/{rel}","templated":true}]}}