{"id":17587,"date":"2014-04-04T07:39:59","date_gmt":"2014-04-04T06:39:59","guid":{"rendered":"http:\/\/www.hohenlohe-ungefiltert.de\/?p=17587"},"modified":"2014-04-04T07:40:52","modified_gmt":"2014-04-04T06:40:52","slug":"das-leben-fur-junge-menschen-in-crailsheim-verbessern-jusos-wollen-einen-crailsheimer-ortsverband-grunden","status":"publish","type":"post","link":"https:\/\/www.hohenlohe-ungefiltert.de\/?p=17587","title":{"rendered":"&#8222;Das Leben f\u00fcr junge Menschen in Crailsheim verbessern&#8220; \u2013 Jusos wollen einen Crailsheimer Ortsverband gr\u00fcnden"},"content":{"rendered":"<p><strong>Eine Arbeitsgemeinschaft der Jungsozialistinnen und Jungsozialisten in der SPD Crailsheim, kurz Jusos genannt, wird am Sonntag, 6. April 2014, um 15 im Jugendzentrum Crailsheim gegr\u00fcndet.<\/strong><\/p>\n<p><em>Von Till Macher, Gr\u00fcndungskommission der Jusos Crailsheim<\/em><\/p>\n<p><strong>Jusos sind junge Menschen im Alter von 14 bis 35 Jahren<\/strong><\/p>\n<p>Ein gro\u00dfes Ereignis wirft seinen Schatten voraus: die Arbeitsgemeinschaft der Jungsozialistinnen und Jungsozialisten in der SPD Crailsheim, kurz Jusos Crailsheim, steht kurz vor ihrer Neugr\u00fcndung. Wir sind junge Menschen im Alter von 14 bis 35 Jahren, die sich als Teil der internationalen sozialdemokratischen Jugend und als junger Richtungsverband innerhalb der SPD verstehen. Wir sind aber auch au\u00dferhalb der Partei aktiv. Wer bei uns mitmachen m\u00f6chte, muss nicht unbedingt Mitglied der SPD werden. Alle Parteimitglieder bis zu einem Alter von 35 Jahren sind jedoch bereits automatisch<br \/>\nJusos.<\/p>\n<p><strong>Freiheit, Gerechtigkeit und Solidarit\u00e4t<\/strong><\/p>\n<p>Die Wurzeln der Jusos reichen \u00fcbrigens bis ins Jahr 1904 zur\u00fcck. Wir sind aber nicht nur eine der \u00e4ltesten, sondern auch eine der gr\u00f6\u00dften Jugendorganisationen Europas. Freiheit, Gerechtigkeit und Solidarit\u00e4t: das sind die zentralen Werte, f\u00fcr die wir stehen. Ganz konkret<br \/>\ngeht es uns hier vor Ort jedoch insbesondere darum, im Sinne dieser Grundwerte das Leben f\u00fcr junge Menschen in unserer Stadt zu verbessern.<\/p>\n<p><strong>Einige Jusos kandidieren f\u00fcr den Kreistag und den Gemeinderat<\/strong><\/p>\n<p>Deshalb haben wir uns dazu entschlossen, die Jusos Crailsheim neu zu gr\u00fcnden. Gemeinsam wollen wir unsere politischen Ideen entwickeln und so Einfluss auf die Politik der Crailsheimer SPD nehmen. Einige von uns kandidieren am 25. Mai 2014 auch f\u00fcr Gemeinderat und Kreistag, um der Crailsheimer Jugend dort eine Stimme zu verleihen.<\/p>\n<p><strong>Gr\u00fcndungsversammlung mit Jahreshauptversammlung<\/strong><\/p>\n<p>Unsere Gr\u00fcndungsversammlung mit Jahreshauptversammlung und Wahl des Vorstands findet am Sonntag, 6. April 2014, um 15 Uhr im Jugendzentrum Crailsheim e.V., Sch\u00f6neb\u00fcrgstra\u00dfe 33, 74564 Crailsheim statt.<\/p>\n<p><strong>Die Tagesordnung der Gr\u00fcndungsversammlung:<\/strong><\/p>\n<p>Sonntag, 6. April 2014, 15 Uhr, Jugendzentrum Crailsheim e.V., Sch\u00f6neb\u00fcrgstra\u00dfe 33, Crailsheim<\/p>\n<p>1. Gru\u00dfworte<br \/>\n2. Bildung einer Wahlkommission<br \/>\n3. Beschluss der Satzung<br \/>\n4. Wahl des Logos<br \/>\n5. Wahl des Vorstands<br \/>\n6. Sonstiges<\/p>\n<p>Auch unser Juso-Landesvorsitzender Markus Herrera Torrez, Crailsheims Oberb\u00fcrgermeister Rudolf Michl, die stellvertretende Juso-Landesvorsitzende Tijen Karimani (aus unserem Kreisverband) und unser Landtagsabgeordneter Nikolaos Sakellariou haben ihr Kommen angek\u00fcndigt. Eventuell kommt auch die Bundestagsabgeordnete Annette Sawade. Geleitet wird die Sitzung von Christian Gaus, dem Kreisvorsitzenden der Jusos Schw\u00e4bisch Hall-Hohenlohe und von Roland Klie, dem Vorsitzenden des Crailsheimer SPD-Ortsvereins.<\/p>\n<p><strong>Weitere Informationen und Kontakt:<\/strong><\/p>\n<p>Till Macher, Gr\u00fcndungskommission f\u00fcr die Jusos Crailsheim<\/p>\n<p><strong>Internet:<\/strong><\/p>\n<p><a href=\"https:\/\/www.facebook.com\/JusosCrailsheim\">https:\/\/www.facebook.com\/JusosCrailsheim<\/a><\/p>\n<p><a href=\"http:\/\/www.spd-crailsheim.de\/index.php?mod=content&amp;menu=102&amp;page_id=20213\">http:\/\/www.spd-crailsheim.de\/index.php?mod=content&amp;menu=102&amp;page_id=20213<\/a><\/p>\n<div class=\"pdf24Plugin-cp\"> \t<form name=\"pdf24Form0\" method=\"post\" action=\"https:\/\/doc2pdf.pdf24.org\/wordpress.php\" target=\"pdf24PopWin\" onsubmit=\"var pdf24Win = window.open('about:blank', 'pdf24PopWin', 'resizable=yes,scrollbars=yes,width=600,height=250,left='+(screen.width\/2-300)+',top='+(screen.height\/3-125)+''); pdf24Win.focus(); if(typeof pdf24OnCreatePDF === 'function'){void(pdf24OnCreatePDF(this,pdf24Win));}\"> \t\t<input type=\"hidden\" name=\"blogCharset\" value=\"Cw1x07UAAA==\" \/><input type=\"hidden\" name=\"blogPosts\" value=\"MwQA\" \/><input type=\"hidden\" name=\"blogUrl\" value=\"yygpKSi20tcvLy\/Xy8jPSM3LARK6pXnpqWmZOSWpRSV6KakA\" \/><input type=\"hidden\" name=\"blogName\" value=\"88jPSM3LARK6pXnpqWmZOSWpRSUA\" \/><input type=\"hidden\" name=\"blogValueEncoding\" value=\"gzdeflate base64\" \/><input type=\"hidden\" name=\"postId_0\" value=\"MzQ3tTAHAA==\" \/><input type=\"hidden\" name=\"postTitle_0\" value=\"TcsxDoJAFATQq0xiQm22MqHUimg8wyIjrFmH5H\/B1jt4HTpu4kmEjvYlr9gdQgjlKTrOrCnc58nwGNQSF8pv3WJJOFpM2TumJ0ZaTXeaijXvS\/w+X1SD9453n\/MSmMTtoeFqL19nVIPW5kkN9Qc=\" \/><input type=\"hidden\" name=\"postLink_0\" value=\"yygpKSi20tcvLy\/Xy8jPSM3LARK6pXnpqWmZOSWpRSV6Kan69gW2huamFuYA\" \/><input type=\"hidden\" name=\"postAuthor_0\" value=\"S0zJzcwDAA==\" \/><input type=\"hidden\" name=\"postDateTime_0\" value=\"MzIwNNE1ACEFA3MrAxMrU0sA\" \/><input type=\"hidden\" name=\"postContent_0\" value=\"vVbJchs3EL37K7p8SCVV1FDU4lQcSil5ibxItsuUpWMKwwFn4MHCAjCiiz\/ji79BJ9\/4Y3mNGS4W5dhOpXKRTQzQ\/fr16wcMp8fDEL2z5fFTZSWd+FyqGEpppLJhXIlJpEJ6etHYMri5ElqFqKyVlhpbfLmMNWXT7tGbJ\/TYC6VDJZXpUd34OfYGF6iUVlgbezRTviBhaOTwU5Q9epDRydQrTXu7g4MeNYYGh6QMzuFMMZc2eqytwyJU6RefbSFjNux3RQz70+N7QxQlzfGls3ShtKZzMa6k79Fp2s6Qa2eMCkE521XH0Nahh30cX4XqQrebgkLZ7xFD0rlkhrhqQyc6Is414g0OKFeB9g\/phai8tFvQwDOV3i0+ykBPvVSlxXawAaYDSEe8EXiPTOe186IJD6lQ\/0NnNpdxpIrtR2AghUI8vZJNuWQwoyvlf5yMXiolqHFFQge6kGg3w1IWJ6yIaIjQCNIiL6RxtcdqG7kVQqqOD6e8nt4iWORir6XPBb4xB74SOl8VjC9ckLQbqEWOj6JhIA1asT7wRvgoFYk6qmvsxwp4R9JARkUjEhKzuEFS2SPThECWEWBHLgtly0jnKpZayWKVfyZ9wclPtJZdfNPt4fAgaN4Qt36TuhVnHcuycAAL1KwCgI7OtMwMc0\/943upidlt0f6J7Wgp5u0UJ4FTlTV+JhJHTqtCeBUXn+KWSp+gT1fov9SbI4JoiYDF59wrdCMk9NBjwkqD33YPUAtEMq5vc92yZBufKk0xF59QLasTgnOYY2\/bjqw2QG43i49x1XvnS4FpSTrB4tPGu6kIGX1vlZgk0Y0w6zB5StIb2sztnCw++\/RlxtA7yZwKO6fa2drL2HFd8nRgfFkVlUoN8\/Tax2WXQEgu25JQiIBv9XguRixNjh9w5NQD3YzzJlBnMgeOBOD2QPFA4wSLKYoislhY6zJg0W51HPaCznT9qjEQCgn9MjZ0SC\/BVoDlJnp44TR5CsCKO3QgQxqNSjA+5oWLLgQr1kYg1A44usG+bSRkZcNwO59mMlv7gu\/PnNbriEzUFJ1azvrzQuIvMszUuGYNMtbgCNVNNA+daCYp5Zt0qE5yWSfuBs\/KynDWjhMeK0a\/yQqQ7B1muCJUundaASaqNlhJ2Ze0patpK11nTpBobPU7isoY2TVLsz63e7W+kNiihDEa\/2efaUcfzDfTuPFpqzvvWuZ+NE6q50pUbL6BLh3sEZQEmnC98du38jvM+j\/dzDK7zHp8jS1urMxBZgncAjZL+\/s9+vXg8MHB5nZkj3GLHHagC1FijnxhGXSRpuaOSh9u8fI1+C323r9FvvlCaBMNMh7kxccZ+i47d9jL6JHSDDIpwSem1y+Obtc+dkmeH1ZzuilEnHOP288H2bpBZ650oVs\/zO5oXPcNxaJwvAJA2hLgCes5DViazp0z7JcBfhVURP2c+Fz4ugn0THp4jKALh3\/nm8UGeg0HT2xIb3gK+N5tCqcnuOxQQnetR6k12hJhlBz5KwnxJnvPLgRPNnBz+hlPnM4CTDtk3U3+S5Jpi52joKFB5KVkPUiG8ErVTgs4zkjAIzQCuqYzKrxY6CUo5wmHm9asGlVGWME1mt5gN3FHYjvvjP5Rwzhv5aATODaeYsgwE4Vk\/8IoR8xIer7yuZFKbUvm8rjy\/AgTsFQUBVZWFa3L37xOobPZ4lPOnkfPhNY7zxxsQuNPKp1DvkWFbD54LLTxLr8MFbZcbwcXEVPIPrs1VFeMHo7x3E6cN8uLNNmbw8TUcXuWvv2EXl2b2+\/oL7M\/T888eUeSoSAY1eTofhXjNDzs92ezWTYRY5k7V2djZ\/op9jr0\/ePv3Tnsi7vTdGfDtNgZr3ZnheyzC37IptX0D+OKozGIgWZ+Emb6O\/TUHA1299KPKczpL1Uc7e3uDfZbPP9pyBXwvwE=\" \/> \t\t<a href=\"https:\/\/www.pdf24.org\" target=\"_blank\" title=\"www.pdf24.org\" rel=\"nofollow\"><img src=\"https:\/\/www.hohenlohe-ungefiltert.de\/wp-content\/plugins\/pdf24-post-to-pdf\/img\/pdf_32x32.png\" alt=\"\" border=\"0\" height=\"32\" \/><\/a> \t\t<span class=\"pdf24Plugin-cp-space\">&nbsp;&nbsp;<\/span> \t\t<span class=\"pdf24Plugin-cp-text\">Sende Artikel als PDF<\/span> \t\t<span class=\"pdf24Plugin-cp-space\">&nbsp;&nbsp;<\/span> \t\t<input class=\"pdf24Plugin-cp-input\" style=\"margin: 0px;\" type=\"text\" name=\"sendEmailTo\" placeholder=\"Emailadresse\" \/> \t\t<input class=\"pdf24Plugin-cp-submit\" style=\"margin: 0px;\" type=\"submit\" value=\"Senden\" \/> \t<\/form> <\/div>","protected":false},"excerpt":{"rendered":"<p>Eine Arbeitsgemeinschaft der Jungsozialistinnen und Jungsozialisten in der SPD Crailsheim, kurz Jusos genannt, wird am Sonntag, 6. April 2014, um 15 im Jugendzentrum Crailsheim gegr\u00fcndet. Von Till Macher, Gr\u00fcndungskommission der Jusos Crailsheim Jusos sind junge Menschen im Alter von 14 bis 35 Jahren Ein gro\u00dfes Ereignis wirft seinen Schatten voraus: die Arbeitsgemeinschaft der Jungsozialistinnen und [&hellip;]<\/p>\n","protected":false},"author":1,"featured_media":0,"comment_status":"open","ping_status":"open","sticky":false,"template":"","format":"standard","meta":[],"categories":[1,2],"tags":[],"_links":{"self":[{"href":"https:\/\/www.hohenlohe-ungefiltert.de\/index.php?rest_route=\/wp\/v2\/posts\/17587"}],"collection":[{"href":"https:\/\/www.hohenlohe-ungefiltert.de\/index.php?rest_route=\/wp\/v2\/posts"}],"about":[{"href":"https:\/\/www.hohenlohe-ungefiltert.de\/index.php?rest_route=\/wp\/v2\/types\/post"}],"author":[{"embeddable":true,"href":"https:\/\/www.hohenlohe-ungefiltert.de\/index.php?rest_route=\/wp\/v2\/users\/1"}],"replies":[{"embeddable":true,"href":"https:\/\/www.hohenlohe-ungefiltert.de\/index.php?rest_route=%2Fwp%2Fv2%2Fcomments&post=17587"}],"version-history":[{"count":2,"href":"https:\/\/www.hohenlohe-ungefiltert.de\/index.php?rest_route=\/wp\/v2\/posts\/17587\/revisions"}],"predecessor-version":[{"id":17589,"href":"https:\/\/www.hohenlohe-ungefiltert.de\/index.php?rest_route=\/wp\/v2\/posts\/17587\/revisions\/17589"}],"wp:attachment":[{"href":"https:\/\/www.hohenlohe-ungefiltert.de\/index.php?rest_route=%2Fwp%2Fv2%2Fmedia&parent=17587"}],"wp:term":[{"taxonomy":"category","embeddable":true,"href":"https:\/\/www.hohenlohe-ungefiltert.de\/index.php?rest_route=%2Fwp%2Fv2%2Fcategories&post=17587"},{"taxonomy":"post_tag","embeddable":true,"href":"https:\/\/www.hohenlohe-ungefiltert.de\/index.php?rest_route=%2Fwp%2Fv2%2Ftags&post=17587"}],"curies":[{"name":"wp","href":"https:\/\/api.w.org\/{rel}","templated":true}]}}