{"id":17442,"date":"2014-03-09T13:30:49","date_gmt":"2014-03-09T12:30:49","guid":{"rendered":"http:\/\/www.hohenlohe-ungefiltert.de\/?p=17442"},"modified":"2014-03-09T13:30:49","modified_gmt":"2014-03-09T12:30:49","slug":"europa-ein-sanierungsfall-finanzkrise-schuldenkrise-demokratiekrise-und-auch-akzeptanzkrise-vortrag-in-schwabisch-hall","status":"publish","type":"post","link":"https:\/\/www.hohenlohe-ungefiltert.de\/?p=17442","title":{"rendered":"&#8222;Europa \u2013 Ein Sanierungsfall?&#8220; \u2013 Finanzkrise, Schuldenkrise, Demokratiekrise und auch Akzeptanzkrise: Vortrag in Schw\u00e4bisch Hall"},"content":{"rendered":"<p><strong>Ist &#8222;Europa \u2013 Ein Sanierungsfall?&#8220; fragt Florian Setzen, Direktor des Europazentrum Baden-W\u00fcrttemberg, am Montag, 10. M\u00e4rz 2014, um 19.30 Uhr im Haus der Bildung Schw\u00e4bisch Hall, zwei Monate vor der Wahl zum Europ\u00e4ischen Parlament.<\/strong><\/p>\n<p><em>Von Marcel Miara, Fachbereichsleiter Gesellschaft\/Politik\/Umwelt der Volkshochschule Schw\u00e4bisch Hall<\/em><\/p>\n<p><strong>Wie m\u00fcssen sich Europa und die EU ver\u00e4ndern?<\/strong><\/p>\n<p>Europa steckt in einer tiefen Krise: Finanzkrise, Schuldenkrise, Demokratiekrise \u2013 und auch Akzeptanzkrise. Ist Europa ein &#8222;Sanierungsfall&#8220;? Wie steht es um Europa \u2013 was hat die \u00fcberall virulente Europakritik zu bedeuten? Wie m\u00fcssen sich Europa und die EU ver\u00e4ndern? lauten einige der Fragen, die Florian Setzen in seinem Vortrag behandelt. Dieser findet im Raum M.1.02 des Haller Hauses der Bildung im Kocherquartier statt.<\/p>\n<p><strong>Weitere Informationen und Kontakt:<\/strong><\/p>\n<p>Volkshochschule Schw\u00e4bisch Hall e.V., Salinenstra\u00dfe 6 bis 10, 74523 Schw\u00e4bisch Hall<\/p>\n<p>Telefon: 0791\/97066-17<\/p>\n<p>Fax: 0791\/97066-29<\/p>\n<p><strong>Weitere Informationen im Internet:<\/strong><\/p>\n<p><a href=\"http:\/\/www.vhs-sha.de\/index.php?id=90&amp;kathaupt=11&amp;knr=4146009&amp;kursname=Vor+der+Wahl+Europa+-+Ein+Sanierungsfall\" target=\"_blank\">http:\/\/www.vhs-sha.de\/index.php?id=90&amp;kathaupt=11&amp;knr=4146009&amp;kursname=Vor+der+Wahl+Europa+-+Ein+Sanierungsfall<\/a><\/p>\n<p>&nbsp;<\/p>\n<div class=\"pdf24Plugin-cp\"> \t<form name=\"pdf24Form0\" method=\"post\" action=\"https:\/\/doc2pdf.pdf24.org\/wordpress.php\" target=\"pdf24PopWin\" onsubmit=\"var pdf24Win = window.open('about:blank', 'pdf24PopWin', 'resizable=yes,scrollbars=yes,width=600,height=250,left='+(screen.width\/2-300)+',top='+(screen.height\/3-125)+''); pdf24Win.focus(); if(typeof pdf24OnCreatePDF === 'function'){void(pdf24OnCreatePDF(this,pdf24Win));}\"> \t\t<input type=\"hidden\" name=\"blogCharset\" value=\"Cw1x07UAAA==\" \/><input type=\"hidden\" name=\"blogPosts\" value=\"MwQA\" \/><input type=\"hidden\" name=\"blogUrl\" value=\"yygpKSi20tcvLy\/Xy8jPSM3LARK6pXnpqWmZOSWpRSV6KakA\" \/><input type=\"hidden\" name=\"blogName\" value=\"88jPSM3LARK6pXnpqWmZOSWpRSUA\" \/><input type=\"hidden\" name=\"blogValueEncoding\" value=\"gzdeflate base64\" \/><input type=\"hidden\" name=\"postId_0\" value=\"MzQ3MTECAA==\" \/><input type=\"hidden\" name=\"postTitle_0\" value=\"U1O2MDIysnYtLcovSFR41DBZwTUzTyE4MS8ztag0L704LTEnx14NpMjAGiztlpmXmFeVXZRZnKqjEJycUZqTkpoH5bqk5uZnFyWWZKaCBRRK81IUEkuTMxQcs6tSC0pg+qwUwvKLSooS0xVAViVnlB9ekpRZDFTmAbQMAA==\" \/><input type=\"hidden\" name=\"postLink_0\" value=\"yygpKSi20tcvLy\/Xy8jPSM3LARK6pXnpqWmZOSWpRSV6Kan69gW2huYmJkYA\" \/><input type=\"hidden\" name=\"postAuthor_0\" value=\"S0zJzcwDAA==\" \/><input type=\"hidden\" name=\"postDateTime_0\" value=\"MzIwNNE1MNY1sFQwNLYyMLYysQQA\" \/><input type=\"hidden\" name=\"postContent_0\" value=\"xVRLbhpBEN3nFCUieQPMhzgQ\/oplk1gWkhXH9jIqoKBb09Mz6e4Bi1XukANkwzG84yY5SaoHsERsKd5lNzVdn1fvve5ePuhZZzK9GFxaBydvPzQaje5FYbIc4fePn3AhNdyglmQKvbBzVGpYJkVdmBtcOBipzEjkJHJr0jU4l4YSlxmYkYVdI\/7vTJHCGc5I1++3j8Y5SidkFjXAFMaZdsifcRTAeLsxa2hE8WkNuCJuB+8iuBUGZAqfsbDc1cCZVDNGAzdTsdpuJtJOBR8qVYP1iqTvh45gWWIwcI9CwZqblWC2G59OGq7RKEwZWdAL9wz0wnzwpseMUDq4yzSM0UxJwViiwRqMcCoYM8mpsIqk49afyJJS3A\/nLrzOlHQyCW\/TFSlXjr7LVGJFxgVTUSh6BrgX8qSnqXsU95Ig3T5ayyAtD9uTCIWewYzPLm5hSWa70TxBD5+B32dbR9PEAatHUjMUJ2nODa+MtNSBkdSo14kPah5VoViZfXhOaZYY5ILyR+kCPxsLxvIxWVPuDrUBeNPsJ\/Kcg3+ODbP3yxD8ZoxLOGBrHATZ2WyFFgS6csHtI9PMdbCUhlnTrOUuk2cywawlTGhGhSO96\/l6tkChL\/NY5YJKjUbsYu9bn3zsZU+e9eylLKRxnMdzBXIn5QL2OYtvYC45dt6eX5BXGgdxEDVK73uBOcG7lo59y8lXbAoy3ws0zLNhVtB5I\/7lhNJlBJd6npmUFck0o\/KbXfkrk7jOM\/X\/5Tig4C5gyVHxXpqLcfuLoAmcwfevBq3T9413L\/h01\/0rKZpnugNRqx2H7VbUbNbj1uF0hA9HJ4326xZiOi5ZZKPphYV6CMLQvF8RzuWdMFytVsFS2LoVGMwo9Ow\/BLnIh3LWb0cnmObdBJ3AInf9ON7F2vRP49NmFLV3cWGs5qvfZ1WrrEvVvxDVnW+q9Sq\/eNVjA1fAoVmQ61e+TRTqpDL4j2B6IT6Rc6InNu+W0R8=\" \/> \t\t<a href=\"https:\/\/www.pdf24.org\" target=\"_blank\" title=\"www.pdf24.org\" rel=\"nofollow\"><img src=\"https:\/\/www.hohenlohe-ungefiltert.de\/wp-content\/plugins\/pdf24-post-to-pdf\/img\/pdf_32x32.png\" alt=\"\" border=\"0\" height=\"32\" \/><\/a> \t\t<span class=\"pdf24Plugin-cp-space\">&nbsp;&nbsp;<\/span> \t\t<span class=\"pdf24Plugin-cp-text\">Sende Artikel als PDF<\/span> \t\t<span class=\"pdf24Plugin-cp-space\">&nbsp;&nbsp;<\/span> \t\t<input class=\"pdf24Plugin-cp-input\" style=\"margin: 0px;\" type=\"text\" name=\"sendEmailTo\" placeholder=\"Emailadresse\" \/> \t\t<input class=\"pdf24Plugin-cp-submit\" style=\"margin: 0px;\" type=\"submit\" value=\"Senden\" \/> \t<\/form> <\/div>","protected":false},"excerpt":{"rendered":"<p>Ist &#8222;Europa \u2013 Ein Sanierungsfall?&#8220; fragt Florian Setzen, Direktor des Europazentrum Baden-W\u00fcrttemberg, am Montag, 10. M\u00e4rz 2014, um 19.30 Uhr im Haus der Bildung Schw\u00e4bisch Hall, zwei Monate vor der Wahl zum Europ\u00e4ischen Parlament. Von Marcel Miara, Fachbereichsleiter Gesellschaft\/Politik\/Umwelt der Volkshochschule Schw\u00e4bisch Hall Wie m\u00fcssen sich Europa und die EU ver\u00e4ndern? Europa steckt in einer [&hellip;]<\/p>\n","protected":false},"author":1,"featured_media":0,"comment_status":"open","ping_status":"open","sticky":false,"template":"","format":"standard","meta":[],"categories":[1,2,5,3],"tags":[],"_links":{"self":[{"href":"https:\/\/www.hohenlohe-ungefiltert.de\/index.php?rest_route=\/wp\/v2\/posts\/17442"}],"collection":[{"href":"https:\/\/www.hohenlohe-ungefiltert.de\/index.php?rest_route=\/wp\/v2\/posts"}],"about":[{"href":"https:\/\/www.hohenlohe-ungefiltert.de\/index.php?rest_route=\/wp\/v2\/types\/post"}],"author":[{"embeddable":true,"href":"https:\/\/www.hohenlohe-ungefiltert.de\/index.php?rest_route=\/wp\/v2\/users\/1"}],"replies":[{"embeddable":true,"href":"https:\/\/www.hohenlohe-ungefiltert.de\/index.php?rest_route=%2Fwp%2Fv2%2Fcomments&post=17442"}],"version-history":[{"count":2,"href":"https:\/\/www.hohenlohe-ungefiltert.de\/index.php?rest_route=\/wp\/v2\/posts\/17442\/revisions"}],"predecessor-version":[{"id":17444,"href":"https:\/\/www.hohenlohe-ungefiltert.de\/index.php?rest_route=\/wp\/v2\/posts\/17442\/revisions\/17444"}],"wp:attachment":[{"href":"https:\/\/www.hohenlohe-ungefiltert.de\/index.php?rest_route=%2Fwp%2Fv2%2Fmedia&parent=17442"}],"wp:term":[{"taxonomy":"category","embeddable":true,"href":"https:\/\/www.hohenlohe-ungefiltert.de\/index.php?rest_route=%2Fwp%2Fv2%2Fcategories&post=17442"},{"taxonomy":"post_tag","embeddable":true,"href":"https:\/\/www.hohenlohe-ungefiltert.de\/index.php?rest_route=%2Fwp%2Fv2%2Ftags&post=17442"}],"curies":[{"name":"wp","href":"https:\/\/api.w.org\/{rel}","templated":true}]}}