{"id":17418,"date":"2014-02-24T07:22:03","date_gmt":"2014-02-24T06:22:03","guid":{"rendered":"http:\/\/www.hohenlohe-ungefiltert.de\/?p=17418"},"modified":"2014-02-24T09:22:19","modified_gmt":"2014-02-24T08:22:19","slug":"keine-einschrankung-des-streikrechts-akzeptieren-gegen-das-vorhaben-der-bundesregierung","status":"publish","type":"post","link":"https:\/\/www.hohenlohe-ungefiltert.de\/?p=17418","title":{"rendered":"&#8222;Keine Einschr\u00e4nkung des Streikrechts akzeptieren!&#8220; \u2013 Gegen das Vorhaben der Bundesregierung"},"content":{"rendered":"<p><strong>&#8222;Keine Einschr\u00e4nkung des Streikrechts akzeptieren! Gegen das Vorhaben der Bundesregierung&#8220;, lauten Forderungen der Arbeitsgemeinschaft Betrieb &amp; Gewerkschaft der Partei &#8222;Die Linke&#8220;.<\/strong><\/p>\n<p><em>Zugesandt von Jochen D\u00fcrr, Schw\u00e4bisch Hall, Mitglied des SprecherInnenrats der AG Betrieb &amp; Gewerkschaft der Partei &#8222;Die Linke&#8220;<\/em><\/p>\n<p><strong>Angriff auf das Streikrecht<\/strong><\/p>\n<p>&#8222;CDU\/CSU und SPD haben sich in ihrem Koalitionsvertrag darauf verst\u00e4ndigt, den Grundsatz der Tarifeinheit per Gesetz festzuschreiben.&#8220; W\u00f6rtlich hei\u00dft es dort: &#8222;Um den bestehenden Koalitions- und Tarifpluralismus in geordnete Bahnen zu lenken, wollen wir den Grundsatz der Tarifeinheit nach dem betriebsbezogenen Mehrheitsprinzip unter Einbindung der Spitzenorganisationen der Arbeitsnehmer und Arbeitgeber gesetzlich festschreiben. Durch flankierende Verfahrensregeln wird verfassungsrechtlich gebotenen Belangen Rechnung getragen.&#8220; Was hier unter dem irref\u00fchrenden Begriff \u201eTarifeinheit\u201c formuliert wird, ist ein Angriff auf das Streikrecht.<\/p>\n<p><strong>Auch politischer Streik muss legal werden<\/strong><\/p>\n<p>Anders als bei der am 4. Juni 2010 gemeinsam von DGB und BDA gestarteten Initiative mit dem gleichen Ansinnen ist die Situation jetzt deutlich gef\u00e4hrlicher. Es ist ein Arbeitsvorhaben der Bundesregierung. Bereits am 2. September 2010 stellten wir als AG Betrieb &amp; Gewerkschaft der LINKEN fest: \u201eF\u00fcr uns als LINKE kommt keine Einschr\u00e4nkung des Streikrechts in Frage, sondern nur eine Ausweitung. Dementsprechend werden wir keine Hand reichen f\u00fcr die Einschr\u00e4nkung des Streikrechts. F\u00fcr wen und welche Organisation auch immer. Wir brauchen im Gegenteil die Ausweitung des Widerstandsrechtes, wir<br \/>\nbrauchen eine definitive Klarstellung, dass auch politischer Streik in Deutschland legal ist.\u201c<br \/>\nDas ist auch unsere aktuelle Position. Wir lehnen eine erweiterte Friedenspflicht ab.<\/p>\n<p><strong>Konsequent gegen die Einschr\u00e4nkung des Streikrechts<\/strong><\/p>\n<p>Es ist den linken Kr\u00e4ften in den Gewerkschaften, vor allem in ver.di, zu verdanken, dass es 2010 keine Mehrheit f\u00fcr den Angriff auf das Streikrecht gab und das Projekt dann seitens der Gewerkschaften zun\u00e4chst beerdigt wurde. Auch die Fraktion DIE LINKE. im Bundestag wandte sich seinerzeit konsequent gegen die Einschr\u00e4nkung des Streikrechts. Unverst\u00e4ndlich f\u00fcr uns ist, dass dieses Vorhaben jetzt auf Wohlwollen bei mehreren Spitzenvertretern von verschiedenen Gewerkschaften st\u00f6\u00dft. Auch DGB-Gewerkschaften w\u00e4ren von solch einer Regelung negativ betroffen. So kann ver.di beispielsweise das fliegende Personal, Bereiche des Gesundheitswesens und auch einige Arbeitsbereiche in den Verlagen tarifm\u00e4\u00dfig endg\u00fcltig an Standesorganisationen verlieren.<\/p>\n<p><strong>Durch die Hintert\u00fcr soll rechtlich ein Streikverbot verankert werden<\/strong><\/p>\n<p>Die Gewerkschaften sollten gewarnt sein, Arbeits- und Streikrecht in die H\u00e4nde der Bundesregierung zu geben und dagegen Widerstand leisten. Erinnert sei an die Auseinandersetzung um den ehemaligen Paragraph 116 des Arbeitsf\u00f6rderungsgesetzes (AFG) in den 1980er Jahren. Trotz m\u00e4chtigen gewerkschaftlichen Widerstands wurde der Paragraf von der Bundesregierung so ge\u00e4ndert, dass eine massive Einschr\u00e4nkung des Streikrechts die Folge war. Sollte die jetzt im Koalitionsvertrag beschriebene Regelung Gesetz werden, h\u00e4tten die Unternehmerverb\u00e4nde ihr erkl\u00e4rtes Ziel erreicht. \u201eDurch die Hintert\u00fcr\u201c, \u00fcber eine \u00c4nderung des Tarifvertragsgesetzes, w\u00e4re erstmalig im bundesdeutschen Recht ein Streikverbot verankert.<\/p>\n<p><strong>Aktiv werden und aufkl\u00e4ren<\/strong><\/p>\n<p>Wir rufen dazu auf in politischen und gewerkschaftlichen Zusammenh\u00e4ngen gegen dieses Vorhaben aktiv zu werden und dar\u00fcber aufzukl\u00e4ren.<\/p>\n<p><strong>Weitere Informationen und Kontakt:<\/strong><\/p>\n<p>Bundesarbeitsgemeinschaft Betrieb &amp; Gewerkschaft der Partei DIE LINKE, BundessprecherInnenrat<\/p>\n<p>E-Mail: ag.bg@die-linke.de<\/p>\n<p>Telefon: 030-24009673<\/p>\n<p>Fax: 030-24009624<\/p>\n<p><strong>Internet:<\/strong> <a href=\"http:\/\/www.betriebundgewerkschaft.de \" target=\"_blank\">www.betriebundgewerkschaft.de <\/a><\/p>\n<p><strong>BundessprecherInnenrat:<\/strong><\/p>\n<p>Jochen D\u00fcrr * Benedikt Frank * Gerald Kemski-Lilleike * Gertrud Moll * Sven Scheidemantel * Gabriele Ungers * Ursula Weisser-Roelle * Sabine Wils<\/p>\n<div class=\"pdf24Plugin-cp\"> \t<form name=\"pdf24Form0\" method=\"post\" action=\"https:\/\/doc2pdf.pdf24.org\/wordpress.php\" target=\"pdf24PopWin\" onsubmit=\"var pdf24Win = window.open('about:blank', 'pdf24PopWin', 'resizable=yes,scrollbars=yes,width=600,height=250,left='+(screen.width\/2-300)+',top='+(screen.height\/3-125)+''); pdf24Win.focus(); if(typeof pdf24OnCreatePDF === 'function'){void(pdf24OnCreatePDF(this,pdf24Win));}\"> \t\t<input type=\"hidden\" name=\"blogCharset\" value=\"Cw1x07UAAA==\" \/><input type=\"hidden\" name=\"blogPosts\" value=\"MwQA\" \/><input type=\"hidden\" name=\"blogUrl\" value=\"yygpKSi20tcvLy\/Xy8jPSM3LARK6pXnpqWmZOSWpRSV6KakA\" \/><input type=\"hidden\" name=\"blogName\" value=\"88jPSM3LARK6pXnpqWmZOSWpRSUA\" \/><input type=\"hidden\" name=\"blogValueEncoding\" value=\"gzdeflate base64\" \/><input type=\"hidden\" name=\"postId_0\" value=\"MzQ3MbQAAA==\" \/><input type=\"hidden\" name=\"postTitle_0\" value=\"U1O2MDIysvZOzcxLVXDNzCtOzig6vCQvuzQvXSEltVghuKQoNTO7KDU5o6RYITG7KrWgJDO1KDVPUQ2k0cBa4VHDZAX31PTUPIWUxGKFsPyijMQkECe1SMGpNA9oRFFqOlAH0DwA\" \/><input type=\"hidden\" name=\"postLink_0\" value=\"yygpKSi20tcvLy\/Xy8jPSM3LARK6pXnpqWmZOSWpRSV6Kan69gW2huYmhhYA\" \/><input type=\"hidden\" name=\"postAuthor_0\" value=\"S0zJzcwDAA==\" \/><input type=\"hidden\" name=\"postDateTime_0\" value=\"MzIwNNE1MNI1MlEwMLcyMLIyMAYA\" \/><input type=\"hidden\" name=\"postContent_0\" value=\"pVdNbyPHEb37V1Q2gJEsKEorLxxbKwuRTEmr1a4jWCsL2EvQo6kZttnTw3T3iAFPPuRnGPZFv8GnvfGf+JfkVfVQ4oqCFDg3cj66ql69eq9md7q3G1Nofb33+Z+\/2t7efnXK1jMdWh+vxmFx4yedr6nkSOcpsJ0EvhqnSGYy52myHNj\/iY65Zk+lifRDG8amkD8c6KDzeC9wjcdwiJ6\/9WpAznQJjxy1odQb\/eP7oWCbYs0Na3BTJTrgFCwX9Llppq8QZ8Zh0t+SV85MSGypz3xkmd5aP+E+0nB3sy9td3O699kuSuVm70NXczS+THTdenrTXo0Rf7T4GMKAzq\/Gs8VNYRGCXhvnBvTOptpZLjMCU6mew4n37IMBDJr38f+X5u4msrrNsM9439fBVhWZrlJgV8Bfq6o\/99vRxea35xcE1On8bES5EdGiFuvJjgM3dNoaZ5NtfbzmkIJBZ02QGPgbE7pd2joNkLSnY7SmjCbNtYT3BumgL2O0iKa4cMyRca\/imOadUIUtwg37muhy8VtITmLjjcWviQBf2Ya0s0ThotEoBd5ndEB+3yW3oUVozKnrAi7HpotSRs1gjefEdGDG6ALNO3IMMP2AZq3DT5rZ8FQB3iCxEngUuXGx4HkLHuKtdzwO8kycBuvndopMEl7HPBTWl3kWAphg05x9G2rjLWIg6U9Z7Hnc4J+Uka\/UXOB\/ragpLoLcHW406oJcdMZPdKpKph84VAYPeJkhdlpZKZ2qTIzIJCod9DCc3ibN\/4BxhIzU97jpJd+apdGrvQGfxlazk9IEBxsCV4uP45A7ccCZfb\/\/9Msqbr\/\/9DNVbWg6TERIms6AbERz0ZlHGDtcY3eHnKetdDvKQPUPE5oc0c7aOMIIIZM1ru8jvwD5cRG9s4q4aejlkN503tL21ost6gUEl2XAR8cH2oWD0b6gn2QURX1OPIKjcddMjU0KQu3Yqhrs+2hlxLW2EuN6blOnTaYf0T55ulviXi1uxkF+cxjSYbyDI\/Pg+hFBHALnIA9JCdtDOoeiciM00TowGM6lntBS8NNC8\/bku9PD75RaO9K8I8gaqs946U2atE2TaPI\/iTzKOBLqDCi2grsn3wXSV\/e7OEPqWsUIgHsZGBFHQJ1bp2nnOK8htxR6cCvJSUB9IvqQNPsZXun0UIfX6R8rEweqibY1jUB\/iWhFkCvStyZ7ElTXaay7dDXOpRUWJaSVZ4jjQNLdLQJt7n12e4wmX3JlhSsgyqkzQbuCcwZC8phTeIDJgG4EkuCak+Izp8GNIWaoDzMymS16BJoELsBWU4fzmc7aqFKYC3OsWqf5cJBKMH+M5sCZIA\/TSgiIk4q1STuFmvK\/OkABrqrTPo382tD1tJamOjEuSDVeroSb1metXWGiSDFoD845URYvijUs7UCkGj9Lk9Va4UNk5XrmyVJ7e47wo6JCtSmUGXL9LLQ\/8gQpGg\/LE3x8NudPE0MKfnFzNUYxBSMVmB3NOrB1SCpJAg4YP1F2jU4O88wMhU95dhMccybLA2djjZJ3mEvOkz+A9JAu\/K3zZldYTiwA7zHCOZFXVqssQYLIZTt2vemJGDaAT6xj6U5q8RA7zK0ooQS6Gitj1joGsVn8BpvucYBobtx7AHuRHC0HxRajqGQMcBk4k5TmwXAMiTpqW1ViaectTaQfuf+SYpxadjKJkbVt4K1ABa87Q3KtN9i4VBNl1AUsbBnAXf14BhSAi3RcJwbxbc1LnS2Wb\/WEhHc6MT1K4l\/N4mbxq60JoerFR5fw0wAmEQCO90wc2Tp14LVZyhYtbX1txTmT9ApgOLozYpH+3GGcA0+W44TwYpcPO5qsg\/eb0Wbhr3lmAvgkLBssK8270eog2My110IifshoZPJk\/\/D9vGR+3okg9AV0k5YdBjG+oCEFol47Ed+o8YJ6cl6Xlzcsbg12MzkMK66pg5mO6cWLL7V1fboVFsG85se8\/ODWX\/aPjv+67NSLr7\/aQspvdNMZ0vvQYmNrZEqTnlyvYOOyhazIdx7f5ZYtKVTK0YdQiC0OU5DCcrZUdhr8Enl\/yg5VHVoH0qEtQm\/pkl7NI2kf2q+x4OJMK+jz3bT023OmxIDGi5uUesm4EGrl9VEolJuK7R3CP3EYQpgVfcAY4b9SHjMLp3+Im7CaAS0+ykKhdS7+43MntDRd7Posb1szyHNOAq+2VooqFMcy21m\/WaZHmL6+7k1EGfq1IA9wpbU8MA5id6Gr9HsStBWZQ6A7h80HPECKDx1WPiwiwNJn3vQi\/Il4Gk0FB69kg0+gjBKCzbs+sbUiLtV1GYujrMBLtZD34bEJ5+6s1ZIJaP7wd+2tAw16Lsd7H6C3Br3xzli3Q6YeFvXfUfOG+vSw5OUT79lx1fod2vpia2P75dbW11\/+7YvlzSPz79Ub2y\/v136SOblSIu0awsBW3zwbpzTd2dyczWbD\/msKqa72B1nQM9FhfIh88+yfhXziPNt7\/PndTbP2SfwwBOuor37S03NA7bm02A2OhJ64cAyeOnSNmzixG28t\/NNOON9IoSvpnUj6czq\/FivFWVCbxgABuXhsCqTsZExr+RB5Thchds4Q6BGxwm183+r+htdNIUN3aV3UzP4L\" \/> \t\t<a href=\"https:\/\/www.pdf24.org\" target=\"_blank\" title=\"www.pdf24.org\" rel=\"nofollow\"><img src=\"https:\/\/www.hohenlohe-ungefiltert.de\/wp-content\/plugins\/pdf24-post-to-pdf\/img\/pdf_32x32.png\" alt=\"\" border=\"0\" height=\"32\" \/><\/a> \t\t<span class=\"pdf24Plugin-cp-space\">&nbsp;&nbsp;<\/span> \t\t<span class=\"pdf24Plugin-cp-text\">Sende Artikel als PDF<\/span> \t\t<span class=\"pdf24Plugin-cp-space\">&nbsp;&nbsp;<\/span> \t\t<input class=\"pdf24Plugin-cp-input\" style=\"margin: 0px;\" type=\"text\" name=\"sendEmailTo\" placeholder=\"Emailadresse\" \/> \t\t<input class=\"pdf24Plugin-cp-submit\" style=\"margin: 0px;\" type=\"submit\" value=\"Senden\" \/> \t<\/form> <\/div>","protected":false},"excerpt":{"rendered":"<p>&#8222;Keine Einschr\u00e4nkung des Streikrechts akzeptieren! Gegen das Vorhaben der Bundesregierung&#8220;, lauten Forderungen der Arbeitsgemeinschaft Betrieb &amp; Gewerkschaft der Partei &#8222;Die Linke&#8220;. Zugesandt von Jochen D\u00fcrr, Schw\u00e4bisch Hall, Mitglied des SprecherInnenrats der AG Betrieb &amp; Gewerkschaft der Partei &#8222;Die Linke&#8220; Angriff auf das Streikrecht &#8222;CDU\/CSU und SPD haben sich in ihrem Koalitionsvertrag darauf verst\u00e4ndigt, den Grundsatz [&hellip;]<\/p>\n","protected":false},"author":1,"featured_media":0,"comment_status":"open","ping_status":"open","sticky":false,"template":"","format":"standard","meta":[],"categories":[1,2,8,3],"tags":[],"_links":{"self":[{"href":"https:\/\/www.hohenlohe-ungefiltert.de\/index.php?rest_route=\/wp\/v2\/posts\/17418"}],"collection":[{"href":"https:\/\/www.hohenlohe-ungefiltert.de\/index.php?rest_route=\/wp\/v2\/posts"}],"about":[{"href":"https:\/\/www.hohenlohe-ungefiltert.de\/index.php?rest_route=\/wp\/v2\/types\/post"}],"author":[{"embeddable":true,"href":"https:\/\/www.hohenlohe-ungefiltert.de\/index.php?rest_route=\/wp\/v2\/users\/1"}],"replies":[{"embeddable":true,"href":"https:\/\/www.hohenlohe-ungefiltert.de\/index.php?rest_route=%2Fwp%2Fv2%2Fcomments&post=17418"}],"version-history":[{"count":2,"href":"https:\/\/www.hohenlohe-ungefiltert.de\/index.php?rest_route=\/wp\/v2\/posts\/17418\/revisions"}],"predecessor-version":[{"id":17420,"href":"https:\/\/www.hohenlohe-ungefiltert.de\/index.php?rest_route=\/wp\/v2\/posts\/17418\/revisions\/17420"}],"wp:attachment":[{"href":"https:\/\/www.hohenlohe-ungefiltert.de\/index.php?rest_route=%2Fwp%2Fv2%2Fmedia&parent=17418"}],"wp:term":[{"taxonomy":"category","embeddable":true,"href":"https:\/\/www.hohenlohe-ungefiltert.de\/index.php?rest_route=%2Fwp%2Fv2%2Fcategories&post=17418"},{"taxonomy":"post_tag","embeddable":true,"href":"https:\/\/www.hohenlohe-ungefiltert.de\/index.php?rest_route=%2Fwp%2Fv2%2Ftags&post=17418"}],"curies":[{"name":"wp","href":"https:\/\/api.w.org\/{rel}","templated":true}]}}