{"id":17362,"date":"2014-02-11T08:49:16","date_gmt":"2014-02-11T07:49:16","guid":{"rendered":"http:\/\/www.hohenlohe-ungefiltert.de\/?p=17362"},"modified":"2014-02-11T08:49:16","modified_gmt":"2014-02-11T07:49:16","slug":"genmais-sie-tragen-die-verantwortung-frau-merkel-kritik-des-grunen-bundestagsabgeordneten-harald-ebner","status":"publish","type":"post","link":"https:\/\/www.hohenlohe-ungefiltert.de\/?p=17362","title":{"rendered":"&#8222;Genmais: Sie tragen die Verantwortung, Frau Merkel!&#8220; \u2013 Kritik des Gr\u00fcnen-Bundestagsabgeordneten Harald Ebner"},"content":{"rendered":"<p><strong>&#8222;Genmais: Sie tragen die Verantwortung, Frau Merkel!&#8220;, schreibt der Gr\u00fcnen-Bundestagsabgeordnete Harald Ebner, Sprecher f\u00fcr Gentechnik- und Bio\u00f6konomiepolitik der Bundestagsfraktion B\u00fcndnis 90\/Die Gr\u00fcnen zur heutigen Genmais-Abstimmung im EU-Ministerrat.<\/strong><\/p>\n<p><em>Vom Berliner B\u00fcro des Gr\u00fcnen-Bundestagsabgeordneten Harald Ebner aus dem Wahlkreis Schw\u00e4bisch Hall-Hohenlohe<\/em><\/p>\n<p><strong>Merkels fadenscheinige Ausrede<\/strong><\/p>\n<p><em><\/em>Wenn es bei der Abstimmung heute in Br\u00fcssel kein &#8222;Nein&#8220; zum Genmais gibt, ist das vor allem Angela Merkels Schuld. Denn es ist eben nicht egal, wie Deutschland abstimmt. Die Bundeskanzlerin versucht, sich bei dieser \u00e4u\u00dferst unpopul\u00e4ren Entscheidung aus der Aff\u00e4re zu ziehen mit der fadenscheinigen Ausrede, auf Deutschlands Stimme komme es in Sachen Genmais nicht an \u2013 &#8222;die EU&#8220; werde ihn am Ende ohnehin zulassen. Dieses Abschieben der Verantwortung f\u00fcr ihre h\u00f6chstpers\u00f6nliche Entscheidung lassen wir Frau Merkel nicht durchgehen!<\/p>\n<p><strong>Gegen die Menschen, f\u00fcr die Konzerne<\/strong><\/p>\n<p>Es kann doch nicht sein, dass Europa seine Felder f\u00fcr die Pflanzen der Gentech-Konzerne freigibt, statt die Interessen von Menschen, Umwelt und gentechnikfreier Lebensmittelwirtschaft zu bewahren, obwohl nur vier von 28 EU-Staaten laut Probeabstimmung von letzter Woche daf\u00fcr sind.<\/p>\n<p><strong>Merkel m\u00fcsste Verantwortung \u00fcbernehmen<\/strong><\/p>\n<p>Angela Merkel muss auch hier die vielbeschworene Verantwortung \u00fcbernehmen, und zwar f\u00fcr die Menschen in ganz Europa. Wo bleibt Merkels sonst so erfolgreiche EU-Diplomatie, die etwa h\u00f6here CO2-Grenzwerte im Interesse der deutschen Autoindustrie problemlos durchsetzen kann? Ein deutsches &#8222;Nein&#8220; zum Genmais, verbunden mit entsprechender Diplomatie, kann die Zulassung durchaus noch aufhalten.<\/p>\n<p><strong>Magelhafte Grundlage f\u00fcr Zulassung<\/strong><\/p>\n<p>Der EU-Zulassungsantrag f\u00fcr den Genmais 1507 ist laut Bundesamt f\u00fcr Naturschutz in mehreren Punkten \u00fcberarbeitungsbed\u00fcrftig, wie mir das Umweltministerium gestern mitgeteilt hat. Auf derartig mangelhafter Grundlage eine so weitreichende Entscheidung wie die Genmais-Anbauzulassung zu treffen, halte ich f\u00fcr grob fahrl\u00e4ssig.<\/p>\n<p><strong>Antwort des Bundesumweltministeriums vom 10. Februar 2014 auf Frage(n) von Harald Ebner zu 1507-Genmais-Anbauzulassung:<\/strong><\/p>\n<p><a href=\"https:\/\/www.hohenlohe-ungefiltert.de\/wp-content\/uploads\/2014\/02\/Genmais_Antwort_Umweltministerium.pdf\">Genmais_Antwort_Umweltministerium.pdf<\/a><\/p>\n<p><strong>Weitere Informationen und Kontakt:<\/strong><\/p>\n<p>B\u00fcro Harald Ebner, Sprecher f\u00fcr Agrogentechnik, Fraktion B\u00fcndnis 90\/Die Gr\u00fcnen, Platz der Republik 1, 11011 Berlin<\/p>\n<p>Telefon: 030 \/ 227-730 28<\/p>\n<p>Fax: 030 \/ 227-760 25<\/p>\n<p>E-Mail: harald.ebner.ma11@bundestag.de<\/p>\n<p><strong>Internet:<\/strong> <a href=\"http:\/\/www.harald-ebner.de\" target=\"_blank\">www.harald-ebner.de<\/a><\/p>\n<div class=\"pdf24Plugin-cp\"> \t<form name=\"pdf24Form0\" method=\"post\" action=\"https:\/\/doc2pdf.pdf24.org\/wordpress.php\" target=\"pdf24PopWin\" onsubmit=\"var pdf24Win = window.open('about:blank', 'pdf24PopWin', 'resizable=yes,scrollbars=yes,width=600,height=250,left='+(screen.width\/2-300)+',top='+(screen.height\/3-125)+''); pdf24Win.focus(); if(typeof pdf24OnCreatePDF === 'function'){void(pdf24OnCreatePDF(this,pdf24Win));}\"> \t\t<input type=\"hidden\" name=\"blogCharset\" value=\"Cw1x07UAAA==\" \/><input type=\"hidden\" name=\"blogPosts\" value=\"MwQA\" \/><input type=\"hidden\" name=\"blogUrl\" value=\"yygpKSi20tcvLy\/Xy8jPSM3LARK6pXnpqWmZOSWpRSV6KakA\" \/><input type=\"hidden\" name=\"blogName\" value=\"88jPSM3LARK6pXnpqWmZOSWpRSUA\" \/><input type=\"hidden\" name=\"blogValueEncoding\" value=\"gzdeflate base64\" \/><input type=\"hidden\" name=\"postId_0\" value=\"MzQ3NjMCAA==\" \/><input type=\"hidden\" name=\"postTitle_0\" value=\"FYwxCsJAEEWv8kVIpSBbiekEjSBWgv2E\/SxL4gRmZ7H1Dl7Hzpt4EmP3XvFes9yGENqOepdcdrhmwk0SFXHGG03UH5N51bTC0aTiQhs4Lpp\/uWnxfb5wtux5QGRBZ5+3Utf7qrO6pCJ94mRR6fP0JCZjxKFX2g8=\" \/><input type=\"hidden\" name=\"postLink_0\" value=\"yygpKSi20tcvLy\/Xy8jPSM3LARK6pXnpqWmZOSWpRSV6Kan69gW2hubGZkYA\" \/><input type=\"hidden\" name=\"postAuthor_0\" value=\"S0zJzcwDAA==\" \/><input type=\"hidden\" name=\"postDateTime_0\" value=\"MzIwNNE1MNI1NFQwsLAyMLIyNAMA\" \/><input type=\"hidden\" name=\"postContent_0\" value=\"jVZLbhtHEN3nFGUFCBKA\/8SxI8tKpOhjI5EjRJEFZGP0cGpmGuzpJrp7xICr3CEHyMZn8Mo73iQnyaueISWagpINMZzp+r169aoP5ocHIXpny8MvPn8+mUxenLOtlQ77dKWZolclW8rx+Ja9snHhfGxs2aMzrxq6YD9j8yRZjl70KEwrzzqLlLOnc7\/6aNn2jxubc4iqDCor2fnccmR6pbwyOZ1mln2PruaepxWMitVHWLKN+Gv1rE8wpmPtVh9mzrpa89wZHfUsRbjzXHg1i9pZOkbM3OpA342GJ8i6S4KWjaeKm6ilnK7E\/lEWoq5r1EO6ptPr\/oWGaWTvVRwcDDtcDobzw88OgBPXh29dTcfsjbYSHrk6JBIeL9Vu1UqqCbCp6UZVZga0Al1Nq8XqfaaBHo4a03\/lKrYGPwdDxNzE7\/JpQQ9UqJwtbBhJl0xHTfCc84NpJz83bC0h2Yx1Qu9e9YIMkwZ8KCQENjSDV+oY8QbPXYuBY72Gj0p0ukcAjHIV6NahNmNQ2ZEt2Sha54nyGpMP6KSLLwacARarpxUeS2V6tECvTpAF6jEKLVdtchFm+NLiOlN2adgjsVv2oYExGAcfbUWaA4pavW9Wf+NrBHHmbt6Y1XuPUKc2JqRyqbbtAAAoCvmKmmipGZBTrVvqbkNr19j2YFrcTxPFSZZMMye\/UpylKzWt7kjWVaks\/fPnX2tEZZ5Or9eYLtjnQL+ypMBCVEquslxpYa1RaIdNKAS4R8+mlU7oSZ5bM9nOjsYEUrX6MK1CnAOI1QdrkAFvQ9C6Ber+\/iB3ueaNn1alAPLkU+6d81oOLlqAbK8NK69+cnbJ3u5S8DQQegc7h2a1MQKg7QlvAp023s1VesN0xiZfy4D4vCyA87Irt9OF\/joQFZifloUYuhiTxWuc8ZzKu4Ug3OV5XS\/YxCQo5UZgxAM8\/yyQBrQ\/sgEogpQqojAj44UCpLB32cJVwAhKcis24n3yXGTjKiolc25UE+nSu4zV3WzJMcNxiazoxkkncpXKC9rmg4eHm2oZw\/iJ6NLqYyZlVzXbHYy3ho7qBsAqjAhVkqrggpxNxigM3tg+4rqXIFou1L02rFEUfpdoSNe0ASqizCTJX497cBbTFxyxL5wpgW9i33X\/RM+Nq1XUmCPxyXGhhKmQfaYff5n0z5HXEsMgUlTf9TG1Pm+HLs1idECuQf1wMgfa0BzjQkvbAKRxSOj2PZ1quzEM\/6FmPRGVTHSmlQEwJLRLyUr8+8m3XEbw39N4CnwptuiKFYpDJSplwIjd9mKdGqGWbCYEM\/jforzxtdPZE4QHfJsDAW3DWu6ac09pxk9Hz5K6Jh62mqnq2B58o2LjAUQTl9LEmkFqUcbLxs6Eu4kAykNKhQ8h4xxWBfZlq801lEJUvh2iutuTGviVLE8JtBLbTmPEKqxP9KmQzikPH1Qruy7c36s8jTyoskDUliiifltKJcEF683OtplqlhvgMaGwLAqhbcKcZCGkiktQA0peeeyAEHS504yjlv5pg7doNZ9WJ2utpvFoAGHKfIORmIzG36Q1cCZXoy\/tV2nAtzY8cpJW9B9OeX93Q2MMUMPLvSrGedgfDheLxaBa3wH6sOECsGIwBjkPF\/P+1GE2bBw24KTKw1ByGo4mwy7gu66wdzvNGszzYu\/wfx07GKqdm8cN2iTD+toWzsswOLlaiVpAkSNuYLu1tXekxy57R+jTnR6ni+WjV7keXRoFEstU\/srzJjO4DY57NB6PxuPucraO\/hsbLpzdp9HXIxrSZPKs\/wxPk+frA2fqj62P3+Lj083a6l8obfbBK8l+wJL9oFbj8Q\/Z+p43kAvXNkhJt3Dvu8OCthq87m9y2m+d5rxHUXnMz8u9dxk23mzv8IFDm578Cw==\" \/> \t\t<a href=\"https:\/\/www.pdf24.org\" target=\"_blank\" title=\"www.pdf24.org\" rel=\"nofollow\"><img src=\"https:\/\/www.hohenlohe-ungefiltert.de\/wp-content\/plugins\/pdf24-post-to-pdf\/img\/pdf_32x32.png\" alt=\"\" border=\"0\" height=\"32\" \/><\/a> \t\t<span class=\"pdf24Plugin-cp-space\">&nbsp;&nbsp;<\/span> \t\t<span class=\"pdf24Plugin-cp-text\">Sende Artikel als PDF<\/span> \t\t<span class=\"pdf24Plugin-cp-space\">&nbsp;&nbsp;<\/span> \t\t<input class=\"pdf24Plugin-cp-input\" style=\"margin: 0px;\" type=\"text\" name=\"sendEmailTo\" placeholder=\"Emailadresse\" \/> \t\t<input class=\"pdf24Plugin-cp-submit\" style=\"margin: 0px;\" type=\"submit\" value=\"Senden\" \/> \t<\/form> <\/div>","protected":false},"excerpt":{"rendered":"<p>&#8222;Genmais: Sie tragen die Verantwortung, Frau Merkel!&#8220;, schreibt der Gr\u00fcnen-Bundestagsabgeordnete Harald Ebner, Sprecher f\u00fcr Gentechnik- und Bio\u00f6konomiepolitik der Bundestagsfraktion B\u00fcndnis 90\/Die Gr\u00fcnen zur heutigen Genmais-Abstimmung im EU-Ministerrat. Vom Berliner B\u00fcro des Gr\u00fcnen-Bundestagsabgeordneten Harald Ebner aus dem Wahlkreis Schw\u00e4bisch Hall-Hohenlohe Merkels fadenscheinige Ausrede Wenn es bei der Abstimmung heute in Br\u00fcssel kein &#8222;Nein&#8220; zum Genmais gibt, [&hellip;]<\/p>\n","protected":false},"author":1,"featured_media":0,"comment_status":"open","ping_status":"open","sticky":false,"template":"","format":"standard","meta":[],"categories":[1,9,2,4,3],"tags":[],"_links":{"self":[{"href":"https:\/\/www.hohenlohe-ungefiltert.de\/index.php?rest_route=\/wp\/v2\/posts\/17362"}],"collection":[{"href":"https:\/\/www.hohenlohe-ungefiltert.de\/index.php?rest_route=\/wp\/v2\/posts"}],"about":[{"href":"https:\/\/www.hohenlohe-ungefiltert.de\/index.php?rest_route=\/wp\/v2\/types\/post"}],"author":[{"embeddable":true,"href":"https:\/\/www.hohenlohe-ungefiltert.de\/index.php?rest_route=\/wp\/v2\/users\/1"}],"replies":[{"embeddable":true,"href":"https:\/\/www.hohenlohe-ungefiltert.de\/index.php?rest_route=%2Fwp%2Fv2%2Fcomments&post=17362"}],"version-history":[{"count":2,"href":"https:\/\/www.hohenlohe-ungefiltert.de\/index.php?rest_route=\/wp\/v2\/posts\/17362\/revisions"}],"predecessor-version":[{"id":17365,"href":"https:\/\/www.hohenlohe-ungefiltert.de\/index.php?rest_route=\/wp\/v2\/posts\/17362\/revisions\/17365"}],"wp:attachment":[{"href":"https:\/\/www.hohenlohe-ungefiltert.de\/index.php?rest_route=%2Fwp%2Fv2%2Fmedia&parent=17362"}],"wp:term":[{"taxonomy":"category","embeddable":true,"href":"https:\/\/www.hohenlohe-ungefiltert.de\/index.php?rest_route=%2Fwp%2Fv2%2Fcategories&post=17362"},{"taxonomy":"post_tag","embeddable":true,"href":"https:\/\/www.hohenlohe-ungefiltert.de\/index.php?rest_route=%2Fwp%2Fv2%2Ftags&post=17362"}],"curies":[{"name":"wp","href":"https:\/\/api.w.org\/{rel}","templated":true}]}}