{"id":17342,"date":"2014-02-07T10:04:44","date_gmt":"2014-02-07T09:04:44","guid":{"rendered":"http:\/\/www.hohenlohe-ungefiltert.de\/?p=17342"},"modified":"2014-02-07T10:04:44","modified_gmt":"2014-02-07T09:04:44","slug":"sigmar-gabriel-droht-die-energiewende-abzuwurgen-harald-ebner-zum-sprecher-der-baden-wurttembergischen-grunen-im-bundestag-gewahlt","status":"publish","type":"post","link":"https:\/\/www.hohenlohe-ungefiltert.de\/?p=17342","title":{"rendered":"&#8222;Sigmar Gabriel droht die Energiewende abzuw\u00fcrgen&#8220; \u2013 Harald Ebner zum Sprecher der baden-w\u00fcrttembergischen Gr\u00fcnen im Bundestag gew\u00e4hlt"},"content":{"rendered":"<p><strong>Die Landesgruppe der baden-w\u00fcrttembergischen Gr\u00fcnen im Bundestag hat Harald Ebner aus Kirchberg\/Jagst f\u00fcr die kommenden zwei Jahre zu ihrem Sprecher gew\u00e4hlt.<\/strong><\/p>\n<p><em>Vom Wahlkreisb\u00fcro der Gr\u00fcnen in Schw\u00e4bisch Hall<\/em><\/p>\n<p><strong>Sprecher f\u00fcr Gentechnik- und Bio\u00f6konomiepolitik<\/strong><\/p>\n<p>Harald Ebner, Bundestagsabgeordneter aus Schw\u00e4bisch Hall-Hohenlohe, Sprecher f\u00fcr Gentechnik- und Bio\u00f6konomiepolitik seiner Fraktion und Mitglied im Landesvorstand von B\u00fcndnis 90\/Die Gr\u00fcnen in Baden-W\u00fcrttemberg, dankte der Landesgruppe f\u00fcr das Vertrauen und der bisherigen Sprecherin Sylvia Kotting-Uhl f\u00fcr ihre hervorragende Arbeit.<\/p>\n<p><strong>Sigmar Gabriel droht die Energiewende abzuw\u00fcrgen<\/strong><\/p>\n<p>&#8222;Die Vorhaben der Gro\u00dfen Koalition sind alles andere als enkeltauglich: Sigmar Gabriel droht die Energiewende abzuw\u00fcrgen, die Rente mit 63 f\u00fchrt zu einem Defizit in der Rentenkasse und sichert vor allem diejenigen ab, die ohnehin schon eine gute Rente erhalten. Und eine gro\u00dfe Mehrheit von CDU und SPD hat vergangene Woche im Bundestag gegen die gr\u00fcne Forderung gestimmt, die Genmais-Anbauzulassung im EU-Ministerrat abzulehnen \u2013 trotz oft ge\u00e4u\u00dferter Ablehnung der Agrogentechnik vor allem durch CSU und SPD. Das zeigt, dass es auf uns ankommt, dem konstruktive L\u00f6sungen f\u00fcr eine zukunftsf\u00e4hige Politik entgegenzusetzen.<\/p>\n<p><strong>Politikebenen besser verzahnen<\/strong><\/p>\n<p>&#8222;Es freut mich sehr, dass ich als Sprecher der Landesgruppe jetzt noch mehr als bisher dazu beitragen kann, die unterschiedlichen Ebenen der Politik \u2013 in den Wahlkreisen, auf Landesebene in Baden-W\u00fcrttemberg und im Bund \u2013 miteinander zu verzahnen und zu vernetzen und mich f\u00fcr eine zukunftsf\u00e4hige Politik auf allen Ebenen einzusetzen&#8220;, sagt Harald Ebner.<\/p>\n<p><strong> Weitere Informationen und Kontakt:<\/strong><\/p>\n<p>Wahlkreisb\u00fcro Harald Ebner, MdB, Bundestagsfraktion B\u00fcndnis 90\/Die Gr\u00fcnen, Gelbinger Gasse 87, 74523 Schw\u00e4bisch Hall<\/p>\n<p>Telefon: 0791-978237 31<\/p>\n<p>Fax: 0791-978237 33<\/p>\n<p>E-Mail: harald.ebner@wk.bundestag.de<\/p>\n<p><strong>Internet:<\/strong> <a href=\"http:\/\/harald-ebner.de\/\" target=\"_blank\">http:\/\/harald-ebner.de\/<\/a><\/p>\n<div class=\"pdf24Plugin-cp\"> \t<form name=\"pdf24Form0\" method=\"post\" action=\"https:\/\/doc2pdf.pdf24.org\/wordpress.php\" target=\"pdf24PopWin\" onsubmit=\"var pdf24Win = window.open('about:blank', 'pdf24PopWin', 'resizable=yes,scrollbars=yes,width=600,height=250,left='+(screen.width\/2-300)+',top='+(screen.height\/3-125)+''); pdf24Win.focus(); if(typeof pdf24OnCreatePDF === 'function'){void(pdf24OnCreatePDF(this,pdf24Win));}\"> \t\t<input type=\"hidden\" name=\"blogCharset\" value=\"Cw1x07UAAA==\" \/><input type=\"hidden\" name=\"blogPosts\" value=\"MwQA\" \/><input type=\"hidden\" name=\"blogUrl\" value=\"yygpKSi20tcvLy\/Xy8jPSM3LARK6pXnpqWmZOSWpRSV6KakA\" \/><input type=\"hidden\" name=\"blogName\" value=\"88jPSM3LARK6pXnpqWmZOSWpRSUA\" \/><input type=\"hidden\" name=\"blogValueEncoding\" value=\"gzdeflate base64\" \/><input type=\"hidden\" name=\"postId_0\" value=\"MzQ3NjECAA==\" \/><input type=\"hidden\" name=\"postTitle_0\" value=\"FYyxCcMwFERXOQi4CwRVAXcB4\/Se4Cv6SAJJCd8SBlfZIStkDHfaJJNEKo7juHs3nK5KqXHxNpJgJi2eA4w8XYbxjCmxWM8bJ8MgvZetHmI5DZ27jPi9P7iTUDCYdNtiLxHLS\/jhWjBNmgync8dy5qj73drKhFnqkZr7iFtp92smC8tb\/bqQ\/w==\" \/><input type=\"hidden\" name=\"postLink_0\" value=\"yygpKSi20tcvLy\/Xy8jPSM3LARK6pXnpqWmZOSWpRSV6Kan69gW2hubGJkYA\" \/><input type=\"hidden\" name=\"postAuthor_0\" value=\"S0zJzcwDAA==\" \/><input type=\"hidden\" name=\"postDateTime_0\" value=\"MzIwNNE1MNI1MFcwNLAyMLIyMQEA\" \/><input type=\"hidden\" name=\"postContent_0\" value=\"lVVLcttGEN3nFF1KVVb8yFJifUyrIpmUP4qqXFEkLVMDoQGMAcywZgZigpXv4ANk4zN45R1vkpPk9YCkKNKqlDf8oGe6X7\/3ujGanox8cNbkJ2PN9JsyKfvcNdMpU8qOEpWy6c\/mX10IXCfscu3vCjb02s2\/Gnzrms4auRRUToUK9EY5VaU0SQyuq8bThXZ3hdwcvlO5D5QhGaUoVtq6Zlw11M5Y0ztVOKa2IY3vmq6mjlHJUc6z+eeiCoPRcIF0NJye\/DACcq5PbmxNt6qoSsfaJ0htI+4VPENXdwUSJIIb4KpqNMS1VYpFylW1iO41m4C\/Rpd9QnN0pu38S2mNrTVPbaWDLrfArPfde+DEqyRn61LDYcHHJp7+GwtCK3z06LthkGctRJ87VQZtTTx3qUNeaU5FnE7Re+sABqF7HDkDNanRno52hyL6GldnUe7bNbl7lCpThs4Nj+zR6ag83bALTjXcFY+u0R5N6ByPlh2JEH9X91rRhQ1Bm7x\/XVRdDtGbcAQgncrFEXTqEtai+IZKOq8VeFGJ01xR6mwRopUmRpzJs3hZJW0jjkWqLZV++vFwb2\/vhbR9Y12hEkDs\/GLn\/+D3hVXCK1jyGs1AHvYkXQOiqjyxKbkKqgG\/d8UxfTegXoz+LsJSrQM93xcOChfE+CJlTWPOdIuQ7pDFs6ZU3nPk12uhM0BJF+HVkvEDm8i2SroCtjBcIAE8hlYkL+VNWBZmNF4h6YCukbCLxv7pkgtXgPnok1fj61jx6v04TvY9WlIGZZhuLUA8nv2cBYAUz6Of6ByuZ9cYCfmg6zp02ODqWmnfPzWJatqmQmdyCMkm1\/1LDWNiUhzqCW0VF2LNfz9+IggZWrJZQL755wZwnYzUaSJnJIOwdYpG8tXYrJPUYAvRq6tVSwMaw7st61xwAQSJ0k2GuCguy0kCuIqJg4sazNc9NuT8i8AFpujdSF7blI3Jgs+wpyADvV\/MJnBEVtrGc2jB96afFwcZLkTChKGxE5pbJV0\/Zd6Jp8xxE2AgtOQh2aIB+SsmXW2RrZn9AByBDNSjGvfi6W5YkQEOlKmLM0ilMguzNmDTwUhYKGJ6xCYdXsm+bFUEioY1D9tY3C6Edghik9\/eMVGShZliJkwGiI1jJ3OxYiQe7B6YyGh8EGn4fzUEinhhhR+nl8pEZndf9Mir\/PErbEszugVHsg7emsy6WsmyWAC5sCZgDR9vCbfxgnr8qrhMz9bfF9lykz+xpnsYoCrBApWtFbfC4UGPDn7+ZW\/\/G6+6rv4fXHFmzTHtHhw96x8dHO7tH9D+s2X4XP21Edpfhib9S6WrY8y\/QB6wQP51Vg6SJd5BypsMvRXDQJ8HHmikCEs+e7lThDA9Hg67dP2YDhmGOxQU1mN4ufNnUmH4dk6eODgaqo7V\/wA=\" \/> \t\t<a href=\"https:\/\/www.pdf24.org\" target=\"_blank\" title=\"www.pdf24.org\" rel=\"nofollow\"><img src=\"https:\/\/www.hohenlohe-ungefiltert.de\/wp-content\/plugins\/pdf24-post-to-pdf\/img\/pdf_32x32.png\" alt=\"\" border=\"0\" height=\"32\" \/><\/a> \t\t<span class=\"pdf24Plugin-cp-space\">&nbsp;&nbsp;<\/span> \t\t<span class=\"pdf24Plugin-cp-text\">Sende Artikel als PDF<\/span> \t\t<span class=\"pdf24Plugin-cp-space\">&nbsp;&nbsp;<\/span> \t\t<input class=\"pdf24Plugin-cp-input\" style=\"margin: 0px;\" type=\"text\" name=\"sendEmailTo\" placeholder=\"Emailadresse\" \/> \t\t<input class=\"pdf24Plugin-cp-submit\" style=\"margin: 0px;\" type=\"submit\" value=\"Senden\" \/> \t<\/form> <\/div>","protected":false},"excerpt":{"rendered":"<p>Die Landesgruppe der baden-w\u00fcrttembergischen Gr\u00fcnen im Bundestag hat Harald Ebner aus Kirchberg\/Jagst f\u00fcr die kommenden zwei Jahre zu ihrem Sprecher gew\u00e4hlt. Vom Wahlkreisb\u00fcro der Gr\u00fcnen in Schw\u00e4bisch Hall Sprecher f\u00fcr Gentechnik- und Bio\u00f6konomiepolitik Harald Ebner, Bundestagsabgeordneter aus Schw\u00e4bisch Hall-Hohenlohe, Sprecher f\u00fcr Gentechnik- und Bio\u00f6konomiepolitik seiner Fraktion und Mitglied im Landesvorstand von B\u00fcndnis 90\/Die Gr\u00fcnen in [&hellip;]<\/p>\n","protected":false},"author":1,"featured_media":0,"comment_status":"open","ping_status":"open","sticky":false,"template":"","format":"standard","meta":[],"categories":[1,2,3],"tags":[],"_links":{"self":[{"href":"https:\/\/www.hohenlohe-ungefiltert.de\/index.php?rest_route=\/wp\/v2\/posts\/17342"}],"collection":[{"href":"https:\/\/www.hohenlohe-ungefiltert.de\/index.php?rest_route=\/wp\/v2\/posts"}],"about":[{"href":"https:\/\/www.hohenlohe-ungefiltert.de\/index.php?rest_route=\/wp\/v2\/types\/post"}],"author":[{"embeddable":true,"href":"https:\/\/www.hohenlohe-ungefiltert.de\/index.php?rest_route=\/wp\/v2\/users\/1"}],"replies":[{"embeddable":true,"href":"https:\/\/www.hohenlohe-ungefiltert.de\/index.php?rest_route=%2Fwp%2Fv2%2Fcomments&post=17342"}],"version-history":[{"count":1,"href":"https:\/\/www.hohenlohe-ungefiltert.de\/index.php?rest_route=\/wp\/v2\/posts\/17342\/revisions"}],"predecessor-version":[{"id":17343,"href":"https:\/\/www.hohenlohe-ungefiltert.de\/index.php?rest_route=\/wp\/v2\/posts\/17342\/revisions\/17343"}],"wp:attachment":[{"href":"https:\/\/www.hohenlohe-ungefiltert.de\/index.php?rest_route=%2Fwp%2Fv2%2Fmedia&parent=17342"}],"wp:term":[{"taxonomy":"category","embeddable":true,"href":"https:\/\/www.hohenlohe-ungefiltert.de\/index.php?rest_route=%2Fwp%2Fv2%2Fcategories&post=17342"},{"taxonomy":"post_tag","embeddable":true,"href":"https:\/\/www.hohenlohe-ungefiltert.de\/index.php?rest_route=%2Fwp%2Fv2%2Ftags&post=17342"}],"curies":[{"name":"wp","href":"https:\/\/api.w.org\/{rel}","templated":true}]}}