{"id":17315,"date":"2014-02-07T10:21:39","date_gmt":"2014-02-07T09:21:39","guid":{"rendered":"http:\/\/www.hohenlohe-ungefiltert.de\/?p=17315"},"modified":"2014-02-07T10:21:51","modified_gmt":"2014-02-07T09:21:51","slug":"teilhabe-ist-schwerpunkt-im-schwabisch-haller-volkshochschulprogramm-informationen-des-burgerforums","status":"publish","type":"post","link":"https:\/\/www.hohenlohe-ungefiltert.de\/?p=17315","title":{"rendered":"&#8222;Teilhabe ist Schwerpunkt im Schw\u00e4bisch Haller Volkshochschulprogramm&#8220; \u2013 Informationen des B\u00fcrgerforums"},"content":{"rendered":"<p><strong>Die Volkshochschule (VHS) Schw\u00e4bisch Hall hat in ihrem Programm Februar bis August 2014 das Schwerpunktthema \u201cTeilhabe\u201d. Das ist aus Sicht des B\u00fcrgerforums Schw\u00e4bisch Hall sehr interessant, stellt es doch das Hauptfeld und die Intention des B\u00fcrgerforums dar.<\/strong><\/p>\n<p><em>Vom B\u00fcrgerforum Schw\u00e4bisch Hall<\/em><\/p>\n<p><strong>K\u00e4rrnerarbeit des B\u00fcrgerforums<\/strong><\/p>\n<p>Interessant ist es auch, dass ausgerechnet jetzt, sozusagen im Jahr &#8222;Eins&#8220; nach Entstehung des B\u00fcrgerforums dieses Schwerpunktthema gew\u00e4hlt wird. Bewusst oder nicht \u2013 bestimmt auch auf die K\u00e4rrnerarbeit des B\u00fcrgerforums zur\u00fcckzuf\u00fchren.<\/p>\n<p><strong>Folgende Veranstaltungen des VHS-Programms erscheinen aus Sicht des B\u00fcrgerforums besonders besuchenswert (alle im Haus der Bildung, abweichende Orte sind benannt):<\/strong><\/p>\n<p><strong>05.02. 19:00 Uhr:<\/strong> \u201cInnenstadtverkehr und Haalplatz\u201d \u2013 OB Hermann-Josef Pelgrim l\u00e4dt unter dem bezeichnenden Schlagwort \u201cStadtplanung trifft B\u00fcrgerschaft\u201d zusammen mit Verkehrsplaner M\u00f6rgenthaler zur Infoveranstaltung. Quasi eine Auftaktveranstaltung zum geplanten Symposium <strong>\u201cHaalplatz 2021 \u2013 von der Vergangenheit zur Vision\u201d<\/strong>, das am 28.03. vom B\u00fcrgerforum veranstaltet wird.<\/p>\n<p><strong>27.02. 16:00 Uhr \u2013 Marktplatz!:<\/strong> <strong>\u201cHaller zeigen ihre Stadt\u201d<\/strong>. In diesem Fall ist es Eberhard Neumann, Fachbereichsleiter Planen und Bauen.<\/p>\n<p><strong>20.03. 18:00 Uhr:<\/strong> <strong>\u201cLeben im Quartier \u2013 mehr als normale Nachbarschaft\u201d<\/strong> \u2013 Der Quartiermanager Dr. Clemens Beck aus dem Baugemeinschaftenquartier Freiburg-Rieselfeld erkl\u00e4rt den Hallern den Unterschied zwischen Siedlungsbrei und nachhaltiger Stadtentwicklung.<\/p>\n<p><strong>08.04. 19:30 Uhr:<\/strong> <strong>\u201cDie Krise der Demokratie\u201d<\/strong> \u2013 Marcel Miara in einem Grundsatzreferat \u00fcber den derzeitigen Zustand unseres Gesellschaftssystems<\/p>\n<p><strong>29.04. 19:30 Uhr:<\/strong> <strong>\u201cGeh mal wieder auf die Stra\u00dfe \u2013 Protestkultur in Deutschland\u201d<\/strong> \u2013 Paul Michel berichtet dar\u00fcber, wie und warum in Deutschland Proteste entstanden und entstehen.<\/p>\n<p><strong>03.06. 19:30 Uhr:<\/strong> <strong>\u201cWie kann b\u00fcrgerliche Teilhabe aussehen\u201d<\/strong> \u2013 B\u00fcrgerforums-Mitstreiter Peter Nieschling erkl\u00e4rt, warum B\u00fcrgerbeteiligung sein muss und Sinn macht \u2013 gerade in Hall!<\/p>\n<p><strong>12.06. 20:00 Uhr, Stadtwerke Vortragssaal: \u201cVerkehrsphysik \u2013 Die Optimierung der Mobilit\u00e4t\u201d<\/strong> \u2013 Michael Schreckenberg von der Uni Duisburg-Essen berichtet \u00fcber Simulations- und Optimierungssysteme zur Mobilit\u00e4t, und wie letztere in Zukunft aussehen wird.<\/p>\n<p><strong>25.06. 19:30 Uhr: \u201cBlicke in die Zukunft \u2013 Wie werden wir morgen leben und arbeiten?\u201d<\/strong> \u2013 Detlef Hollmann, der \u201cGast des Semesters und Senior Manager der Bertelsmann Stiftung, referiert \u00fcber Arbeits- und Lebensperspektiven in Deutschland.<\/p>\n<p><strong>08.07. 19:30 Uhr: \u201cTeilhabe 2.0 \u2013 Mehr Partizipation durch neue Medien\u201d<\/strong> \u2013 Dr. Gertrud Wolf referiert \u00fcber genau das, was gerade passiert, w\u00e4hrend ich das tippe: Wie neue Medien demokratische Beteiligungsprozesse f\u00f6rdern k\u00f6nnen.<\/p>\n<p><strong>Weitere Termine k\u00f6nnen angeh\u00e4ngt werden:<\/strong><\/p>\n<p>Das sind eine ganze Menge Termine, die allein schon der Anzahl wegen gerechtfertigter Weise von einem Schwerpunktthema \u201cTeilhabe\u201d zeugen. Wem noch weitere Termine zum Thema als erw\u00e4hnenswert erscheinen, darf sie \u00fcber die Kommentarfunktion sehr gerne noch anh\u00e4ngen!<\/p>\n<p><a href=\"http:\/\/www.buergerforum-sha.de\/2014\/01\/themenschwerpunkt-teilhabe-im-vhs-programm-1-2014\/\" target=\"_blank\">http:\/\/www.buergerforum-sha.de\/2014\/01\/themenschwerpunkt-teilhabe-im-vhs-programm-1-2014\/<\/a><\/p>\n<p><strong>B\u00fcrgerforum \u2013 Offener Treff in Schw\u00e4bisch Hall:<\/strong><\/p>\n<p>Mittwoch, 12. Februar 2014, von 20 bis 22 Uhr, im Haus der Bildung, Raum N.1.07 (offener Treff).<\/p>\n<div class=\"pdf24Plugin-cp\"> \t<form name=\"pdf24Form0\" method=\"post\" action=\"https:\/\/doc2pdf.pdf24.org\/wordpress.php\" target=\"pdf24PopWin\" onsubmit=\"var pdf24Win = window.open('about:blank', 'pdf24PopWin', 'resizable=yes,scrollbars=yes,width=600,height=250,left='+(screen.width\/2-300)+',top='+(screen.height\/3-125)+''); pdf24Win.focus(); if(typeof pdf24OnCreatePDF === 'function'){void(pdf24OnCreatePDF(this,pdf24Win));}\"> \t\t<input type=\"hidden\" name=\"blogCharset\" value=\"Cw1x07UAAA==\" \/><input type=\"hidden\" name=\"blogPosts\" value=\"MwQA\" \/><input type=\"hidden\" name=\"blogUrl\" value=\"yygpKSi20tcvLy\/Xy8jPSM3LARK6pXnpqWmZOSWpRSV6KakA\" \/><input type=\"hidden\" name=\"blogName\" value=\"88jPSM3LARK6pXnpqWmZOSWpRSUA\" \/><input type=\"hidden\" name=\"blogValueEncoding\" value=\"gzdeflate base64\" \/><input type=\"hidden\" name=\"postId_0\" value=\"MzQ3NjQFAA==\" \/><input type=\"hidden\" name=\"postTitle_0\" value=\"U1O2MDIysg5JzczJSExKVcgsLlEITs4oTy0qKM3LLlHIzAVzDy9JyixOzlDwSMzJSS1SCMvPyS7OyE\/OAIqV5hQU5acXJebmqoHMMrBWeNQwWcEzLy2\/KDexJDM\/LzVPISW1WMHp8J6i9NQioHBpbjEA\" \/><input type=\"hidden\" name=\"postLink_0\" value=\"yygpKSi20tcvLy\/Xy8jPSM3LARK6pXnpqWmZOSWpRSV6Kan69gW2hubGhqYA\" \/><input type=\"hidden\" name=\"postAuthor_0\" value=\"S0zJzcwDAA==\" \/><input type=\"hidden\" name=\"postDateTime_0\" value=\"MzIwNNE1MNI1MFcwNLAyMLIytgQA\" \/><input type=\"hidden\" name=\"postContent_0\" value=\"tVfLcttGELznK8ZOVcqu4kvMy1ZkpazIlpzEthLZclUuqQUxADZYLJjdhVjmyf+Qq1O56Bt88o1\/4i9JzwKkKJKJc8mFRYL76Jnu6RkcTA8PfHC1zQ+PNdNFbUpf1JPCT4rGMN25OD2\/S+eTYra4SjQe0qkyhgoVSFvSheOKzlydO1VV9JgT1yhHWEgPm7zxgcajvS8oVT4ewW7a2DKEgitFH968fcHaFCrhD2\/+HNAxFmnsUA0W60kRKGVPR4v3LmeX1a6p\/DYOz4UDkMCOvVc29MgHNiYQtqaIIl59qpppyNik1NiUUkT5BDts0LXdcUeq3OBg2KXkYDg9\/OQAKeLq8KKubizdQnMwxKrVju6EHxZXzll2yiWsd8S0ddWT62hiPrBBNZOiJ6HIV4+tPCksB\/qNw1xCrueNVzmDj4q+V8jIZ5\/eG4\/H3zzS1sevo2\/IKqB8ZAPyUzQ23xW4Zs87iMoZURbI6Uy7dEBHPGs8cNUpO7KRqA9v\/qCEfdBVFSJYfGQx0R+LnuaNW7yflPMmW7yHmOxgM3+Pa4PIUigTp1gflAmAzy1zEGd\/qT5P7MAEa4s\/\/01EQFrjQBe\/ASxbj4AD3QGFLCk8ld0S3ZE2KS7rkUpmrGUlcDx3gclrKClhq6wNd\/e35dL9Hn05GI0HtHd\/fzSil4W7Xinyf2IBFRGl4ZJdKUoWfZ4qZaZGhTmqImb2+RGdsqtwVf\/72nNGZ2xyB5xmcZUG7IFeALcCnrmgtALTCo9G5bPaCT9vz+UaHGuF++B0loVlWpA0lQW5TWRUVdhbgauLFpOXTbjg6eIdFttQKINfoA1FlNWX66QM6KdGeU1CAeo\/C6oMNxZgWwU5yYlBEL6uprXXeLbMF4Cuwod1jPdiAi5jnTpBlCvhvhAtCYQL7VHEgL7KaywTUhWN7w1Gnw+wd6NorwFxp+hN0sZft6R91ZEWMTxVrgwR1601Em\/gNjExrGMhQssUc74OboCctWUGrxT76ur7UcKuUC6lZ9wIzz38OynwUOj0BtHi5DPhwUaJHKlmR6WMRzHivXvbYlvD+SMnrVGAKxc0t+FVoj5lPNkaSkMZPBMA6lob68L9g46xbbkfgOE9jo7dgL4zDPmg4HhSUltFlaDN8RheFA9j+\/vy5scIMGlc3v9ZcmKiRUN10LWTwrXUJtXG7y9F5zhCc0rzmZiuSAi\/DJTlExwVcyM+B40GLZgiAxDtTE9KWbaVsxFU8kUs0M\/\/JWfSGH9w2nOU4TFXdekUItjKC1QyYUNPtXJK+qNUQkUnDsA8pOM4g\/oCLd4nsWSjrKGYEDXzC\/qlstKkvDQAOpGcmDZp3r+GcUu32OD8\/n\/Bf8IFgVXInSWApTmfB6cWf3FEDhcNcPCyQaFKR0WUTfBiITbdCvNMNRIkGDAwHSc+i2JC44yB9eSeyMVMScXdPGx5ExNLM1LRq2Qxt71ph7Ch6tFXHw3yFS4tUTyUtOVuBB8tRwxRo5fTt4K50Rz6TzVQuK7iWD6fQZuArmFfS232usi6rQnWaaNzcTgPyqnCXTGmcw08lVr2SKxV6CC6FfatzTj3xjHO8agr4F6r35kYMQYzB7pyzAXK7Iujr\/y5eO112ZYlUvB8ijaM4mp7PHy7ToAtLK62q1gYVKAQnQITRckW5OUrt31pNR032scCfYTk2TWuWwWf66qBJcKCfT\/Gu3Z5p1iOPn0NotcKA0CNDC8QuqTjl6ZsbBZWJP2DMX+5oQNJwxF4LuMhIunlQRKeCAK5S9vjqKqlf+HapBNcO5Ow\/XaHvQWDPntaG9PacRpt8u2J8u1AcY7AvNhRyzJbXSPIzgjj5ICBgo2X3SBRZyGOEbH+tcwabf4eRgRd7qIx+ykOnXIZ9KW49I3K2WleX2\/mYyV4iKllWaz9TBx3rqeqHXobhxnNcsP4F2nbLgox8xMAdU1Kr2qTbUFHKlUjvVZqwS+VPcWIKovwECMjxrmUdDeEBz2d8n4kZe1iaRCtmYqfI22rSvJTV88xBjNlmDxS6QLl4p1MTFt5eBXLVWrdVTJ6dOtIZoVicWXz0Olge1CTl444y8WZBdPFXJBh3\/KwXpSVtCGQAYxdcTy0c1XAUFkk1Q7keMNAjnOxDAACbimktgF85N0HQwM6pB1gX4UGjITNNiKSuelF3Ck9mp1k1y7n1uuxV4YflyEgXrYYaVy1jHQBf8j9Qn98aQJoHBxvUzZmie21IykCe9mD20UI0\/3hcDabDZKGVz7Z94UapDyUt7vhaG8oUbH092WY\/dCF19dV\/7Lw\/Wk3pff3+nHTbQKinMOD278mEHd5+\/B\/u+pgqLYG8xsjYRyys4xlzH2BsDMpvM2Xu23toFWEWS1vZjDu1buvXNmL3I9H8UV4PG69fOeLxc8K9z8b7KGQ6U69juFuK\/O\/AQ==\" \/> \t\t<a href=\"https:\/\/www.pdf24.org\" target=\"_blank\" title=\"www.pdf24.org\" rel=\"nofollow\"><img src=\"https:\/\/www.hohenlohe-ungefiltert.de\/wp-content\/plugins\/pdf24-post-to-pdf\/img\/pdf_32x32.png\" alt=\"\" border=\"0\" height=\"32\" \/><\/a> \t\t<span class=\"pdf24Plugin-cp-space\">&nbsp;&nbsp;<\/span> \t\t<span class=\"pdf24Plugin-cp-text\">Sende Artikel als PDF<\/span> \t\t<span class=\"pdf24Plugin-cp-space\">&nbsp;&nbsp;<\/span> \t\t<input class=\"pdf24Plugin-cp-input\" style=\"margin: 0px;\" type=\"text\" name=\"sendEmailTo\" placeholder=\"Emailadresse\" \/> \t\t<input class=\"pdf24Plugin-cp-submit\" style=\"margin: 0px;\" type=\"submit\" value=\"Senden\" \/> \t<\/form> <\/div>","protected":false},"excerpt":{"rendered":"<p>Die Volkshochschule (VHS) Schw\u00e4bisch Hall hat in ihrem Programm Februar bis August 2014 das Schwerpunktthema \u201cTeilhabe\u201d. Das ist aus Sicht des B\u00fcrgerforums Schw\u00e4bisch Hall sehr interessant, stellt es doch das Hauptfeld und die Intention des B\u00fcrgerforums dar. Vom B\u00fcrgerforum Schw\u00e4bisch Hall K\u00e4rrnerarbeit des B\u00fcrgerforums Interessant ist es auch, dass ausgerechnet jetzt, sozusagen im Jahr &#8222;Eins&#8220; [&hellip;]<\/p>\n","protected":false},"author":1,"featured_media":0,"comment_status":"open","ping_status":"open","sticky":false,"template":"","format":"standard","meta":[],"categories":[1,10,6,2,8,4,5,3],"tags":[],"_links":{"self":[{"href":"https:\/\/www.hohenlohe-ungefiltert.de\/index.php?rest_route=\/wp\/v2\/posts\/17315"}],"collection":[{"href":"https:\/\/www.hohenlohe-ungefiltert.de\/index.php?rest_route=\/wp\/v2\/posts"}],"about":[{"href":"https:\/\/www.hohenlohe-ungefiltert.de\/index.php?rest_route=\/wp\/v2\/types\/post"}],"author":[{"embeddable":true,"href":"https:\/\/www.hohenlohe-ungefiltert.de\/index.php?rest_route=\/wp\/v2\/users\/1"}],"replies":[{"embeddable":true,"href":"https:\/\/www.hohenlohe-ungefiltert.de\/index.php?rest_route=%2Fwp%2Fv2%2Fcomments&post=17315"}],"version-history":[{"count":6,"href":"https:\/\/www.hohenlohe-ungefiltert.de\/index.php?rest_route=\/wp\/v2\/posts\/17315\/revisions"}],"predecessor-version":[{"id":17348,"href":"https:\/\/www.hohenlohe-ungefiltert.de\/index.php?rest_route=\/wp\/v2\/posts\/17315\/revisions\/17348"}],"wp:attachment":[{"href":"https:\/\/www.hohenlohe-ungefiltert.de\/index.php?rest_route=%2Fwp%2Fv2%2Fmedia&parent=17315"}],"wp:term":[{"taxonomy":"category","embeddable":true,"href":"https:\/\/www.hohenlohe-ungefiltert.de\/index.php?rest_route=%2Fwp%2Fv2%2Fcategories&post=17315"},{"taxonomy":"post_tag","embeddable":true,"href":"https:\/\/www.hohenlohe-ungefiltert.de\/index.php?rest_route=%2Fwp%2Fv2%2Ftags&post=17315"}],"curies":[{"name":"wp","href":"https:\/\/api.w.org\/{rel}","templated":true}]}}