{"id":17292,"date":"2014-02-03T09:29:43","date_gmt":"2014-02-03T08:29:43","guid":{"rendered":"http:\/\/www.hohenlohe-ungefiltert.de\/?p=17292"},"modified":"2014-02-03T09:29:52","modified_gmt":"2014-02-03T08:29:52","slug":"drohende-genmais-zulassung-erwarten-statt-taten-kommentar-des-grunen-bundestagsabgeordneten-harald-ebner","status":"publish","type":"post","link":"https:\/\/www.hohenlohe-ungefiltert.de\/?p=17292","title":{"rendered":"&#8222;Drohende Genmais-Zulassung: Erwarten statt Taten?&#8220; \u2013 Kommentar des Gr\u00fcnen-Bundestagsabgeordneten Harald Ebner"},"content":{"rendered":"<p><strong>Zur Abstimmung und den Debattenbeitr\u00e4gen von SPD und CDU zum Thema Genmais-Zulassung im Bundestag gibt Harald Ebner, Sprecher f\u00fcr Gentechnik- und Bio\u00f6konomiepolitik der Bundestagsfraktion B\u00fcndnis 90\/Die Gr\u00fcnen eine Erkl\u00e4rung ab.<\/strong><\/p>\n<p><em>Kommentar des Gr\u00fcnen-Bundestagsabgeordneten Harald Ebner<\/em><\/p>\n<p><strong>Abwarten reicht nicht aus<\/strong><\/p>\n<p>Es verschl\u00e4gt mir fast die Sprache, wenn ich sehe, wie Abgeordnete der SPD sich in der Plenardebatte als aufrechte K\u00e4mpferinnen f\u00fcr Gentechnikfreiheit inszenieren \u2013 wenige Stunden, nachdem sie ausdr\u00fccklich gegen unseren Antrag gestimmt haben, die anstehende Genmais-Zulassung in Br\u00fcssel abzulehnen. Stattdessen setzt zum Beispiel Ute Vogt auf das Prinzip Hoffnung: sie &#8222;erwarte&#8220; ein &#8222;klares Nein&#8220; der Bundesregierung. Erwarten statt Taten d\u00fcrfte aber wenig helfen, um sich gegen Merkels Pro-Gentech-Kurs durchzusetzen.<\/p>\n<p><strong>Unser Antrag liegt schon seit Dezember vor<\/strong><\/p>\n<p>Alois Gerig von der CDU hat, \u00fcbrigens anders als f\u00fcnf seiner Fraktionskollegen, angeblich nur wegen &#8222;fachlicher M\u00e4ngel&#8220; nicht f\u00fcr unseren Antrag gestimmt. Ich wei\u00df zwar nicht, worin die bestehen k\u00f6nnten, bei einem Antrag, dessen Forderung aus einem einzigen kurzen Satz besteht \u2013 aber die Koalition h\u00e4tte ja durchaus Gelegenheit gehabt, einen eigenen Antrag mit gleichem Ziel einzubringen, oder mit uns \u00fcber \u00c4nderungen zu reden. Unser Antrag liegt schlie\u00dflich schon seit Dezember vor, Zeit genug gab es also daf\u00fcr, passiert ist nichts dergleichen.<\/p>\n<p><strong>Haneb\u00fcchen und weltfremd<\/strong><\/p>\n<p>Und es schl\u00e4gt dem Fass den Boden aus, wenn dann von Seiten der Union auch noch abgewiegelt wird, auch im Falle einer Zulassung g\u00e4be es dennoch keinen Anbau in Deutschland. Das ist haneb\u00fcchen, weltfremd und entbehrt jeder Grundlage. Auch der Genmais MON810 wurde nach seiner Zulassung in Deutschland angebaut, bevor das nationale Anbauverbot kam.<\/p>\n<p><strong>SPD, CSU und CDU m\u00fcssen sich f\u00fcr ein Nein stark machen<\/strong><\/p>\n<p>Ich erwarte jetzt auch mal etwas: n\u00e4mlich, dass meine Kolleginnen und Kollegen von SPD, CSU und auch CDU sich nicht nur in der \u00d6ffentlichkeit, sondern auch hinter den Kulissen f\u00fcr ein &#8222;Nein&#8220; ihrer Regierung stark machen. Zusammen mit den Parteichefs Sigmar Gabriel und Horst Seehofer m\u00fcssen sie es schaffen, Angela Merkel davon zu \u00fcberzeugen, auch bei der Gentechnik Volkes Wille nicht l\u00e4nger zu ignorieren.<\/p>\n<p><strong>Ergebnisse der Abstimmung:<\/strong><\/p>\n<p>Im Anhang finden Sie einen Auszug aus dem mit den Debattenbeitr\u00e4gen zum Thema Genmais sowie die Liste mit dem Ergebnis der namentlichen Abstimmung unseres Antrags, die Genmais-Zulassung abzulehnen. Darin l\u00e4sst sich das Abstimmungsverhalten aller Abgeordneten nachlesen. &#8222;NEIN&#8220; bedeutet dabei eine Zustimmung zu unserem Antrag, &#8222;JA&#8220; eine Ablehnung. Au\u00dferdem haben wir eine \u00dcbersicht der von der Fraktionslinie abweichenden und nicht abgegebenen Stimmen zusammengestellt.<\/p>\n<p><strong> Als \u00fcbersichtliche interaktive Grafik finden Sie das Abstimmungsergebnis auf folgender Internetseite:<\/strong><\/p>\n<p><a href=\"http:\/\/www.bundestag.de\/bundestag\/plenum\/abstimmung\/grafik\/index.jsp\" target=\"_blank\">http:\/\/www.bundestag.de\/bundestag\/plenum\/abstimmung\/grafik\/index.jsp<\/a><\/p>\n<p>Das Video der Generaldebatte Landwirtschaft und Ern\u00e4hrung finden Sie unter:<\/p>\n<p><a href=\"http:\/\/dbtg.tv\/fvid\/3087049\" target=\"_blank\">http:\/\/dbtg.tv\/fvid\/3087049<\/a><\/p>\n<p>(um das Thema Gentechnik geht es ab Minute 15)<\/p>\n<p><strong> Die Rede von Ute Vogt mit ihrer &#8222;Erwartung&#8220; finden Sie unter<\/strong><\/p>\n<p><a href=\"http:\/\/dbtg.tv\/fvid\/3087079\" target=\"_blank\">http:\/\/dbtg.tv\/fvid\/3087079<\/a><\/p>\n<p><strong> Harald Ebners Rede k\u00f6nnen Sie gezielt aufrufen unter<\/strong><\/p>\n<p><a href=\"http:\/\/dbtg.tv\/fvid\/3087107\" target=\"_blank\">http:\/\/dbtg.tv\/fvid\/3087107<\/a><\/p>\n<p><strong> Harald Ebners Zwischenfrage an Alois Gerig finden Sie in diesem Video<\/strong><\/p>\n<p><a href=\"http:\/\/dbtg.tv\/fvid\/3087110\" target=\"_blank\">http:\/\/dbtg.tv\/fvid\/3087110<\/a><\/p>\n<p><strong> Weitere Informationen und Kontakt:<\/strong><\/p>\n<p>B\u00fcro Harald Ebner, MdB, Sprecher f\u00fcr Agrogentechnik, Fraktion B\u00fcndnis 90\/Die Gr\u00fcnen<\/p>\n<p>Telefon: 030 \/ 227-730 28<\/p>\n<p>Fax: 030 \/ 227-760 25<\/p>\n<p>E-Mail: harald.ebner.ma11@bundestag.de<\/p>\n<p><strong>Internet:<\/strong> <a href=\"http:\/\/www.harald-ebner.de\" target=\"_blank\">www.harald-ebner.de<\/a><\/p>\n<div class=\"pdf24Plugin-cp\"> \t<form name=\"pdf24Form0\" method=\"post\" action=\"https:\/\/doc2pdf.pdf24.org\/wordpress.php\" target=\"pdf24PopWin\" onsubmit=\"var pdf24Win = window.open('about:blank', 'pdf24PopWin', 'resizable=yes,scrollbars=yes,width=600,height=250,left='+(screen.width\/2-300)+',top='+(screen.height\/3-125)+''); pdf24Win.focus(); if(typeof pdf24OnCreatePDF === 'function'){void(pdf24OnCreatePDF(this,pdf24Win));}\"> \t\t<input type=\"hidden\" name=\"blogCharset\" value=\"Cw1x07UAAA==\" \/><input type=\"hidden\" name=\"blogPosts\" value=\"MwQA\" \/><input type=\"hidden\" name=\"blogUrl\" value=\"yygpKSi20tcvLy\/Xy8jPSM3LARK6pXnpqWmZOSWpRSV6KakA\" \/><input type=\"hidden\" name=\"blogName\" value=\"88jPSM3LARK6pXnpqWmZOSWpRSUA\" \/><input type=\"hidden\" name=\"blogValueEncoding\" value=\"gzdeflate base64\" \/><input type=\"hidden\" name=\"postId_0\" value=\"MzQ3sjQCAA==\" \/><input type=\"hidden\" name=\"postTitle_0\" value=\"U1O2MDIysnYpys9IzUtJVXBPzctNzCzWjSrNSSwuLs1Lt1JwLSpPLCpJzVMoLkksKVEISQSy7dVA+gysFR41TFbwzs\/NTc0rSSxSSEktVnAvOrwnLzVP16kUaB5QS3pxYlJ6an5RSl4qyBCPxKLEnBQF16S81CIA\" \/><input type=\"hidden\" name=\"postLink_0\" value=\"yygpKSi20tcvLy\/Xy8jPSM3LARK6pXnpqWmZOSWpRSV6Kan69gW2huZGlkYA\" \/><input type=\"hidden\" name=\"postAuthor_0\" value=\"S0zJzcwDAA==\" \/><input type=\"hidden\" name=\"postDateTime_0\" value=\"MzIwNNE1MNI1MFYwsLQyMLIyMQYA\" \/><input type=\"hidden\" name=\"postContent_0\" value=\"rVjBbuNGFrzvVzQmwGIXkCXZycQTxzFWjj2eiePJIB4ngC+LpvlI9ohsCt1NK9Aph\/2DBXIKMBd\/Q05z05\/sl2xVk5Rky8YmwV4MkWy+rlevXvWjD2dHhz642uZH141Tk8QHU1WNzVVjU5WKVSeS6BDEJmKCW97luHVbW3X59iQu+frkSi2aSr0rpNLqTGyljd+5bkrtPcOYSh1jnfigc5WbJKhX2ukyVaeJFTdQlzMnN4U4lS0\/Or4fcGnNdCdGPzb18rdpbevKyKwuTTBTgHLrkD5zehoMAB0vP9rUGq++GI9OjKgzhxsAK8aKOnXTcnnnCEgnw8NRl\/LhaHb0l0NQINXReV1V2F07bOD7t3fWG+kkl9qlVsDFvRwOR3h7FamLPEnm2nGlE3NTBGXjX934rb1PvboV528KAMyDqgyo0D6oFDmAHA1yBmou1iqEUF7iJZ5N1ngiJSyI5xJj4\/XbUqx2aVs9pUuP3TNyjavz5V01y8QZS4YeMI9FpkCxEcgvxBpxWPOfn\/9NECYHqEBO7EBZYEulwq7CzFJQdjMtCSEXyqSxPr47scGx+BK1FVShE77OBLX1ARkh3mPSQVER03spUbVFU0oBuEMAQEqoikdsL2ERogCPxfiZwdIrJPhDnZPtTKXaq7fIc2Fm6lWdZRaBDyLiv37yYm9v70txsVDxavwl1dI\/mZbaQQlvcKt\/upaekxzEINgQ2upK7YlLvdP8nYLTjLwneCUSpwopM+bdVG2dWpIuxE2lJMh6p6vBznnjvEobd1MsGiaIpB\/q64rc9syWRpAuJFSTEFTuRBZScefb2m0JblLW6JIzVD+Pncyk2MWFDgO1\/JjgvlioBWkCBoUDgdiMkaF29bJrOD+ty5IpDLA0lyQW3jbMlnl1JGbQCJ\/gxYvlHdaVPZdtR0TtPSGUoXqNkHMxyw9qAY7bV6D+2lHjqGEirXzUdPmbBXfAApuKLV910QaqU8pLNIu0DtD4bolQGEQ7bRxYVpc6LLqgIUo+lo87ndea7gO6iuUdG+q9bivEYGcSiYhNkwvkDZDcgOaD++vMKi4o6QjY\/JpiJYIGlNtIZM1acBEYYSlwtfyXbWEjyqKBnaRsgcfLjx\/LD7EOT2hhoK5bjLYBzTpREgtco01YiIGaofWga\/S+7zzLUx8d5m0ZvtJWErR9Eds9RbHKAP+o0i3VXeEpdlv5HI3jJXaLZ8xxzb+gsnO6VNvulAFcaSV6Zcm+bqiyGn\/ox\/BBKCrAD106aJ8ZhoUwVavWtZvky7tECAFbxQDTtkQTm+iGXnMiTSA8CH+oTuAb5KBYJzhYZxdzRbMmUoCr90J8ZyhSWupchmpCIPFe62nq4rs3L3bHat5AgtE2+2a6Z3YbANqW0k2goFG46GNWU4AauUXMODWSOqiprrbKgrNgoL6+vFqd0FW0UdsaT+w5Gh2tja7lpqriOWO3qsYG7BwSadJqI8mVhnLDXPsDZXGUUHIDQvSqisftebSG9nQhhPPOKvrJYQ0uhiPCiKz1BJpId4gtf8ngmYEboFxgw9dsh04HhUHPu6ig86Y0McNVcp0Bbdq3KRyWf99b973Uh6iF1xwBYgMy5lumTd1nXl2avIIDnWn0KtqW0F\/VDgK5FCnqjG27olg6oess+v2Erqc7owdL5ACdHNt7IU3roEyH1tWppjuKcY6VUwT70VDRLTtltFHHECa3sEJa55YCTh30Y0lJDLme6w62a0yrhM5zlRke7MhVOvuaNH7RtIbJfu2JeWQk3BoBUSlOKfTOb9FI0r1cqR5ZxGV11ZWXu20OnzwRfOdwvh0WtieEzangRPNUADseVYlqYs+sY3r0S6FL2gn9wW0OUDY2ZSmegXrhnL5+0wsnQYc3QZCA7s8XyqVHi1K0gNeHThfkm8nGYMGZjWjj1DBplh\/EkZA4DtHC2jXLX6ELH0udRtduO2F17JbGcnBK5q0lp12LdQNmwqkiiWfOJeHF0rS65rEqZRm2tKImZXfaxG1jNVRsLW55y1FaZxDjhjweUCt9TTlyZXWZE5dTrxkD\/PIckm3hHWqFhsy+elaEMDsYjebz+TDp5+1hKqPVxWiGYbapRnq15SiPmEaE9NPwvZ89U2jmXMJXz\/6ZwEGnz47+H1EPR3oFl0fCDyaVum9S4TdAN19\/C9NGCUNs+xArcurgjUU0mg3mGnJy8BQFaRLyYbgdZbcmHX06frE\/\/uyLJzN7bPEm4L+hJ1moVV\/2rpJzvOHRn6gLYyFstfv871uq4EfU9xB+lOBqqGYbtz7aSbwdf5Flr\/SHyf7Pum\/nsf9Hkt6\/l\/QK\/uYnmm8TiVNiBy2XheHowI+iJotN9Kew7o73fz9WLP4dWK\/nxrO18Wmb8xNJbU7sG+y2Q7CHhURZ\/gnsu+M\/gH13\/Cj2H9ncTtDsWe2qOKKsTn18Tk\/DduPjU93VD\/4PcJEeP\/xnwCR3db5S7WBlgU996vfh32Ecz2p7oMafjtVI7e3t7+zj196LfsFL\/dO9h5\/j4fPV9\/jOhTblAWyZ8IZCeMNK7+7+Y9NFHtLQW906WfWYvbVBd9qgqWyz\/8iiFev\/BQ==\" \/> \t\t<a href=\"https:\/\/www.pdf24.org\" target=\"_blank\" title=\"www.pdf24.org\" rel=\"nofollow\"><img src=\"https:\/\/www.hohenlohe-ungefiltert.de\/wp-content\/plugins\/pdf24-post-to-pdf\/img\/pdf_32x32.png\" alt=\"\" border=\"0\" height=\"32\" \/><\/a> \t\t<span class=\"pdf24Plugin-cp-space\">&nbsp;&nbsp;<\/span> \t\t<span class=\"pdf24Plugin-cp-text\">Sende Artikel als PDF<\/span> \t\t<span class=\"pdf24Plugin-cp-space\">&nbsp;&nbsp;<\/span> \t\t<input class=\"pdf24Plugin-cp-input\" style=\"margin: 0px;\" type=\"text\" name=\"sendEmailTo\" placeholder=\"Emailadresse\" \/> \t\t<input class=\"pdf24Plugin-cp-submit\" style=\"margin: 0px;\" type=\"submit\" value=\"Senden\" \/> \t<\/form> <\/div>","protected":false},"excerpt":{"rendered":"<p>Zur Abstimmung und den Debattenbeitr\u00e4gen von SPD und CDU zum Thema Genmais-Zulassung im Bundestag gibt Harald Ebner, Sprecher f\u00fcr Gentechnik- und Bio\u00f6konomiepolitik der Bundestagsfraktion B\u00fcndnis 90\/Die Gr\u00fcnen eine Erkl\u00e4rung ab. Kommentar des Gr\u00fcnen-Bundestagsabgeordneten Harald Ebner Abwarten reicht nicht aus Es verschl\u00e4gt mir fast die Sprache, wenn ich sehe, wie Abgeordnete der SPD sich in der [&hellip;]<\/p>\n","protected":false},"author":1,"featured_media":0,"comment_status":"open","ping_status":"open","sticky":false,"template":"","format":"standard","meta":[],"categories":[1,9,2,4,3],"tags":[],"_links":{"self":[{"href":"https:\/\/www.hohenlohe-ungefiltert.de\/index.php?rest_route=\/wp\/v2\/posts\/17292"}],"collection":[{"href":"https:\/\/www.hohenlohe-ungefiltert.de\/index.php?rest_route=\/wp\/v2\/posts"}],"about":[{"href":"https:\/\/www.hohenlohe-ungefiltert.de\/index.php?rest_route=\/wp\/v2\/types\/post"}],"author":[{"embeddable":true,"href":"https:\/\/www.hohenlohe-ungefiltert.de\/index.php?rest_route=\/wp\/v2\/users\/1"}],"replies":[{"embeddable":true,"href":"https:\/\/www.hohenlohe-ungefiltert.de\/index.php?rest_route=%2Fwp%2Fv2%2Fcomments&post=17292"}],"version-history":[{"count":2,"href":"https:\/\/www.hohenlohe-ungefiltert.de\/index.php?rest_route=\/wp\/v2\/posts\/17292\/revisions"}],"predecessor-version":[{"id":17294,"href":"https:\/\/www.hohenlohe-ungefiltert.de\/index.php?rest_route=\/wp\/v2\/posts\/17292\/revisions\/17294"}],"wp:attachment":[{"href":"https:\/\/www.hohenlohe-ungefiltert.de\/index.php?rest_route=%2Fwp%2Fv2%2Fmedia&parent=17292"}],"wp:term":[{"taxonomy":"category","embeddable":true,"href":"https:\/\/www.hohenlohe-ungefiltert.de\/index.php?rest_route=%2Fwp%2Fv2%2Fcategories&post=17292"},{"taxonomy":"post_tag","embeddable":true,"href":"https:\/\/www.hohenlohe-ungefiltert.de\/index.php?rest_route=%2Fwp%2Fv2%2Ftags&post=17292"}],"curies":[{"name":"wp","href":"https:\/\/api.w.org\/{rel}","templated":true}]}}