{"id":17285,"date":"2014-01-31T09:39:12","date_gmt":"2014-01-31T08:39:12","guid":{"rendered":"http:\/\/www.hohenlohe-ungefiltert.de\/?p=17285"},"modified":"2014-01-31T10:02:17","modified_gmt":"2014-01-31T09:02:17","slug":"linke-nimmt-kurs-auf-den-kreistag-in-hohenlohe-30-linke-kandidaten-fur-die-wahl-zum-kreistag-in-hohenlohe-nominiert","status":"publish","type":"post","link":"https:\/\/www.hohenlohe-ungefiltert.de\/?p=17285","title":{"rendered":"&#8222;LINKE nimmt Kurs auf den Kreistag in Hohenlohe&#8220; \u2013 30 LINKE-Kandidaten f\u00fcr die Wahl zum Kreistag in Hohenlohe nominiert"},"content":{"rendered":"<p><strong>Jetzt ist es amtlich: 30 LINKE-Kandidaten sind f\u00fcr die Wahl zum Kreistag in Hohenlohe nominiert.\u00a0Am 21. Januar 2014 haben die Mitglieder der LINKEN aus Hohenlohe bei der Nominierungsversammlung im Landhotel \u201eG\u00fcnzburg\u201c in Eschental 30 Kandidaten f\u00fcr die sechs Wahlkreise des Landkreises zur Kreistagswahl nominiert. Ein gro\u00dfer Teil der Kandidaten kommt aus den eigenen Reihen der LINKEN.<\/strong><\/p>\n<p><em>Von Kai Bock, Die Linke, Kreisverband Schw\u00e4bisch Hall-Hohenlohe<\/em><\/p>\n<p><strong>Schattendasein in der Region beenden<\/strong><\/p>\n<p><em><\/em>Der Sprecher der LINKEN Ernst Kern kommentiert: \u201eWir sind gl\u00fccklich, 30 Kandidaten gefunden zu haben, die f\u00fcr den Kreistag Hohenlohe kandidieren.\u201c Die Partei brauche eine kommunale Verankerung um ihr Schattendasein in der Region zu durchbrechen, kommentiert Kai Bock als Spitzenkandidat f\u00fcr \u00d6hringen die Nominierung der Kandidaten.<\/p>\n<p><strong>F\u00fcr eine sozialere und gerechtere Politik im Landkreis<\/strong><\/p>\n<p>\u201eWir werden uns jetzt gr\u00fcndlich auf die kommunalen Themen des Landkreises konzentrieren, um aktiv vor Ort eine sozialere und gerechtere Politik im Landkreis zu etablieren\u201c, sagt Richard Neumann, Spitzenkandidat f\u00fcr den Wahlkreis Neuenstein. Vor allem um die Belange der B\u00fcrger wie zum Beispiel das Vorantreiben des Breitbandausbaus der Telekommunikationsnetze im l\u00e4ndlichen Raum m\u00f6chte sich Hansj\u00f6rg Hafner, Spitzenkandidat von Pfedelbach-Bretzfeld, k\u00fcmmern.<\/p>\n<p><strong>Bald geht der Wahlkampf vor Ort los<\/strong><\/p>\n<p>Da nun auch der Kreiswahlleiter die Partei DIE LINKE zur Kommunalwahl im Hohenlohekreis zugelassen hat, wird schon bald der Wahlkampf vor Ort losgehen. Zu erkl\u00e4ren warum gerade die LINKE in den Kreistag geh\u00f6rt, ist jetzt unsere Aufgabe, die aber durch viele gute Argumente unterst\u00fctzt wird.<\/p>\n<p><strong>Unterst\u00fctzungsunterschriften werden ben\u00f6tigt<\/strong><\/p>\n<p>Au\u00dferdem sind noch Unterst\u00fctzungsunterschriften zu sammeln. Interessierte B\u00fcrger k\u00f6nnen sich mit dem Kreisvorstand in Verbindung setzen oder in K\u00fcrze auf der Homepage des Kreisverbands die amtlichen Formulare bekommen.<\/p>\n<p><strong>Die Internetadresse:<\/strong> <a href=\"http:\/\/die-linke-sha.de\" target=\"_blank\">http:\/\/die-linke-sha.de<\/a><\/p>\n<div class=\"pdf24Plugin-cp\"> \t<form name=\"pdf24Form0\" method=\"post\" action=\"https:\/\/doc2pdf.pdf24.org\/wordpress.php\" target=\"pdf24PopWin\" onsubmit=\"var pdf24Win = window.open('about:blank', 'pdf24PopWin', 'resizable=yes,scrollbars=yes,width=600,height=250,left='+(screen.width\/2-300)+',top='+(screen.height\/3-125)+''); pdf24Win.focus(); if(typeof pdf24OnCreatePDF === 'function'){void(pdf24OnCreatePDF(this,pdf24Win));}\"> \t\t<input type=\"hidden\" name=\"blogCharset\" value=\"Cw1x07UAAA==\" \/><input type=\"hidden\" name=\"blogPosts\" value=\"MwQA\" \/><input type=\"hidden\" name=\"blogUrl\" value=\"yygpKSi20tcvLy\/Xy8jPSM3LARK6pXnpqWmZOSWpRSV6KakA\" \/><input type=\"hidden\" name=\"blogName\" value=\"88jPSM3LARK6pXnpqWmZOSWpRSUA\" \/><input type=\"hidden\" name=\"blogValueEncoding\" value=\"gzdeflate base64\" \/><input type=\"hidden\" name=\"postId_0\" value=\"MzQ3sjAFAA==\" \/><input type=\"hidden\" name=\"postTitle_0\" value=\"U1O2MDIysvbx9PN2VcjLzM0tUfAuLSpWSCxNU0hJzVPwLkrNLC5JTFfIzFPwyM9IzcsBEmogTQbWCo8aJisYGyiANet6J+alZKYklgA1pR3eU6SQkpmqEJ6YkaNQVZqL3RiFvPzczLzM1KISAA==\" \/><input type=\"hidden\" name=\"postLink_0\" value=\"yygpKSi20tcvLy\/Xy8jPSM3LARK6pXnpqWmZOSWpRSV6Kan69gW2huZGFqYA\" \/><input type=\"hidden\" name=\"postAuthor_0\" value=\"S0zJzcwDAA==\" \/><input type=\"hidden\" name=\"postDateTime_0\" value=\"MzIwNNE1MNQ1NlQwsLQyMLQyNAIA\" \/><input type=\"hidden\" name=\"postContent_0\" value=\"lVbLbtxGELznKxo678N2chLWC2ghOZJXUQTZloFcguGylxxzOFzMDCVgT\/4Kn4IkB3+DTjqZf+IvSfUMTa21toEcJO2D011VXdWj2WY+88E1tpi\/5LANpH0g9qTqYPSqPKSfn9D52cXyZLxUNte5CmzJa5vTurt3lGumt6o0tG1rWjrGaVWQtnTalGwNfpFtam01uzD59O9RTc+eTuilsq1y9OzJ01+oVBkqSp3fdCiM5pxRFj+x6wWp1u8Uy1jHLy\/6oq0t\/A07r+ra4DXpms6Bs2wCG\/r8\/u9fu3u7zVpXfH7\/l8A68SuUCsoIrx1GAxnPq9JHSpWwYXTzsWR660HUDUT9rVB\/IEgnaFG4pvsHEF+zNhHrTpuqqesQKeV4x7pgi79XrEvRYCA9mU37mcymm\/lPM8yI6\/l1Y1FL06JZVSM6BthzbSseJThQIUMjerUqb7uPmQZROlXGjAfxZlMUGQr2DfC4CoCWK88ArxOMKy40umWML9h+E02sdoxnX20cNPt6aCfOwkZLdokyFBd9DmUib7VL\/ilMd7+qxGSjR8MoeN1KX2id7DGKo0kzwseDzx58UcXTaMJ2IqMWdS6VC7BL5lQLfFDbckTTWmWYrtkpqCcOInhXl45+qAWw5K1blVlkC0g7xIaxkDIeguiwZVv1hBLu7kPptC16q+\/Y95FFJo8H9EJOR+y+2Wogd0ytyMcCJMjby8booKsv5o9O3ZtZL\/0tO5GwtZ7exbwXDhHJZQzw5TqiG0Sy9LrkOlrz6xBUjQXD4KLgI9FPVUHf0E3j6Hfo8f\/xir4cVGZiSYxwRF4Vga4ATLmcLritlUWvb6orlIbMyrMM\/wHEhK6BCCngWkAKuQUbhTlE2Rc4C1x0i89lgS1weqOxOeAAOalAkXXWC7DA6yAZQ36zlGFJueGkl65UgFG8haws3Ez3MQkrEVcoX3d3ogDsH7Np\/bvuzsHFam3Z7TO7gesu19iHJlOrcoz2Ybtmk8N63T285\/bNslBGlC5DxBYVUfVmPczFNPvGOFZkW0sSkuRF0VAWmwFdTluxj9Lx2UlKeNqCvU3iEgTfIY1fBlpAau\/BHrEaQWSMEVtJ9orA\/C5C4EcO6A8YwlUQEX6gW+UgIGalco6IEowY0Z2FgKOQFM3kFkv+htPFc0ftusAqSZsEL1xKM91g3ExFi7EcuaKVRItfQdyH7l4KCO49od88PCFXUDqwQsTXssD6kME43V3QRdjT\/KiVKyKHK+MqtA2Q\/Lgk4iGXHBsocyZfsfeyengwcdXdWRsvZxSrtVigv5KhLdRBH8iFtZehpSweL0a11Mgg8M0SdWDcuATwyWlT80YV6QLcvWF8kjD9f4DzLxpXt0Y5uZzTTtxTS7ZxBI1sqFyg8+GgCc0UlY7Xzw\/KEDaH0ynKj43cbGNfqknOBxQUGIbnB39myG51MP\/Og7OpSgr\/Bw==\" \/> \t\t<a href=\"https:\/\/www.pdf24.org\" target=\"_blank\" title=\"www.pdf24.org\" rel=\"nofollow\"><img src=\"https:\/\/www.hohenlohe-ungefiltert.de\/wp-content\/plugins\/pdf24-post-to-pdf\/img\/pdf_32x32.png\" alt=\"\" border=\"0\" height=\"32\" \/><\/a> \t\t<span class=\"pdf24Plugin-cp-space\">&nbsp;&nbsp;<\/span> \t\t<span class=\"pdf24Plugin-cp-text\">Sende Artikel als PDF<\/span> \t\t<span class=\"pdf24Plugin-cp-space\">&nbsp;&nbsp;<\/span> \t\t<input class=\"pdf24Plugin-cp-input\" style=\"margin: 0px;\" type=\"text\" name=\"sendEmailTo\" placeholder=\"Emailadresse\" \/> \t\t<input class=\"pdf24Plugin-cp-submit\" style=\"margin: 0px;\" type=\"submit\" value=\"Senden\" \/> \t<\/form> <\/div>","protected":false},"excerpt":{"rendered":"<p>Jetzt ist es amtlich: 30 LINKE-Kandidaten sind f\u00fcr die Wahl zum Kreistag in Hohenlohe nominiert.\u00a0Am 21. Januar 2014 haben die Mitglieder der LINKEN aus Hohenlohe bei der Nominierungsversammlung im Landhotel \u201eG\u00fcnzburg\u201c in Eschental 30 Kandidaten f\u00fcr die sechs Wahlkreise des Landkreises zur Kreistagswahl nominiert. Ein gro\u00dfer Teil der Kandidaten kommt aus den eigenen Reihen der [&hellip;]<\/p>\n","protected":false},"author":1,"featured_media":0,"comment_status":"open","ping_status":"open","sticky":false,"template":"","format":"standard","meta":[],"categories":[1,2,8,3],"tags":[],"_links":{"self":[{"href":"https:\/\/www.hohenlohe-ungefiltert.de\/index.php?rest_route=\/wp\/v2\/posts\/17285"}],"collection":[{"href":"https:\/\/www.hohenlohe-ungefiltert.de\/index.php?rest_route=\/wp\/v2\/posts"}],"about":[{"href":"https:\/\/www.hohenlohe-ungefiltert.de\/index.php?rest_route=\/wp\/v2\/types\/post"}],"author":[{"embeddable":true,"href":"https:\/\/www.hohenlohe-ungefiltert.de\/index.php?rest_route=\/wp\/v2\/users\/1"}],"replies":[{"embeddable":true,"href":"https:\/\/www.hohenlohe-ungefiltert.de\/index.php?rest_route=%2Fwp%2Fv2%2Fcomments&post=17285"}],"version-history":[{"count":4,"href":"https:\/\/www.hohenlohe-ungefiltert.de\/index.php?rest_route=\/wp\/v2\/posts\/17285\/revisions"}],"predecessor-version":[{"id":17289,"href":"https:\/\/www.hohenlohe-ungefiltert.de\/index.php?rest_route=\/wp\/v2\/posts\/17285\/revisions\/17289"}],"wp:attachment":[{"href":"https:\/\/www.hohenlohe-ungefiltert.de\/index.php?rest_route=%2Fwp%2Fv2%2Fmedia&parent=17285"}],"wp:term":[{"taxonomy":"category","embeddable":true,"href":"https:\/\/www.hohenlohe-ungefiltert.de\/index.php?rest_route=%2Fwp%2Fv2%2Fcategories&post=17285"},{"taxonomy":"post_tag","embeddable":true,"href":"https:\/\/www.hohenlohe-ungefiltert.de\/index.php?rest_route=%2Fwp%2Fv2%2Ftags&post=17285"}],"curies":[{"name":"wp","href":"https:\/\/api.w.org\/{rel}","templated":true}]}}