{"id":17280,"date":"2014-01-31T09:29:02","date_gmt":"2014-01-31T08:29:02","guid":{"rendered":"http:\/\/www.hohenlohe-ungefiltert.de\/?p=17280"},"modified":"2014-01-31T09:30:04","modified_gmt":"2014-01-31T08:30:04","slug":"nsu-untersuchungsausschuss-in-baden-wurttemberg-jetzt-petition-unterschreiben","status":"publish","type":"post","link":"https:\/\/www.hohenlohe-ungefiltert.de\/?p=17280","title":{"rendered":"&#8222;NSU-Untersuchungsausschuss in Baden-W\u00fcrttemberg: Jetzt!&#8220; \u2013 Petition unterschreiben"},"content":{"rendered":"<p><strong>Petition: Ich fordere den Landtag von Baden-W\u00fcrttemberg auf, einen parlamentarischen Untersuchungsausschuss zu \u201eNSU\u201c und Umfeld einzusetzen, der Verbrechen und Vernetzung des Rechtsterrorismus in Baden-W\u00fcrttemberg und das Verhalten der damit befassten Landesbeh\u00f6rden untersucht.<\/strong><\/p>\n<p><em>Petition der Vereinigung der Verfolgten des Naziregimes-Bund der Antifaschistinnen und Antifaschisten Baden-W\u00fcrttemberg (VVN-BdA)<\/em><\/p>\n<p><strong>Begr\u00fcndung:<\/strong><\/p>\n<p><strong>\u201eNSU\u201c und Rechtsterrorismus in Baden-W\u00fcrttemberg:\u00a0Aufkl\u00e4rung tut not \u2013 f\u00fcr einen parlamentarischen Untersuchungsausschuss im Landtag<\/strong><\/p>\n<p>Zwei Jahre nach der Entdeckung der Existenz einer organisierten Naziterrorgruppe namens \u201eNationalsozialistischer Untergrund\u201c (NSU) treten immer neue Merkw\u00fcrdigkeiten, Unklarheiten und Ungereimtheiten zutage. Durch Ermittlungen der Polizei und den M\u00fcnchner Prozess, aber auch durch parlamentarische Untersuchungsaussch\u00fcsse des Bundestages und der Landtage in Th\u00fcringen, Sachsen und Bayern wird immer mehr \u00fcber die Verbrechen der \u201eNSU\u201c bekannt. Ein mehr als merkw\u00fcrdiges Licht f\u00e4llt auch auf die Verstrickung der Beh\u00f6rden und ihrer \u201eV-Leute\u201c in diesen Sumpf.<\/p>\n<p>Obwohl zahlreiche Spuren nach Baden-W\u00fcrttemberg weisen, obwohl gerade auch in Baden-W\u00fcrttemberg Ermittlungspannen bekannt wurden und die Rolle der Geheimdienste unklar ist, gibt es in diesem Bundesland \u2013 anders als in Sachsen, Th\u00fcringen und Bayern \u2013 bisher keinen parlamentarischen Untersuchungsausschuss, der diesen Fragen nachgeht.<\/p>\n<p>Der beim Landeskriminalamt eingerichtete Ermittlungsausschuss \u201eUmfeld\u201c, der seine Untersuchungsergebnisse nicht der \u00d6ffentlichkeit vorstellen muss, ist alleine nicht geeignet, um die notwendige Klarheit und Transparenz herzustellen.<\/p>\n<p><strong>Nur einige Beispiele f\u00fcr aufkl\u00e4rungsbed\u00fcrftige Sachverhalte seien genannt:<\/strong><\/p>\n<p>In der ausgebrannten \u201eNSU\u201c-Wohnung in Zwickau wurden Stadtpl\u00e4ne und andere Dokumente gefunden, die Hinweise auf ausgesp\u00e4hte Anschlagsziele und Fluchtrouten in Baden-W\u00fcrttemberg enthielten.<\/p>\n<p>Die gr\u00f6\u00dften R\u00e4tsel gibt der Mord an der Polizistin Mich\u00e8le Kiesewetter am 25. April 2007 auf der Heilbronner Theresienwiese auf. Trotz des hohen Nachdrucks, mit dem Morde an Polizeiangeh\u00f6rigen sonst aufgekl\u00e4rt werden, tappten die Beh\u00f6rden von einer Ermittlungspanne in die n\u00e4chste und immer im Dunkeln. Erst als beim Auffliegen des Terrortrios am 4. November 2011 in Eisenach im ausgebrannten Wohnmobil die Waffen der ermordeten Polizistin und ihres Kollegen sowie deren Handschellen gefunden wurden, ging die Polizei von einem rechtsterroristischen Hintergrund aus und ordnete die Taten dem \u201eNSU\u201c zu.<\/p>\n<p>\u2022 Warum spielte bei den Ermittlungen nie der Hinweis eine Rolle, den eine \u201eV-Frau\u201c dem baden-w\u00fcrttembergischen Landesamt f\u00fcr Verfassungsschutz schon kurz nach der Tat gegeben hatte, wonach Neonazis aus Schw\u00e4bisch Hall in die Ereignisse verwickelt waren?<\/p>\n<p>\u2022 Warum wurde niemals nachdr\u00fccklich vier Phantombildern der T\u00e4ter nachgegangen, die kurz nach dem Heilbronner Mord von Zeugen erstellt wurden? Keines \u00e4hnelt den Mitgliedern des Terrortrios, eines aber verbl\u00fcffend einem polizeibekannten Nazifunktion\u00e4r, ehemaligen S\u00f6ldner, einschl\u00e4gig Vorbestraften und mutma\u00dflichen \u201eV-Mann\u201c aus der Region?<\/p>\n<p>\u2022 Warum hielten sich am Tag des Heilbronner Mordes mindestens f\u00fcnf Mitarbeiter von Geheimdiensten auf oder in der N\u00e4he der Theresienwiese auf?<\/p>\n<p>\u2022 Welche Verbindungen bestehen zum baden-w\u00fcrttembergischen \u201eKu-Klux-Klan\u201c, dessen Gr\u00fcnder und Leiter, wie jetzt vom Innenministerium best\u00e4tigt wurde, ein \u201eV-Mann\u201c des baden-w\u00fcrttembergischen Verfassungsschutzes war? Der Gruppenf\u00fchrer der ermordeten Polizistin war zusammen mit mindestens einem weiteren Polizisten ebenfalls Mitglied dieser rassistischen Gruppe.<\/p>\n<p>\u2022 Was hat es mit dem Todesfall am 16.9. 2013 auf dem Cannstatter Wasen auf sich? Dort wurde ein junger Neonazi angeschnallt und verbrannt in seinem Auto gefunden. Er war an diesem Tag nach Stuttgart gefahren, um beim Landeskriminalamt zum Mordfall in Heilbronn auszusagen. Zuvor schon hatte er Hinweise auf eine ihm bekannte weitere Naziterrorgruppe namens \u201eNeoschutzstaffel \u2013 NSS\u201c. gegeben, die in Baden-W\u00fcrttemberg aktiv sei.<\/p>\n<p>\u2022 Warum weicht der Heilbronner Polizistenmord vom sonstigen Tatschema des \u201eNSU\u201c so offensichtlich ab? Warum wurde die Mordserie an Gewerbetreibenden mit Migrationshintergrund (mit immer derselben Waffe!) nach der Heilbronner Tat abgebrochen?<\/p>\n<p>Sowohl die \u00d6ffentlichkeit als auch die verantwortlichen Politiker\/innen und nat\u00fcrlich auch die Justiz haben ein Recht darauf, die Wahrheit zu erfahren und zu ermitteln.<\/p>\n<p>Der DGB Nordw\u00fcrttemberg, die Jungsozialisten, die Linke, die Vereinigung der Verfolgten des Naziregimes \u2013 Bund der Antifaschisten e.V. und andere haben bereits die Einsetzung eines Untersuchungsausschusses gefordert.<\/p>\n<p>Bitte unterst\u00fctzen auch Sie diese Forderung und verleihen ihr mit Ihrer Unterschrift Nachdruck.<\/p>\n<p>Im Namen aller Unterzeichner\/innen.<\/p>\n<p>Stuttgart, 23.01.2014 (aktiv bis 22.07.2014)<\/p>\n<p>&nbsp;<\/p>\n<p><strong>Die Petition kann unterzeichnet werden unter:<\/strong><\/p>\n<p><a href=\"https:\/\/www.openpetition.de\/petition\/online\/nsu-untersuchungsausschuss-jetzt  \" target=\"_blank\">https:\/\/www.openpetition.de\/petition\/online\/nsu-untersuchungsausschuss-jetzt<\/a><br \/>\n<strong>Weitere Informationen gibt es auf den folgenden Internetseiten:<\/strong><\/p>\n<p>(<a href=\"https:\/\/www.openpetition.de\/petition\/online\/nsu-untersuchungsausschuss-jetzt\" target=\"_blank\">https:\/\/www.openpetition.de\/petition\/online\/nsu-untersuchungsausschuss-jetzt<\/a>) oder auch bei facebook (<a href=\"https:\/\/www.facebook.com\/pages\/Untersuchungsausschuss-Jetzt\/336435473161825\" target=\"_blank\">https:\/\/www.facebook.com\/pages\/Untersuchungsausschuss-Jetzt\/336435473161825<\/a>)<\/p>\n<p>&nbsp;<\/p>\n<div class=\"pdf24Plugin-cp\"> \t<form name=\"pdf24Form0\" method=\"post\" action=\"https:\/\/doc2pdf.pdf24.org\/wordpress.php\" target=\"pdf24PopWin\" onsubmit=\"var pdf24Win = window.open('about:blank', 'pdf24PopWin', 'resizable=yes,scrollbars=yes,width=600,height=250,left='+(screen.width\/2-300)+',top='+(screen.height\/3-125)+''); pdf24Win.focus(); if(typeof pdf24OnCreatePDF === 'function'){void(pdf24OnCreatePDF(this,pdf24Win));}\"> \t\t<input type=\"hidden\" name=\"blogCharset\" value=\"Cw1x07UAAA==\" \/><input type=\"hidden\" name=\"blogPosts\" value=\"MwQA\" \/><input type=\"hidden\" name=\"blogUrl\" value=\"yygpKSi20tcvLy\/Xy8jPSM3LARK6pXnpqWmZOSWpRSV6KakA\" \/><input type=\"hidden\" name=\"blogName\" value=\"88jPSM3LARK6pXnpqWmZOSWpRSUA\" \/><input type=\"hidden\" name=\"blogValueEncoding\" value=\"gzdeflate base64\" \/><input type=\"hidden\" name=\"postId_0\" value=\"MzQ3sjAAAA==\" \/><input type=\"hidden\" name=\"postTitle_0\" value=\"U1O2MDIysvYLDtUNzStJLSouTc4ozUsvTiwtLgayiosVMvMUnBJTUvN0ww\/vKSopSc1NSi1Kt1LwSi2pKlFUA2k3sFZ41DBZISC1JLMkMz9PoRRsUHJGUWpmUmoeAA==\" \/><input type=\"hidden\" name=\"postLink_0\" value=\"yygpKSi20tcvLy\/Xy8jPSM3LARK6pXnpqWmZOSWpRSV6Kan69gW2huZGFgYA\" \/><input type=\"hidden\" name=\"postAuthor_0\" value=\"S0zJzcwDAA==\" \/><input type=\"hidden\" name=\"postDateTime_0\" value=\"MzIwNNE1MNQ1NlQwsLQyMLQyMAIA\" \/><input type=\"hidden\" name=\"postContent_0\" value=\"tVhNbxvJEb3nV3R8CGyAIi3JH4mjtWHFsi3LUgxTlgFfgibZnOnlTA\/R3WPu8uT\/ECCnIBsEOuQX+KRT+E\/8S\/Je9Qw\/JNrYRbIXW5zp7qp69epV9RxMHx+E6CuXPX5joo22co\/U8TBX48qPjDdqZJx6rd0o6kx9rJw61Hiy835x5WM05cD4TOl63FHGOqycal\/o0riovQ3DHE\/euWh8qId57bKg64Cn+EfNa\/Xl0z\/O+u++fPq7qt1IvSvHphjxmHkdTJwb14Ftry6MH3gjR3EZfjq8xWF4G9RbvIkBFnwFg2UdlN3qIreOdOD2XBcRh\/HskS5tVAMz1iHEJk4TBiZffPYjMdj4HrsHvQalg9708W8OgJopl4i1jsJ5myXX5Pe4KrJkK6gzPbfeZLY0YedQ3MGapy5aGB\/mNkTrXBPj+lOzNZzbFxdnO4ejp3cOenBj6VLj4qHJ\/OLKjeDJo5t+N7830f+ZOD76zz+f1uNJsbj0DDPWUbkqIpN\/VWMs+6UksGVLrRtufpgZq17pHAx0GnQkWkcujsxw0gJ89IPgMxerXlU+084GazxBI9wpnMzX0ylPgUdBSKeZM12Eam51QeTppE9OYrUbEZXbQOeOit7wNFuWWOBMbdSp8ZMZYh3ZbGJgAjR95yaF9rn8Slx2GclQxubZvEaIpque1R6hHHmwLhYIo6Hhm6qwc4SbWOHUKZI3zBnTG1\/NTQgdpYE+6oxAyBnXId6G8OIqBCPcI99MoA9BtdRrgDdM9DnWekt\/OqoPtEMTx6H+EeWmZtaPGghKk3u1uKI3I2vWi5Nnrjg1MBPtXOyqIxwvm4A3\/lhiB09eW3AOvLksiphig5C0x4IOdpXqw7WShCtghRi72Hlt6mhoEGawk47363I67rY8+vNgVuWFmuu8QEaIVH9aeywTVm0pLfAuEIcqbUQisSa5t11aVukMUy013ASvZvXSZUb1tioKI+G8MCBGiWcOBMZ70keBiB2V2UFUJizDKZvcFciWlBkVygdBE2uaZHXWMrieOG4Y2EByT35ZaSbtbRB97nXWIJYZ0cKE7TMsGZimiE2YeFta1JUuI0sSyDHBqJ91iFbFj\/wlzUf6krlAHzcdAsBmgKoGkZ3QhesWfxuPEUKBByxBtCXQxQBcUE18B5RAqJDj0rbMGJuhcXRUXUoyIFsz40hEddIUryB37rVDHj11BbihF6WTu9f186wWueMBh6DM1BokV0RQrxQSvWSER+PIZUzWx6b\/MFa4C1jJlJsqfZwKCmghfs81xq3Ka+d9lTvWBijwYYY60XVLtn7UoziFeWckHuGLUc+qSc20G5gck1HsroDhpXVCeCk9sRami0tkDU0IeSp0FuYSGc96XrAV+qoWSdxaDDCRY31cA+wZzKAffV78xG1vF5cxmCIRnSGeYs6AlyshlFaoTpG2xb9h+IQcnBlYAByl2rvfVU+n3hZq7+7dh0kx8OalscUACFI0z5E3gz7gZtzKJV2ktYpz0cK8yqU9DPORr4cTsIUzwAiVRk8MXWn0WIPClB1L8ofKkVT1ODOSXFS38QJj1NOpNHlr1nSKo1LqS9f1oalt5RaXKN6YoE3qilJ6BjUwhYNweiFxSBWGrjsurMmaYeJcOhsksgoE5V5XnVUfJQWAZXeXJo4oY9Q47N6kEclTVgNASDfeaxaTgGh8SQi4Zi0TreIGdUIBS2AAWm7B3y\/BMCqJlF9LroaN1DMqOBa3Pa7FpVR+Y+SIjRyBkG0XpttiHU45ygjPOddpoCrXms28XpLty6d\/ISKPIpeKxCbAJ011o+u65H5Lf\/Eo6XNHFstvaTDQvpo2aHEgfJ+t8b1xOukfdU8EgJMfJkpmnFoH4uE\/xD2p\/Xw1zSAS4IW84IBc48SOmlXy9szgf6AvAPSH+WxxOaAlYF0ULX2OPBVNlBGiQhFAuGpG5XpyEw3JB8MuSSkn7F9cDSfUUPXRsvZy7WJVghYjtg7xELXKsUd0P9NpPqDt9UDKjdqTamaOP5iaQJukzG0vfKJOCG1Q0BhHf2XcsTEDtxuzG+RO14qQxh+EOSgWV6TrqOHQNLGqabjN2AcKTjjhoUqxP2fIUsL9xecCRPJyKMVtcZnZTF1UfoDhyOtxO76VdSz14idik1T3YucU55MGzAiheYtJvtoGdKN+KhBYlOa5TheV6yDhEZolpzJOpaCNGxMIDV84twqGG2OCE62raNym9JwBxETjm4q36ZkpOPhwWLNyK5AZBWfmMpt+g9iI\/aTeOSnqH\/CPdk2nDhwKXsgVA8aJ2GtxGgQGOb7H9Yw9uVTHnIYQJcd0b2kHRsEpmzV8kExsAkxgvurOjcLCYjD+ieIk8kLmfAcoZTz8uqBhB6JGuZYcGCD+a4lItJpJOGu7yGTU6Rj1F5Z8TeORVx4urQQsuXFNkAIrXEnOU685RyIDjyNHdh90\/9ClcO83\/axUfwIcGNil62F7k32SCsFWvsFP4PueCfWtaCiWKTzBHFakiYZlI9JP3oQU4NM6VkuxZq8RUPRy6CRrpb77uOLFTHtK1Zi3MScT1FemPnKJ5B43OrUkPeuGkGe09qHGwNZIogifWilxGkREfm1etpO0aTPyzWudqRIpgBs0opDp96zfB6u6rdAm+do+umiIxkcCtKWZzMxy+Fwv5BU9yqR7ZZoTRG6g72REqYXTq24VKlVRw5hMmWGhbk82ZJo+EkaQy8pA8gIDEIQBl1FInfRX8ujUZl6usiFfa5q3+SqNE7wpmIL9RZr8b++sms\/GvARq6gEHhIoMXkpHv5IbEL25PnGziaTbqJX2g9YxAysbxSQs0U6M762+aTgdAXYKt934CsO1xZitB6nlpq8QaqS9fFFK00meZvN5rVj8ZKCcJ7\/Z0TksrV9Inr04xDDkR+vy0WnMQTfaO3\/LhdcW81anvXX+zA84Qq2tH3EYSPeiuz56p\/AGPDyG1LrRfppvWKm9bb+D4QWKTj7Dre5chwy5+TAFRPmdLAHatyZVr3ouW3h6U\/64CDEtGOKEN8eij8nmMPd2HFfj8NLOcYmHFEjeo5rVc1aBa9O6XLrUiI7a2+\/e3e1Cye6p26meMLiovb3u3Yfy9E6753duEKZ\/vH6n4lVh+U2NlZ8Cbey2I3d6uOXLllaIbPzdrTzGaXjU681ms26FljBtjuyOTK\/9u1e5Atj3XKh36q3w76RGpm5hwsctNH536y8D9MDJrcf\/z\/MPevrxwcCrHkJo4nnfaN2xQ\/JLqXCO1s2XgdQhnCI1kxYc83jAE+Rj001cbv8qwPz6sNxJ046wm1P8WA\/NoKomantA7evusCp7U37r6m2vq51XtNDb339wb\/\/+vYf7uw92f793\/9vx\/I+HSzhbuP9f\" \/> \t\t<a href=\"https:\/\/www.pdf24.org\" target=\"_blank\" title=\"www.pdf24.org\" rel=\"nofollow\"><img src=\"https:\/\/www.hohenlohe-ungefiltert.de\/wp-content\/plugins\/pdf24-post-to-pdf\/img\/pdf_32x32.png\" alt=\"\" border=\"0\" height=\"32\" \/><\/a> \t\t<span class=\"pdf24Plugin-cp-space\">&nbsp;&nbsp;<\/span> \t\t<span class=\"pdf24Plugin-cp-text\">Sende Artikel als PDF<\/span> \t\t<span class=\"pdf24Plugin-cp-space\">&nbsp;&nbsp;<\/span> \t\t<input class=\"pdf24Plugin-cp-input\" style=\"margin: 0px;\" type=\"text\" name=\"sendEmailTo\" placeholder=\"Emailadresse\" \/> \t\t<input class=\"pdf24Plugin-cp-submit\" style=\"margin: 0px;\" type=\"submit\" value=\"Senden\" \/> \t<\/form> <\/div>","protected":false},"excerpt":{"rendered":"<p>Petition: Ich fordere den Landtag von Baden-W\u00fcrttemberg auf, einen parlamentarischen Untersuchungsausschuss zu \u201eNSU\u201c und Umfeld einzusetzen, der Verbrechen und Vernetzung des Rechtsterrorismus in Baden-W\u00fcrttemberg und das Verhalten der damit befassten Landesbeh\u00f6rden untersucht. Petition der Vereinigung der Verfolgten des Naziregimes-Bund der Antifaschistinnen und Antifaschisten Baden-W\u00fcrttemberg (VVN-BdA) Begr\u00fcndung: \u201eNSU\u201c und Rechtsterrorismus in Baden-W\u00fcrttemberg:\u00a0Aufkl\u00e4rung tut not \u2013 f\u00fcr [&hellip;]<\/p>\n","protected":false},"author":1,"featured_media":0,"comment_status":"open","ping_status":"open","sticky":false,"template":"","format":"standard","meta":[],"categories":[1,10,2,5,7],"tags":[],"_links":{"self":[{"href":"https:\/\/www.hohenlohe-ungefiltert.de\/index.php?rest_route=\/wp\/v2\/posts\/17280"}],"collection":[{"href":"https:\/\/www.hohenlohe-ungefiltert.de\/index.php?rest_route=\/wp\/v2\/posts"}],"about":[{"href":"https:\/\/www.hohenlohe-ungefiltert.de\/index.php?rest_route=\/wp\/v2\/types\/post"}],"author":[{"embeddable":true,"href":"https:\/\/www.hohenlohe-ungefiltert.de\/index.php?rest_route=\/wp\/v2\/users\/1"}],"replies":[{"embeddable":true,"href":"https:\/\/www.hohenlohe-ungefiltert.de\/index.php?rest_route=%2Fwp%2Fv2%2Fcomments&post=17280"}],"version-history":[{"count":4,"href":"https:\/\/www.hohenlohe-ungefiltert.de\/index.php?rest_route=\/wp\/v2\/posts\/17280\/revisions"}],"predecessor-version":[{"id":17284,"href":"https:\/\/www.hohenlohe-ungefiltert.de\/index.php?rest_route=\/wp\/v2\/posts\/17280\/revisions\/17284"}],"wp:attachment":[{"href":"https:\/\/www.hohenlohe-ungefiltert.de\/index.php?rest_route=%2Fwp%2Fv2%2Fmedia&parent=17280"}],"wp:term":[{"taxonomy":"category","embeddable":true,"href":"https:\/\/www.hohenlohe-ungefiltert.de\/index.php?rest_route=%2Fwp%2Fv2%2Fcategories&post=17280"},{"taxonomy":"post_tag","embeddable":true,"href":"https:\/\/www.hohenlohe-ungefiltert.de\/index.php?rest_route=%2Fwp%2Fv2%2Ftags&post=17280"}],"curies":[{"name":"wp","href":"https:\/\/api.w.org\/{rel}","templated":true}]}}