{"id":17274,"date":"2014-01-29T10:45:55","date_gmt":"2014-01-29T09:45:55","guid":{"rendered":"http:\/\/www.hohenlohe-ungefiltert.de\/?p=17274"},"modified":"2014-01-29T10:45:55","modified_gmt":"2014-01-29T09:45:55","slug":"verfolgung-deportation-tod-die-jenischen-fielen-durch-das-abartige-raster-des-ns-staates-gedenkfeier-des-landtags-in-fichtenau","status":"publish","type":"post","link":"https:\/\/www.hohenlohe-ungefiltert.de\/?p=17274","title":{"rendered":"&#8222;Verfolgung, Deportation, Tod: Die Jenischen fielen durch das abartige Raster des NS-Staates&#8220; \u2013 Gedenkfeier des Landtags in Fichtenau"},"content":{"rendered":"<p><strong>Bei Gedenkfeier des Landtags f\u00fcr die Opfer des Nationalsozialismus in Fichtenau am 27. Januar 2014 pl\u00e4dierte Landtagspr\u00e4sident Guido Wolf (CDU)\u00a0 f\u00fcr den Abbau von Vorurteilen und die Akzeptanz von Unterschieden.<\/strong><\/p>\n<p><em>Pressemitteilung des Landtags Baden-W\u00fcrttemberg<\/em><\/p>\n<p><strong>Teuflische Macht der Vorurteile<\/strong><\/p>\n<p>Stuttgart\/Fichtenau. In seiner zentralen Gedenkfeier f\u00fcr die Opfer des Nationalsozialismus hat der Landtag von Baden-W\u00fcrttemberg am 27. Januar 2014 in Fichtenau (Landkreis Schw\u00e4bisch Hall) im Besonderen an das Schicksal der Jenischen erinnert. Angesichts des Leides, das die Gruppe der Jenischen im Dritten Reich erfahren habe, werde deutlich, wie notwendig die Akzeptanz von Unterschieden und Pluralit\u00e4t sei, sagte Landtagspr\u00e4sident Guido Wolf (CDU) in seiner Gedenkrede. \u201eUm unserer selbst und der nachfolgenden Generationen willen m\u00fcssen wir unsere Demokratie gegen jegliche Feinde verteidigen und zugleich die diabolische Macht der Vorurteile brechen\u201c, so Wolf.<\/p>\n<p><strong>Unrecht nicht vergessen<\/strong><\/p>\n<p>\u201eDas Schicksal der Jenischen darf nicht marginalisiert werden\u201c, hob der Landtagspr\u00e4sident hervor. \u201eDenn wer erlittenes Unrecht geringachtet oder gar vergisst, der stellt sich auf die Seite der T\u00e4ter. Und er verschlie\u00dft sich der Tatsache, dass uns Heutigen jede Leidensgeschichte etwas Eigenes zu sagen hat und damit spezifisch in die Pflicht nimmt.\u201c<\/p>\n<p><strong>Rassistisch verh\u00f6hnt, \u00f6ffentlich drangsaliert, enteignet und abtransportiert<\/strong><\/p>\n<p>Die Jenischen seien durch das abartige Raster des NS-Staates gefallen und in die F\u00e4nge des braunen Verfolgungs- und Vernichtungsapparates geraten, weil sie wegen ihres jahrhundertealten fahrenden Lebensstils als asozial diffamiert und als besonders minderwertig gebrandmarkt worden seien, erl\u00e4uterte Wolf. \u201eIm Nazi-Staat sind verachtete Volksgruppen und Minderheiten der Willk\u00fcr unterworfen und entw\u00fcrdigt worden.\u201c Die Gesellschaft habe es hingenommen und innerlich oft sogar gebilligt, dass Menschen wegen ihrer Lebensweise, ihres Glaubens, ihres Andersseins rassistisch verh\u00f6hnt, \u00f6ffentlich drangsaliert, enteignet, einfach abtransportiert worden seien.<\/p>\n<p><strong>Demokratie wurde preisgegeben<\/strong><\/p>\n<p>Despotie und V\u00f6lkermord in Deutschland seien kein \u201eBetriebsunfall\u201c der Geschichte gewesen, sondern Folgen zum einen des Preisgebens der Demokratie und zum anderen einer Gedankenwelt, in der Menschenw\u00fcrde nicht unantastbar gewesen sei. Und das k\u00f6nne sich wiederholen, auch heute noch, warnte Wolf. Die oft zitierte \u201ehistorische Verantwortung\u201c betreffe daher ganz konkret die Gegenwart. \u201eUnd Gegenwart \u2013 das sind wir alle! Jede Einzelne und jeder Einzelne von uns.\u201c<\/p>\n<p><strong>Akzeptanz von Unterschieden ist ein Grundpfeiler der Demokratie<\/strong><\/p>\n<p>Aus der Menschenw\u00fcrde, den Freiheitsrechten und dem Diskriminierungsverbot resultiere das Menschenrecht auf Gleichheit in Verschiedenheit, das Recht, unbedr\u00e4ngt, ohne Ausgrenzung und Diskriminierung, \u201eanders\u201c sein zu d\u00fcrfen, betonte der Landtagspr\u00e4sident. Akzeptanz von Unterschieden sei ein Grundpfeiler der Demokratie. Vielfalt sei keine Last, sondern eine Chance. \u201eJede Gemeinschaft, jede Organisation, jede Stadt, ja auch jede \u00fcberschaubare Gemeinde wie Fichtenau wird auf Dauer reicher werden und mehr Erfolg haben als andere, wenn sie mit dem Verschiedensein der Menschen positiv, wissbegierig und konstruktiv umgeht\u201c, legte Guido Wolf dar.<\/p>\n<p><strong>Abermillionen Menschen planm\u00e4\u00dfig ausgegrenzt, gejagt, gequ\u00e4lt und ermordet<\/strong><\/p>\n<p>Dass sich die Gedenkfeier in Fichtenau speziell den Jenischen und ihrem Los widme, bedeute laut Wolf jedoch nicht, dass die Schoah und der Genozid an den Sinti und Roma aus dem Blick verloren werde. Abermillionen Menschen seien planm\u00e4\u00dfig und bar jeglicher Humanit\u00e4t ausgegrenzt, gejagt, gequ\u00e4lt und ermordet worden, sagte der Pr\u00e4sident. \u201eIn Trauer, Scham und Ehrfurcht gedenken wir aller Opfer des Nationalsozialismus: der Ermordeten, aber auch der wenigen \u00dcberlebenden, deren K\u00f6rper und Seelen durch das Grauen der Unmenschlichkeit unheilbar verletzt wurden.\u201c<\/p>\n<p><strong>Mahnmal in Unterdeufstetten eingeweiht<\/strong><\/p>\n<p>Der Rede Wolfs vorausgegangen war eine Begr\u00fc\u00dfung durch den Fichtenauer B\u00fcrgermeister Martin Piott. Im Anschluss an Wolf sprachen Timo Adam Wagner, Vorsitzender des Bundesrats der Jenischen Deutschlands im Jenischen Bund in Deutschland e.V., und der Z\u00fcricher Historiker Dr. phil. Thomas Huonker. Es folgte eine Rezitation und Erl\u00e4uterung jenischer Gedichte. Bereits vor der Gedenkfeier hatten Repr\u00e4sentanten des Landes, der Gemeinde und von Opferorganisationen auf dem Friedhof von Fichtenau-Unterdeufstetten ein Mahnmal f\u00fcr die Opfer der jenischen Bev\u00f6lkerung eingeweiht und im Gedenken an alle Opfer des Nationalsozialismus Kr\u00e4nze niedergelegt.<\/p>\n<p><strong>Weitere Informationen von Hohenlohe-ungefiltert:<\/strong><\/p>\n<p><a href=\"http:\/\/www.schwaebische.de\/region\/ostalb\/ellwangen\/stadtnachrichten-ellwangen_artikel,-Jenische-wurden-Opfer-der-Nazis-_arid,5576460.html#\" target=\"_blank\">http:\/\/www.schwaebische.de\/region\/ostalb\/ellwangen\/stadtnachrichten-ellwangen_artikel,-Jenische-wurden-Opfer-der-Nazis-_arid,5576460.html#<\/a><\/p>\n<p><a href=\"http:\/\/www.landtag-bw.de\/cms\/home\/aktuelles\/pressemitteilungen\/2014\/januar\/202014.html\" target=\"_blank\">http:\/\/www.landtag-bw.de\/cms\/home\/aktuelles\/pressemitteilungen\/2014\/januar\/202014.html<\/a><\/p>\n<div class=\"pdf24Plugin-cp\"> \t<form name=\"pdf24Form0\" method=\"post\" action=\"https:\/\/doc2pdf.pdf24.org\/wordpress.php\" target=\"pdf24PopWin\" onsubmit=\"var pdf24Win = window.open('about:blank', 'pdf24PopWin', 'resizable=yes,scrollbars=yes,width=600,height=250,left='+(screen.width\/2-300)+',top='+(screen.height\/3-125)+''); pdf24Win.focus(); if(typeof pdf24OnCreatePDF === 'function'){void(pdf24OnCreatePDF(this,pdf24Win));}\"> \t\t<input type=\"hidden\" name=\"blogCharset\" value=\"Cw1x07UAAA==\" \/><input type=\"hidden\" name=\"blogPosts\" value=\"MwQA\" \/><input type=\"hidden\" name=\"blogUrl\" value=\"yygpKSi20tcvLy\/Xy8jPSM3LARK6pXnpqWmZOSWpRSV6KakA\" \/><input type=\"hidden\" name=\"blogName\" value=\"88jPSM3LARK6pXnpqWmZOSWpRSUA\" \/><input type=\"hidden\" name=\"blogValueEncoding\" value=\"gzdeflate base64\" \/><input type=\"hidden\" name=\"postId_0\" value=\"MzQ3MjcBAA==\" \/><input type=\"hidden\" name=\"postTitle_0\" value=\"Lc0xCsJAEIXhqzwQUkWQVGJaURCxMGI\/Zl82g2FWdie9d\/CGnkQFq7\/54K8W66Zp2ivzkKY4W6yx5SNlF9dkNS4pbLBV4kDT0o80DMrpmzDnfkSQArlJdo3EWYozI7Dg1C07F3GW6ndYtXg\/X9gz0O4D9a+OYsElFqhhp\/3oNJk\/\" \/><input type=\"hidden\" name=\"postLink_0\" value=\"yygpKSi20tcvLy\/Xy8jPSM3LARK6pXnpqWmZOSWpRSV6Kan69gW2huZG5iYA\" \/><input type=\"hidden\" name=\"postAuthor_0\" value=\"S0zJzcwDAA==\" \/><input type=\"hidden\" name=\"postDateTime_0\" value=\"MzIwNNE1MNQ1slQwNLAyMLQyNQUA\" \/><input type=\"hidden\" name=\"postContent_0\" value=\"zVjLbhzHFd3nKyrKxgbm4Rh+AAItgDQlSrYUE6QoAdkY1ezb3aXprp5UVWuAWfkfsjWiLPgNWmmV+RN\/Sc651TMckQxlBFlkIXG6uh73nnvuubf6YPnoIKbQ+\/rRkThzIqX4RSVOgiklmufWl8nW0VSbDxhxYn5aVuO7v9jkem\/b2K+dbV3shmicN0\/cZZPE28HYznz57cz8YP1gg\/nyiz9\/ZZbt5gq7hCS7rZdhcxUdjk3mZHBlb173bWU++\/744vN\/\/XM8V7w5LAps+bb35lUfBmzgWowOvlSrDhdrWSbr1zrjwicJ8bJx9GZ2MB8dPJgvH\/3hAA5L9+g0SIzSucSNBl9\/7O2RxcLpa5yN910hoT6YY9Fug3HDlzJUcPyyEfPCwmtsEvbMu3XweRpSqm1I8x1IM\/PMmyjOY+UaGARLt\/bD8DuRb2w+fvRBcbjtxl0x+Shmn3H9IoiL5vyyWW2uCvpnntq2\/dy4zhxJ7D3OgZHWm9LqNHe5iLbV438Qr4B4I8F5eJVm5tDXEnlCzCgLoh0nuph+nYRhuZQbq3HUcWB0vDkTrMV2lW14bGMLmZiVhJJrhtTiLZ6xke\/TSnzp6k9RQmlz2g4A26XNVWIAJiba+vfRkoiNIcuBCvh\/Zn775R8XHbaOQCdgQlvElAmKRw9+VH1bwz6NLxZrEPGwci1j3m0+gJF8DOMm5li6fsF5YmrBUvNGaror5gmOh\/9vmUkOHo8+rYe6VbQIQOls0d9DT1MEIda\/\/fIrnM8Ozm5S\/MJzUjKe8eN5NfPG36I2nD++hwylDdW4R2dD7TxpSx3Igcw2NH2xT+H9EDQS3vZBMT4W77kKjGiVIKDU1sqapKvpqyTTcy9km1rtYkwT3T0maVuEnDDZoVKozsWlzMCXoIPgoAugKboUDrRONu\/GJTrJpohDRDkcGS3zFEx0OUSIi1LcR2BFPGCNkbQCPI85BfauB7JNyTxSxEKKTFzK2lWacKAYDTutWpfh77o0A0o343MGA1xMugbGNpv3jYejm\/dVBdxatThYXyMkhHtiMCqu9pLPtQUUx8dlHxJf3wrrMWy4jiJIz1gOgbvCHVtAy+CSgRVpq03n0\/NkbcLPWirbblV6dOjJ5gpqoDOLYAfy\/xVSG5kBEY5TnYoBpQpH7HJpw7gb\/3qmvmsRC8EPQuigCtG8gTg0A5UpiW0pG1kumG3PpUAwAFILk\/kv6ybsqSrgThYqFnhVjPIWTccEC+AZHMTZMNaXoO4CjO3J2AzGhCzcXA1JS5pmEDn6rINGr11GArZidwQn81KQgu0i1qp6GZsXelZDEnol2GtIwoK6P1C2cGA1zkT0VhhHxm\/tICkMw3QikJwWgbJVUpE0gKVBOojvu24XBc+0Qfx6zIo90wPO4TjsONL5BcDScF\/jG0YMAX0E6zPkJ60dOLh9PlTgKIzRhP+alvjpfGWZnB9z8yPcb+nUnlSuBpaGJWsYVbO4Q62OBdtyrtJt875dSOiwPVl6jExmziPeI+EXsIhRPZIUnBRx8OQ1cS+1BOySvJYVguCppsQCdVUVH+ne0SsNbjSn2TJCpxvsmZ41vENpzSV2V2SsX4hfSQt4XKbINkpKBxm1dfDWJ+RioWFVY+hDljNm7GLzHgzISrZiLQxN39JiO2Ckgesso1pQbfA7SpNfJMzapdy8AY0G8e1DLi\/IWByMADFnCUwBqASxxqGNqjDK8KJnpUy55pNaOCLlsgnrdiMY+LvaqmnDakgR+SNkCG4+dn4trc9IUWrD9RDLPKT4LpW8rxeAG8SZbYgv0WKhMoYbcbnFn8Mh3hGEiTaqTxBepnLUkrTtUQX9jIuL4KArgJDShrwo+mSQOkNLWEW93m6ZCxoL1ImWdG7J2L+6Np1DuY064+QJTiqkDFRYPPQNMIGhNYi0ZodLO27YMCH6SrbIqDF3WZtKuFORFQhj78fKeLsqz+7tsbDZp3CdmVdOWiSTdmCaZ2zAWKm3GaRD3zfWX+YOS1lwIh1VRqVukivuTwEcc1F7qnEI4lvytc3k1rHNh0JNhHLZsN0I42wfr5tgkK5U6I\/tAIMD8cff3Koojp00YJ7WLdVanwuLpi0rFFoUVigWdYZ+L2iK8T53zLKPSKu37GFjLKRGaFyOFjIGxBsWeGuGrpYmaZ\/UChvVva4U3dUtQTyEox11XXvM68Oga93mavMOR9iBAkl6AKZa3tha\/\/5t2Fy1uSRmVZQ7+gIWirjtNPevKx\/dJrShQVXSxLjuI7QSoWZ05nkf4XbZCblWqvygqqTsFiIGKcrSNtYmbdYum942u84avTTKeanXEex97nxy+vKs7xj6qBE4Qs1ZsBS1fdDSFtiy\/weQsuzvQ8X9KKrbBjyYp0MHwunt4ffjONaw7V2D5p\/upRM7B29eBrJuQj9tp8sfN6Fi08UGl0iPtwTqYrj\/WvhQz3g8Hq9CD5dzQpRKaa9d6+ZXDLesSWperj4\/bt6HpQQ14Vyk\/aj3O6GVmckXvlPkiMyCMjVQmtoit96tpHXKRdnfpc0vbOM7dGNuFBCwoEI3qVc\/YfuCpqO5g4E4+IwpTapE6E\/IYbBseFi9snQcITCbD5t3esXPxsseQ7HJEcQOvSWEQHvYF2xpvTl1fUJE0MgdqmtDZHpnXkICrfLkpet6c4je3by26F0QM9yukMxrwphjcsSeNELt4o0b0V6bEXnbvX5zNLbL+42IzF7NJjvK\/xUmjyzMRXhBWcWtZdm4dmZeNmA+riQDCi7vMo+joVDxFkJIzpCTSamSybVtYAnRm9EKbToUpBkgDCxnhHhMuOtsx\/0lX9G1KoDEaAPGNof1Qq\/5umTUWR7IUqGk7fc0mwrKyxhS9QmarLLpK524i9T0LnKYLXlufSQJO1cAqLzNLR49vKZUlqFu9Cd\/0GBKfeJDy48ssGt2XGw\/aqEa31Lf1+zlUWCe+aoP3dZDOvS0h0kt\/pvCGqlcy6vDw9vfqKyBQFbfPWhSWj6cz1er1QzerKzoBxmZlTIPqBW9n\/cx2baYQ2ZXSn5shcLHDw4hgzfdvfqZ5F5IO5lu6TbNiTlVn6dwaMqLS5xipisnX3\/97TdfffPFrEld+6cHJuHqLum7Bz8XIOXiwaP\/H9sO5vZe6NrcvEyLFY277OIcOSJzu0gDDJA4X974HghT+XFs\/kY\/lOE3n\/Sse2H4H56zc+nf\" \/> \t\t<a href=\"https:\/\/www.pdf24.org\" target=\"_blank\" title=\"www.pdf24.org\" rel=\"nofollow\"><img src=\"https:\/\/www.hohenlohe-ungefiltert.de\/wp-content\/plugins\/pdf24-post-to-pdf\/img\/pdf_32x32.png\" alt=\"\" border=\"0\" height=\"32\" \/><\/a> \t\t<span class=\"pdf24Plugin-cp-space\">&nbsp;&nbsp;<\/span> \t\t<span class=\"pdf24Plugin-cp-text\">Sende Artikel als PDF<\/span> \t\t<span class=\"pdf24Plugin-cp-space\">&nbsp;&nbsp;<\/span> \t\t<input class=\"pdf24Plugin-cp-input\" style=\"margin: 0px;\" type=\"text\" name=\"sendEmailTo\" placeholder=\"Emailadresse\" \/> \t\t<input class=\"pdf24Plugin-cp-submit\" style=\"margin: 0px;\" type=\"submit\" value=\"Senden\" \/> \t<\/form> <\/div>","protected":false},"excerpt":{"rendered":"<p>Bei Gedenkfeier des Landtags f\u00fcr die Opfer des Nationalsozialismus in Fichtenau am 27. Januar 2014 pl\u00e4dierte Landtagspr\u00e4sident Guido Wolf (CDU)\u00a0 f\u00fcr den Abbau von Vorurteilen und die Akzeptanz von Unterschieden. Pressemitteilung des Landtags Baden-W\u00fcrttemberg Teuflische Macht der Vorurteile Stuttgart\/Fichtenau. In seiner zentralen Gedenkfeier f\u00fcr die Opfer des Nationalsozialismus hat der Landtag von Baden-W\u00fcrttemberg am 27. [&hellip;]<\/p>\n","protected":false},"author":1,"featured_media":0,"comment_status":"open","ping_status":"open","sticky":false,"template":"","format":"standard","meta":[],"categories":[1,10,2,8,7],"tags":[],"_links":{"self":[{"href":"https:\/\/www.hohenlohe-ungefiltert.de\/index.php?rest_route=\/wp\/v2\/posts\/17274"}],"collection":[{"href":"https:\/\/www.hohenlohe-ungefiltert.de\/index.php?rest_route=\/wp\/v2\/posts"}],"about":[{"href":"https:\/\/www.hohenlohe-ungefiltert.de\/index.php?rest_route=\/wp\/v2\/types\/post"}],"author":[{"embeddable":true,"href":"https:\/\/www.hohenlohe-ungefiltert.de\/index.php?rest_route=\/wp\/v2\/users\/1"}],"replies":[{"embeddable":true,"href":"https:\/\/www.hohenlohe-ungefiltert.de\/index.php?rest_route=%2Fwp%2Fv2%2Fcomments&post=17274"}],"version-history":[{"count":1,"href":"https:\/\/www.hohenlohe-ungefiltert.de\/index.php?rest_route=\/wp\/v2\/posts\/17274\/revisions"}],"predecessor-version":[{"id":17275,"href":"https:\/\/www.hohenlohe-ungefiltert.de\/index.php?rest_route=\/wp\/v2\/posts\/17274\/revisions\/17275"}],"wp:attachment":[{"href":"https:\/\/www.hohenlohe-ungefiltert.de\/index.php?rest_route=%2Fwp%2Fv2%2Fmedia&parent=17274"}],"wp:term":[{"taxonomy":"category","embeddable":true,"href":"https:\/\/www.hohenlohe-ungefiltert.de\/index.php?rest_route=%2Fwp%2Fv2%2Fcategories&post=17274"},{"taxonomy":"post_tag","embeddable":true,"href":"https:\/\/www.hohenlohe-ungefiltert.de\/index.php?rest_route=%2Fwp%2Fv2%2Ftags&post=17274"}],"curies":[{"name":"wp","href":"https:\/\/api.w.org\/{rel}","templated":true}]}}