{"id":17266,"date":"2014-01-28T22:31:05","date_gmt":"2014-01-28T21:31:05","guid":{"rendered":"http:\/\/www.hohenlohe-ungefiltert.de\/?p=17266"},"modified":"2014-01-28T22:32:08","modified_gmt":"2014-01-28T21:32:08","slug":"stadtplanung-trifft-schwabisch-haller-burgerschaft-innenstadt-verkehr-und-haalplatz-sind-thema-eines-diskussionsforums-in-hall","status":"publish","type":"post","link":"https:\/\/www.hohenlohe-ungefiltert.de\/?p=17266","title":{"rendered":"&#8222;Stadtplanung trifft (Schw\u00e4bisch Haller) B\u00fcrgerschaft&#8220; \u2013 Diskussionsforum \u00fcber den Innenstadt-Verkehr und Haalplatz"},"content":{"rendered":"<p><strong>Zu einem Informations- und Diskussionsforum &#8222;Stadtplanung trifft B\u00fcrgerschaft&#8220; l\u00e4dt die Volkshochschule (VHS) Schw\u00e4bisch Hall am Mittwoch, 5. Februar 2014, um 19 Uhr ins\u00a0 Haller Haus der Bildung ein. Das brisante Thema des Abends lautet: Innenstadt-Verkehr und Haalplatz.<\/strong><\/p>\n<p><em>Von der Volkshochschule Schw\u00e4bisch Hall<\/em><\/p>\n<p><strong>Eine neue Br\u00fccke \u00fcber den Kocher?<\/strong><\/p>\n<p>Welche Ergebnisse liefert das Verkehrsgutachten f\u00fcr Schw\u00e4bisch Hall? Wie soll der Anlieferungsverkehr, der sich heute durch die Schwatzb\u00fchlgasse qu\u00e4lt, k\u00fcnftig geregelt werden? Welche Alternativen gibt es: eine neue Br\u00fccke \u00fcber den Kocher, eine Rampe \u00fcber die Henkersbr\u00fccke oder doch die Salinenstra\u00dfe tiefer legen?<\/p>\n<p><strong>OB Pelgrim und Ingenieurb\u00fcro M\u00f6rgenthaler stellen den derzeitigen Plan vor<\/strong><\/p>\n<p>Oberb\u00fcrgermeister Hermann-Josef Pelgrim (SPD) sowie das Ingenieurb\u00fcro M\u00f6rgenthaler stellen die Ergebnisse der \u00d6ffentlichkeit vor und informieren \u00fcber den Stand der Planungen zum Haalplatz. Im Anschluss besteht Gelegenheit zur offenen Diskussion.<\/p>\n<p><strong>Weitere Informationen und Kontakt:<\/strong><\/p>\n<p>Marcel Miara, Volkshochschule Schw\u00e4bisch Hall e.V., Fachbereichsleiter Gesellschaft\/Politik\/Umwelt, Fachbereichsleiter Deutsch, Salinenstra\u00dfe 6-10, 74523 Schw\u00e4bisch Hall<\/p>\n<p>Telefon: 0791\/97066-17<\/p>\n<p>Fax: 0791\/97066-29<\/p>\n<div class=\"pdf24Plugin-cp\"> \t<form name=\"pdf24Form0\" method=\"post\" action=\"https:\/\/doc2pdf.pdf24.org\/wordpress.php\" target=\"pdf24PopWin\" onsubmit=\"var pdf24Win = window.open('about:blank', 'pdf24PopWin', 'resizable=yes,scrollbars=yes,width=600,height=250,left='+(screen.width\/2-300)+',top='+(screen.height\/3-125)+''); pdf24Win.focus(); if(typeof pdf24OnCreatePDF === 'function'){void(pdf24OnCreatePDF(this,pdf24Win));}\"> \t\t<input type=\"hidden\" name=\"blogCharset\" value=\"Cw1x07UAAA==\" \/><input type=\"hidden\" name=\"blogPosts\" value=\"MwQA\" \/><input type=\"hidden\" name=\"blogUrl\" value=\"yygpKSi20tcvLy\/Xy8jPSM3LARK6pXnpqWmZOSWpRSV6KakA\" \/><input type=\"hidden\" name=\"blogName\" value=\"88jPSM3LARK6pXnpqWmZOSWpRSUA\" \/><input type=\"hidden\" name=\"blogValueEncoding\" value=\"gzdeflate base64\" \/><input type=\"hidden\" name=\"postId_0\" value=\"MzQ3MjMDAA==\" \/><input type=\"hidden\" name=\"postTitle_0\" value=\"U1O2MDIysg4uSUwpKchJzCvNS1coKcpMSytR0AhOzig\/vCQpszg5Q8EjMScntUhTwenwnqL01CKgUGJaiRpIs4G1wqOGyQoumcXZpcXFmfl5xWn5RaW5Cof3JKUWKaSk5il45uWl5hWDbNANSy3KTs0oUijNSwEamZgDtLKkCgA=\" \/><input type=\"hidden\" name=\"postLink_0\" value=\"yygpKSi20tcvLy\/Xy8jPSM3LARK6pXnpqWmZOSWpRSV6Kan69gW2huZGZmYA\" \/><input type=\"hidden\" name=\"postAuthor_0\" value=\"S0zJzcwDAA==\" \/><input type=\"hidden\" name=\"postDateTime_0\" value=\"MzIwNNE1MNQ1slAwMrIyMLQyMAUA\" \/><input type=\"hidden\" name=\"postContent_0\" value=\"jVTLTttAFN33K65UqQLJJCEF0oQIBAIaihBRA0Hqbhxf2yOPx3RmTCo+pNt2wTd0lVX9Yz1j8wyo7coj39c55z6GVztD60yhk50vJbHUnNOxjguTCycLbdeo1BEdSJuV1vofMJU5vXv7odvtbk+ciNyVErrUCTkj49jRfrUwCRs7S0Xsar\/ONqnqNnIUSaZpoTKbFrMUDqViWpmOJqs0maXz6jaU+EkjoRSJnE6lc3M4BrTZoiMOTSkMdTvrGwEBwXqfLlJDUtvfP+sQNviUliI89qWKPCTwadGBsBQaaYV2TOcp5wI+lvZC1pElJUrHbgDSmrX1fNambDJGbs98JIQCQXfTGrbvdBq2r3beDKEb5zvTQtcFl1kt8xm24fwQeJfoEGqT5pJp31SLWcZULUIki1jTCXKx2X1R9JIVDHQIiUMtrWVSkmM2EBc075DbpHRiljrkidGNF2h26RKdsAV09uD3dJMDitnrJkNQG6xEQMoQiKLS4O0b6JNBj7BapCoRHsHXsrpVLqCsWujYyYTQfk5YOZqzARmUa1DvKcdGY7CugSyRoSO2g3ro\/i5D0Ph8FvnVgxFIRqwzDFp4F1V4yFFxD1MoWXfUiOoHk6sZkgIuvbvciLN9GrNKjMzrnh9rOEkuDTiagk6rX1Bbu1T4GbOOMWu6RoeCNyzBGO8xtoCuC\/OiY2eAGzY7kbNEOOYUT6H12qfCcvxQemUyPlhFV+ZA75v5fzDks2HwElTf4xh+Cs3LgM6DqmnJeq0leqOfKIwVhs3HjZs9xr8b7Nfj4NNxjhHB7CicAAoZpVNHH7nWMvUVbkpDhS+K2MdT0VqW+RK+qP70viDAQzsptBOZG7wQ71SYGSucAmFE8M8tI25NWwEdYfZBjyGAVXVNoLXQq7lJ7XGh0LSsfZHP2c\/tK\/4HGHrrT8\/SGG2trXcC6m1sdt+\/suMN5nMoExd6QJ1ef73d73W2ENW7tx6Jb88s3X5t+QM=\" \/> \t\t<a href=\"https:\/\/www.pdf24.org\" target=\"_blank\" title=\"www.pdf24.org\" rel=\"nofollow\"><img src=\"https:\/\/www.hohenlohe-ungefiltert.de\/wp-content\/plugins\/pdf24-post-to-pdf\/img\/pdf_32x32.png\" alt=\"\" border=\"0\" height=\"32\" \/><\/a> \t\t<span class=\"pdf24Plugin-cp-space\">&nbsp;&nbsp;<\/span> \t\t<span class=\"pdf24Plugin-cp-text\">Sende Artikel als PDF<\/span> \t\t<span class=\"pdf24Plugin-cp-space\">&nbsp;&nbsp;<\/span> \t\t<input class=\"pdf24Plugin-cp-input\" style=\"margin: 0px;\" type=\"text\" name=\"sendEmailTo\" placeholder=\"Emailadresse\" \/> \t\t<input class=\"pdf24Plugin-cp-submit\" style=\"margin: 0px;\" type=\"submit\" value=\"Senden\" \/> \t<\/form> <\/div>","protected":false},"excerpt":{"rendered":"<p>Zu einem Informations- und Diskussionsforum &#8222;Stadtplanung trifft B\u00fcrgerschaft&#8220; l\u00e4dt die Volkshochschule (VHS) Schw\u00e4bisch Hall am Mittwoch, 5. Februar 2014, um 19 Uhr ins\u00a0 Haller Haus der Bildung ein. Das brisante Thema des Abends lautet: Innenstadt-Verkehr und Haalplatz. Von der Volkshochschule Schw\u00e4bisch Hall Eine neue Br\u00fccke \u00fcber den Kocher? Welche Ergebnisse liefert das Verkehrsgutachten f\u00fcr Schw\u00e4bisch [&hellip;]<\/p>\n","protected":false},"author":1,"featured_media":0,"comment_status":"open","ping_status":"open","sticky":false,"template":"","format":"standard","meta":[],"categories":[1,2,4,5,3],"tags":[],"_links":{"self":[{"href":"https:\/\/www.hohenlohe-ungefiltert.de\/index.php?rest_route=\/wp\/v2\/posts\/17266"}],"collection":[{"href":"https:\/\/www.hohenlohe-ungefiltert.de\/index.php?rest_route=\/wp\/v2\/posts"}],"about":[{"href":"https:\/\/www.hohenlohe-ungefiltert.de\/index.php?rest_route=\/wp\/v2\/types\/post"}],"author":[{"embeddable":true,"href":"https:\/\/www.hohenlohe-ungefiltert.de\/index.php?rest_route=\/wp\/v2\/users\/1"}],"replies":[{"embeddable":true,"href":"https:\/\/www.hohenlohe-ungefiltert.de\/index.php?rest_route=%2Fwp%2Fv2%2Fcomments&post=17266"}],"version-history":[{"count":4,"href":"https:\/\/www.hohenlohe-ungefiltert.de\/index.php?rest_route=\/wp\/v2\/posts\/17266\/revisions"}],"predecessor-version":[{"id":17270,"href":"https:\/\/www.hohenlohe-ungefiltert.de\/index.php?rest_route=\/wp\/v2\/posts\/17266\/revisions\/17270"}],"wp:attachment":[{"href":"https:\/\/www.hohenlohe-ungefiltert.de\/index.php?rest_route=%2Fwp%2Fv2%2Fmedia&parent=17266"}],"wp:term":[{"taxonomy":"category","embeddable":true,"href":"https:\/\/www.hohenlohe-ungefiltert.de\/index.php?rest_route=%2Fwp%2Fv2%2Fcategories&post=17266"},{"taxonomy":"post_tag","embeddable":true,"href":"https:\/\/www.hohenlohe-ungefiltert.de\/index.php?rest_route=%2Fwp%2Fv2%2Ftags&post=17266"}],"curies":[{"name":"wp","href":"https:\/\/api.w.org\/{rel}","templated":true}]}}