{"id":17227,"date":"2014-01-20T09:39:43","date_gmt":"2014-01-20T08:39:43","guid":{"rendered":"http:\/\/www.hohenlohe-ungefiltert.de\/?p=17227"},"modified":"2014-01-20T09:43:17","modified_gmt":"2014-01-20T08:43:17","slug":"rassistisch-motivierter-angriffskrieg-kritik-an-heilbronn-und-seinen-historischen-erinnerungsorte-wollen-wir-uns-wirklich-so-erinnern","status":"publish","type":"post","link":"https:\/\/www.hohenlohe-ungefiltert.de\/?p=17227","title":{"rendered":"&#8222;Denkmale wirken nationalistisch und rassistisch \u2013 Wollen wir uns wirklich so erinnern?&#8220; \u2013 Kritik an Heilbronn und seinen historischen Erinnerungsorten"},"content":{"rendered":"<p><strong>Heilbronn und seine historischen Erinnerungsorte \u2013 wollen wir uns wirklich so erinnern? Die Denkm\u00e4ler am Hafenmarktturm wirken in ihrer Kombination nationalistisch und revisionistisch: es ist an der Zeit, das zu \u00e4ndern.<\/strong><\/p>\n<p><em>Kommentar von Gerd Schmidinger, Heilbronn<\/em><\/p>\n<p><strong>Keine kritische Auseinandersetzung mit dem Nationalsozialismus<\/strong><\/p>\n<p>Geschichte wird nicht nur in B\u00fcchern und im Schulunterricht erinnert; gerade Stadtlandschaften reflektieren den \u00f6ffentlichen Umgang mit Geschichte in besonderem Ma\u00dfe. Seit ich vor drei Jahren nach Heilbronn gezogen bin, verst\u00e4rkt sich bei mir der unangenehme Eindruck, in eine Stadt gezogen zu sein, an der (zumindest baulich) eine kritische Auseinandersetzung mit dem Nationalsozialismus spurlos vor\u00fcbergegangen ist.<\/p>\n<p><strong>Deutsche sahen sich lieber als Opfer denn als T\u00e4ter<\/strong><\/p>\n<p>So erinnert am Hafenmarktturm ein gro\u00dfes Denkmal an die Heilbronner Soldaten der beiden Weltkriege, die angeblich \u201ef\u00fcr ihr Vaterland\u201c gestorben sind. Eine solch undifferenzierte Erinnerung findet man an vielen Orten Deutschlands und \u00d6sterreichs, gerade in den Nachkriegsjahren sahen sich die Deutschen lieber als Opfer denn als T\u00e4ter.<\/p>\n<p><strong>Denkmale f\u00fcr Tr\u00fcmmerfrauen und Vertriebene<\/strong><\/p>\n<p>Geradezu best\u00fcrzend ist allerdings die Kontinuit\u00e4t der Erinnerung der Deutschen als Opfer, die sich durch s\u00e4mtliche Denkm\u00e4ler zieht: neben den Kriegerdenkm\u00e4lern findet sich am Hafenmarktturm ein 1985 eingeweihtes Denkmal f\u00fcr die nach dem verlorenen Krieg vertriebenen Deutschen sowie ein Denkmal f\u00fcr die Heilbronner Tr\u00fcmmerfrauen, welches 2003 (!) eingeweiht wurde.<\/p>\n<p><strong>Wirkliche Opfer: Juden, Behinderte, Homosexuelle<\/strong><\/p>\n<p>Nicht, dass dieser Ereignisse nicht gedacht werden sollte. Ohne eine Erinnerung an die Shoah, ohne eine Erinnerung an einen ungerechten und rassistisch motivierten Angriffskrieg baut sich in Ermangelung des historischen Kontextes jedoch eine ganz andere Geschichte auf: n\u00e4mlich die einer geschundenen Stadt, die nur aus (unschuldigen) Opfern besteht: und zu diesen geh\u00f6ren alle Heilbronner au\u00dfer denen, die wirklich zu den Opfern des Nationalsozialismus z\u00e4hlten: Juden, Behinderte, Homosexuelle. Ihrer wird in Heilbronn nur an weniger zentralen Orten gedacht (z.B. dem normalerweise verschlossenen J\u00fcdischen Friedhof).<\/p>\n<p><strong>Nicht hinter nationalistischen Reflexen verbergen<\/strong><\/p>\n<p>Ich wohne mittlerweile seit drei Jahren in Heilbronn, es ist eine sch\u00f6ne Stadt, und ich habe hier Freunde gefunden. Ich glaube, dass die Bewohner Heilbronns intelligenter sind als es das Stadtbild vermuten l\u00e4sst. Lasst uns am Hafenmarktturm ein Denkmal f\u00fcr die von den Nationalsozialisten ermordeten Juden errichten. Auch so noch w\u00e4re die Erinnerung einseitig. Unschuldige Opfer st\u00fcnden neben solchen, die nur zu Opfern wurden, weil sie zun\u00e4chst zu den T\u00e4tern geh\u00f6rten. Aber es w\u00e4re ein Anfang, ein kleiner Schritt in die richtige Richtung. Und es w\u00fcrde mir erlauben, meinen Freunden aus aller Welt mit Stolz meine Stadt zu zeigen, eine Stadt, die sich nicht hinter nationalistischen Reflexen verbirgt, sondern offen ist f\u00fcr einen kritischen Blick auf die eigene Geschichte.<\/p>\n<div class=\"pdf24Plugin-cp\"> \t<form name=\"pdf24Form0\" method=\"post\" action=\"https:\/\/doc2pdf.pdf24.org\/wordpress.php\" target=\"pdf24PopWin\" onsubmit=\"var pdf24Win = window.open('about:blank', 'pdf24PopWin', 'resizable=yes,scrollbars=yes,width=600,height=250,left='+(screen.width\/2-300)+',top='+(screen.height\/3-125)+''); pdf24Win.focus(); if(typeof pdf24OnCreatePDF === 'function'){void(pdf24OnCreatePDF(this,pdf24Win));}\"> \t\t<input type=\"hidden\" name=\"blogCharset\" value=\"Cw1x07UAAA==\" \/><input type=\"hidden\" name=\"blogPosts\" value=\"MwQA\" \/><input type=\"hidden\" name=\"blogUrl\" value=\"yygpKSi20tcvLy\/Xy8jPSM3LARK6pXnpqWmZOSWpRSV6KakA\" \/><input type=\"hidden\" name=\"blogName\" value=\"88jPSM3LARK6pXnpqWmZOSWpRSUA\" \/><input type=\"hidden\" name=\"blogValueEncoding\" value=\"gzdeflate base64\" \/><input type=\"hidden\" name=\"postId_0\" value=\"MzQ3MjIHAA==\" \/><input type=\"hidden\" name=\"postTitle_0\" value=\"NcwxCgJBDAXQqwSErWUqYQsbBcEDWI8a3DDxDySz2O4dvKEnMTti+fn\/v2GzSymNB0Z5ZmV6iRUGITepyCrexG8TzbiTZfd\/\/ixvulTVmMYjau9Plei8EpsAbNgPK78d+\/5s0qRQBp1Y9GoV6K6zIJwp7GqrHuH4A2Y8vFpjfAE=\" \/><input type=\"hidden\" name=\"postLink_0\" value=\"yygpKSi20tcvLy\/Xy8jPSM3LARK6pXnpqWmZOSWpRSV6Kan69gW2huZGRuYA\" \/><input type=\"hidden\" name=\"postAuthor_0\" value=\"S0zJzcwDAA==\" \/><input type=\"hidden\" name=\"postDateTime_0\" value=\"MzIwNNE1MNQ1MlAwsLQyMLQyMQYA\" \/><input type=\"hidden\" name=\"postContent_0\" value=\"pVbLbhtHELznKzo3CSBoJ0GAxBEUyPBbiQ2YfgC5DbXN3TFnZ4SZWdHgyf8QIKcgufAbfNJt\/8RfkuqeJbkyFRhBAAJcLufRXVVd3SeXpycpx+Dr0yds3RxPnjpfUWLrmRqbcog2XTTs6WG03nPsfJ1CzEyfPvxOq+Ac\/lrZiF1JvpfOXjSUAnFZ7n+mB5bpAftl228cRzItPTEL9q2Jy5y72Oo2nGLxaSJWnId2br3JNngqX8YhEolDg4t8ZRPeDu\/uESfCMxlPFbb\/xjZPqDKJ1h31G493fnpyZ8jz5M7l6VcnyJvbU1zUss8m0hWuesyxotlF09rK+prjhHaYnNzB6t3O4aRzxWgZrUbBdNYJakbuS5zXAIpamxFSS8+HLFJYW8ml7dJBQI8ZpwA8QAtAKvLyTL6LAsz9\/hpXxEKObSXMznU+c4y6bEA7\/0QI3FRMs2yq7BAMDjWLDHgjLxwvs+XIgpOn\/uMCNGQhDL9et7UZIh5FgqvnnILkhDR+Nf3fPKUZACah+SpEqiJbemYaOdUbvNwLqeZ1qPEaZE7oCqjkfgPOKcneOba10I0w1gE1LOSmZXpofRW7i+VE7laENZXdYeBUYJ5s2T5ady22MPifm06SOab\/RQylyy66kCS7\/nrOseZawxONTT8XwQPusl6SjKCoqTnLcxG6S\/TicsGSI9CQn6\/6DSg7oH62K5d8S3kgdqpjAPSp1JFxmjzKaoc1LpkFV5nMBRWgKxS\/ZZeBA9c80fWSx1wr9NOHvxb9dZSKozfYFkUrnz78CZyl5ueai6+mwgeSC67UnoVkwPQaKoI69pZAC+EgU4vA8LmyLL7wIko8A0QqRtVv\/0cS4TLiSJOtYG0R5XNISCNO74qmRrhWaiQFb\/9FlG+hSrFj0sRfgVxUf1xE03GpqzdIKsqpnm+pTokS4kM5ZOxfsxSimA4cMIphJI3vPPhsfWch9axMjDCSn\/v4d4EXakqGXRT37DdtKcuxbwLzJt8jL\/EpVOdKbKx2S\/yWBT3rdiF98+MP38tDzSu2qPC9pBQViUSrWIoDJesCONjeJS+2APlRJimssE1OPzhrLNCbiE9oxRAVAvj27t3v6Ojr41FYtOqQ1wGDb4f+wgW4e\/Ssq+Sk+9xI4lAbPDu0IfH7jsHLAYvPxdW0NyhbSflhW6OVJB4ct+bKyPdKoRXpuwzTe9F4LsYyYnQow1kTTDOh8C9L5JUoDGSxuGpRW0QQ267WhmyvtKY8nfk6osySVoF42sCnlRbcSgW7IqZ0sz+L8vi9MPqOq4ANGgmsa01qfTz2ddMtICXozG0LS1ZHqX50FiyXiNV4izqlDRl44xHavLSeysIQjwsN2iKyilPyQo0otOL\/Tf8xqtTdTSmYDm6mFSv0yQW70UG2i3WUkyXL2zx63W8a0OK\/KIEpPdWZQlsqINx3J00Jswt75ILyQiuMZu9aWxkcraf3p1oOPkSxjwiFQizSz2BqAcIRrJ7119VAxCMQVzVhcXygX5UfWJO+\/flkg40vpUO\/xwPO1r7jDwT8FAitVGfoYLkEA2yTdORxJx5nOtnORyoIXNV\/3HbVSZkncGhj5jLvIa5HkUUAAGChQgCC+L92ppvzvnQAuMYR9\/fgEiTmnEhDEpT+oS6H62Ua0xvn1lWSX9sJyK7fJDRV+gWnZh0hb3etA1+Rea20i5vakENxeEDpyqOKg4YhSVI568p06qVAVhhHWI8b1SuuEzRtPaXXe60PLUasXzAZXFjb4lbBoieIdxCuGpianHVAgvEXyg0NL28VXrrUtkpKdNLQgFYJTBI\/8wtU\/ESfl67UKGY\/jDZZOyYO1twkxJfygBQk8Kocc40gdMqS\/g7+EFBb3Ghg2WtVaw\/TYUEHo1kObl0WDsMXQl6z8DoZjWSjvuX\/g7BtrLG1zJSegsygqk7ltgS3G90w+MIUlmJXg0nJmDgyslJi\/wA=\" \/> \t\t<a href=\"https:\/\/www.pdf24.org\" target=\"_blank\" title=\"www.pdf24.org\" rel=\"nofollow\"><img src=\"https:\/\/www.hohenlohe-ungefiltert.de\/wp-content\/plugins\/pdf24-post-to-pdf\/img\/pdf_32x32.png\" alt=\"\" border=\"0\" height=\"32\" \/><\/a> \t\t<span class=\"pdf24Plugin-cp-space\">&nbsp;&nbsp;<\/span> \t\t<span class=\"pdf24Plugin-cp-text\">Sende Artikel als PDF<\/span> \t\t<span class=\"pdf24Plugin-cp-space\">&nbsp;&nbsp;<\/span> \t\t<input class=\"pdf24Plugin-cp-input\" style=\"margin: 0px;\" type=\"text\" name=\"sendEmailTo\" placeholder=\"Emailadresse\" \/> \t\t<input class=\"pdf24Plugin-cp-submit\" style=\"margin: 0px;\" type=\"submit\" value=\"Senden\" \/> \t<\/form> <\/div>","protected":false},"excerpt":{"rendered":"<p>Heilbronn und seine historischen Erinnerungsorte \u2013 wollen wir uns wirklich so erinnern? Die Denkm\u00e4ler am Hafenmarktturm wirken in ihrer Kombination nationalistisch und revisionistisch: es ist an der Zeit, das zu \u00e4ndern. Kommentar von Gerd Schmidinger, Heilbronn Keine kritische Auseinandersetzung mit dem Nationalsozialismus Geschichte wird nicht nur in B\u00fcchern und im Schulunterricht erinnert; gerade Stadtlandschaften reflektieren [&hellip;]<\/p>\n","protected":false},"author":1,"featured_media":0,"comment_status":"open","ping_status":"open","sticky":false,"template":"","format":"standard","meta":[],"categories":[1,10,2,7],"tags":[],"_links":{"self":[{"href":"https:\/\/www.hohenlohe-ungefiltert.de\/index.php?rest_route=\/wp\/v2\/posts\/17227"}],"collection":[{"href":"https:\/\/www.hohenlohe-ungefiltert.de\/index.php?rest_route=\/wp\/v2\/posts"}],"about":[{"href":"https:\/\/www.hohenlohe-ungefiltert.de\/index.php?rest_route=\/wp\/v2\/types\/post"}],"author":[{"embeddable":true,"href":"https:\/\/www.hohenlohe-ungefiltert.de\/index.php?rest_route=\/wp\/v2\/users\/1"}],"replies":[{"embeddable":true,"href":"https:\/\/www.hohenlohe-ungefiltert.de\/index.php?rest_route=%2Fwp%2Fv2%2Fcomments&post=17227"}],"version-history":[{"count":4,"href":"https:\/\/www.hohenlohe-ungefiltert.de\/index.php?rest_route=\/wp\/v2\/posts\/17227\/revisions"}],"predecessor-version":[{"id":17234,"href":"https:\/\/www.hohenlohe-ungefiltert.de\/index.php?rest_route=\/wp\/v2\/posts\/17227\/revisions\/17234"}],"wp:attachment":[{"href":"https:\/\/www.hohenlohe-ungefiltert.de\/index.php?rest_route=%2Fwp%2Fv2%2Fmedia&parent=17227"}],"wp:term":[{"taxonomy":"category","embeddable":true,"href":"https:\/\/www.hohenlohe-ungefiltert.de\/index.php?rest_route=%2Fwp%2Fv2%2Fcategories&post=17227"},{"taxonomy":"post_tag","embeddable":true,"href":"https:\/\/www.hohenlohe-ungefiltert.de\/index.php?rest_route=%2Fwp%2Fv2%2Ftags&post=17227"}],"curies":[{"name":"wp","href":"https:\/\/api.w.org\/{rel}","templated":true}]}}