{"id":17191,"date":"2014-01-16T12:25:49","date_gmt":"2014-01-16T11:25:49","guid":{"rendered":"http:\/\/www.hohenlohe-ungefiltert.de\/?p=17191"},"modified":"2014-01-16T13:25:59","modified_gmt":"2014-01-16T12:25:59","slug":"agrar-forschungs-und-verkehrsausschuss-mehr-verantwortung-fur-den-hohenlohischen-bundestagsabgeordneten-harald-ebner-grune","status":"publish","type":"post","link":"https:\/\/www.hohenlohe-ungefiltert.de\/?p=17191","title":{"rendered":"&#8222;Agrar-, Forschungs- und Verkehrsausschuss: Mehr Verantwortung f\u00fcr den hohenlohischen Bundestagsabgeordneten Harald Ebner (Gr\u00fcne)&#8220;"},"content":{"rendered":"<p><strong>Harald Ebner, Bundestagsabgeordneter aus dem Wahlkreis Schw\u00e4bisch Hall-Hohenlohe (B\u00fcndnis 90\/Die Gr\u00fcnen) wird auch in dieser Wahlperiode dem Ausschuss f\u00fcr Ern\u00e4hrung und Landwirtschaft angeh\u00f6ren, au\u00dferdem als Stellvertreter dem Ausschuss f\u00fcr Bildung, Forschung und Technikfolgenabsch\u00e4tzung sowie dem Ausschuss f\u00fcr Verkehr und digitale Infrastruktur. Die Gr\u00fcne Bundestagsfraktion w\u00e4hlte Harald Ebner au\u00dferdem zu ihrem Sprecher f\u00fcr Gentechnik- und Bio\u00f6konomiepolitik.<\/strong><\/p>\n<p><em>Vom Bundestagsb\u00fcro von Harald Ebner in Berlin<\/em><\/p>\n<p><strong>&#8222;Wir haben es satt&#8220;-Demo<\/strong><\/p>\n<p>Im Januar steht die Agrarpolitik traditionell stark im \u00f6ffentlichen Fokus. Ende n\u00e4chster Woche beginnt die Internationale Gr\u00fcne Woche (IGW) in Berlin, am 18. Januar finden die gro\u00dfe &#8222;Wir haben es satt&#8220;-Demo und die Agrar-Konferenz der Bundestagsfraktion statt (weitere IGW-Termine mit Harald Ebner siehe unten).<\/p>\n<p><strong>Bundesregierung an ihre Wahlversprechen erinnern<\/strong><\/p>\n<p>&#8222;Sp\u00e4testens bis Anfang Februar 2014 wird in Br\u00fcssel entschieden, ob schon bald wieder gegen den Willen der breiten Mehrheit der Menschen Gentech-Pflanzen auf unseren \u00c4ckern angebaut werden&#8220;, so Harald Ebner. &#8222;Mit einer starken Demo am 18. Januar k\u00f6nnen wir die neue Bundesregierung und den neuen Agrarminister Friedrich an ihre Wahlversprechen erinnern und Ihnen die breite Ablehnung der Gentechnik noch einmal deutlich vor Augen f\u00fchren&#8220;, sagte der neue Fraktionssprecher f\u00fcr Gentechnikpolitik, &#8222;ein weiteres ganz wichtiges aktuelles Thema sind die Verhandlungen zum Freihandelsabkommen TTIP zwischen der EU und den USA. Hier drohen weitgehend unter Ausschluss der \u00d6ffentlichkeit unsere europ\u00e4ischen Standards unter anderem im Verbraucher- und Umweltschutz ausgehebelt zu werden. Gen-Food, Klonfleisch und Co. w\u00fcrden gleichsam durch die Hintert\u00fcr in unsere L\u00e4den und auf unsere Teller kommen&#8220;.<\/p>\n<p><strong>Arbeitsgemeinschaft Biotechnologie und Bioethik<\/strong><\/p>\n<p>&#8222;Ich freue mich, dass mir die Fraktion mit dem zus\u00e4tzlichen Ausschuss und dem erweiterten Sprecherbereich die Verantwortung f\u00fcr ein erweitertes und sehr spannendes Themenportfolio \u00fcbertragen hat. Ich betrachte das als gro\u00dfen Vertrauensbeweis und Anerkennung f\u00fcr meine bisherige politische Arbeit&#8220;, so Harald Ebner, &#8222;auf jeden Fall werde ich mich politisch also weiterhin mit meinen bisherigen Schwerpunkten Agro-Gentechnik, Pestiziden, Bienen und Biopatenten besch\u00e4ftigen \u2013 aber auch mit einigem dar\u00fcber hinaus. In der Arbeitsgemeinschaft Biotechnologie und Bioethik werden wir zu ethischen Aspekten neuer Technologien und gesellschaftlicher Entwicklungen fach\u00fcbergreifend Positionen entwickeln.&#8220;<\/p>\n<p><strong>Einziger Oppositionspolitiker weit und breit<\/strong><\/p>\n<p>&#8222;F\u00fcr die Menschen in Schw\u00e4bisch Hall und Hohenlohe bin ich nat\u00fcrlich dar\u00fcber hinaus nach wie vor und verst\u00e4rkt auch Ansprechpartner in allen politischen Fragen. Auch hier sehe ich eine stark gewachsene Verantwortung: Schlie\u00dflich bin ich ja jetzt in Zeiten der Gro\u00dfen Koalition der einzige Repr\u00e4sentant der parlamentarischen Opposition weit und breit&#8220;, sagt der Wahlkreisabgeordnete f\u00fcr Schw\u00e4bisch Hall-Hohenlohe.<\/p>\n<p><strong>Bei folgenden Terminen im Rahmen der Internationalen Gr\u00fcnen Woche (IGW) 2014 in Berlin k\u00f6nnen Sie Harald Ebner treffen:<\/strong><\/p>\n<p>Do., 16.01., 18 Uhr: IGW-Er\u00f6ffnung, ICC Saal 1<\/p>\n<p>Do., 16.01., 19 Uhr: Empfang des BMEL f\u00fcr ausl\u00e4ndische Ehreng\u00e4ste im Rahmen der IGW (Messegel\u00e4nde)<\/p>\n<p>Do., 16.01., 21 Uhr: &#8222;Rheinland-Pfalz isst bunt&#8220; (LV Rheinland-Pfalz)<\/p>\n<p>Fr., 17.01., 19 Uhr: Neuland-Empfang (IGW, Halle 25)<\/p>\n<p>Sa., 18.01., ab 11 Uhr: Demo &#8222;Wir haben es satt&#8220;<\/p>\n<p>Sa., 18.01., ab 14.30-18 Uhr: Konferenz &#8222;Alles gegessen?&#8220; der Gr\u00fcnen Bundestagsfraktion<\/p>\n<p>So., 19.01., 10-13 Uhr: Talk im Rahmen der IGW: &#8222;Erneuerbar-vielf\u00e4ltig-nachhaltig &#8211; Energiewende bewegt den l\u00e4ndlichen Raum&#8220; (Landesvertretung Rheinland-Pfalz)<\/p>\n<p>Mo., 20.01., 11-14 Uhr: Veranstaltung &#8222;Zukunft der Saatgutz\u00fcchtung in Deutschland&#8220;, ICC Berlin, Raum 19, Salon Kolumbus<\/p>\n<p>Do., 23.01., 10 bis 12.15 Uhr: Tag des \u00d6kologischen Landbaus 2014 zum Thema: &#8222;Stadt &#8211; Land &#8211; Bio&#8220; (ICC Berlin)<\/p>\n<p>Do., 23.01., 16.30-18 Uhr: Gastauftritt auf der B\u00fchne von BLL (Bund f\u00fcr Lebensmittelrecht und Lebensmittelkunde) und BVE (Bundesvereinigung der Deutschen Ern\u00e4hrungsindustrie) unter dem Motto &#8222;Dialog Lebensmittel&#8220;<\/p>\n<p>Do., 23.01., 19 Uhr: Empfang des BMEL f\u00fcr inl\u00e4ndische Ehreng\u00e4ste<\/p>\n<p><strong>Weitere Informationen und Kontakt:<\/strong><\/p>\n<p>B\u00fcro Harald Ebner, MdB, Sprecher f\u00fcr Agrogentechnik der Fraktion B\u00fcndnis 90\/Die Gr\u00fcnen, Platz der Republik 1, 11011 Berlin<\/p>\n<p>Telefon: 030 \/ 227-730 28<\/p>\n<p>Fax: 030 \/ 227-760 25<\/p>\n<p>E-Mail: harald.ebner.ma11@bundestag.de<\/p>\n<p><strong>Internet:<\/strong> <a href=\"http:\/\/www.harald-ebner.de\" target=\"_blank\">www.harald-ebner.de<\/a><\/p>\n<div class=\"pdf24Plugin-cp\"> \t<form name=\"pdf24Form0\" method=\"post\" action=\"https:\/\/doc2pdf.pdf24.org\/wordpress.php\" target=\"pdf24PopWin\" onsubmit=\"var pdf24Win = window.open('about:blank', 'pdf24PopWin', 'resizable=yes,scrollbars=yes,width=600,height=250,left='+(screen.width\/2-300)+',top='+(screen.height\/3-125)+''); pdf24Win.focus(); if(typeof pdf24OnCreatePDF === 'function'){void(pdf24OnCreatePDF(this,pdf24Win));}\"> \t\t<input type=\"hidden\" name=\"blogCharset\" value=\"Cw1x07UAAA==\" \/><input type=\"hidden\" name=\"blogPosts\" value=\"MwQA\" \/><input type=\"hidden\" name=\"blogUrl\" value=\"yygpKSi20tcvLy\/Xy8jPSM3LARK6pXnpqWmZOSWpRSV6KakA\" \/><input type=\"hidden\" name=\"blogName\" value=\"88jPSM3LARK6pXnpqWmZOSWpRSUA\" \/><input type=\"hidden\" name=\"blogValueEncoding\" value=\"gzdeflate base64\" \/><input type=\"hidden\" name=\"postId_0\" value=\"MzQ3tDQEAA==\" \/><input type=\"hidden\" name=\"postTitle_0\" value=\"FY5BCsJADEWvEhCKggWZldiVgtWNW\/epE2fEkkAyg5frrhczs3yPx+d3m2MIYTgnRe33MIraK1dO1kPlCE\/SL2U1rNa82Qkezs0jl59o8Rbe66IQiSFLJp4lfzx2vPgEWcFkOCUSjUzF9R0V5wjXiUlhe9N1Ydp17chh+AM=\" \/><input type=\"hidden\" name=\"postLink_0\" value=\"yygpKSi20tcvLy\/Xy8jPSM3LARK6pXnpqWmZOSWpRSV6Kan69gW2huaGloYA\" \/><input type=\"hidden\" name=\"postAuthor_0\" value=\"S0zJzcwDAA==\" \/><input type=\"hidden\" name=\"postDateTime_0\" value=\"MzIwNNE1MNQ1NFMwNLIyMLQysQQA\" \/><input type=\"hidden\" name=\"postContent_0\" value=\"lVjLbhvLEd3nKwoOEEgASYn09UvWdULZlKxYSgxLtoC7CXo0xZm+M9ND9PSYAVdZ5A8C3O3d6Bu88m7+JF+SU909pKhHbrKwTPaz6tSpU9U8XLw5bJytTfbmvbKqTGmWGLYDOmpNyo1TWaOSjGubGnZsSbUNpVzRlcrLwrJu6OI6X3Y3iW6uc3qvynL4vs7ZlPhDO0fdd5MaLHq1v\/dOM51YDLDZpaW2Kc7CFm0o1dzgaDlywVbXKfsrpm2DM\/GH5t13SzNrupvctiYjmEZnyqQ4xWGJmjtSJuO8+2bZDHBu9ytbOUKVsM9xWX5l66x34IGTj3SZ4tgBHddWxuMNl3ydG13M6zJjoxLMdDduJbNNvdQP2viFbcG59dtTnWmnSqZTM7cKGLeFa+2INjjcwhgrCqdrQ4AyLx3T7WDccmjVks4tPlwsLMzDnL\/3hI0L1g793Ue67r4VtakrzYu61E4Xo8O9GOfDvcWb3x0i7ly9+VJXt6xIcFZNX2HG1vUI0RHbUpvDPWxZb4\/H\/eH3LyeTyesrbSlXCRvihhrlnB\/ffz18x1V97+7Tiv6sTKssNY5zJxSgaWaVjdaSsyrVggiChzXKFqQr6r7N53C11HDdIFxF24xoBvMJ3LjOGwnwVY1JSjjTxoSDTwGONUpOk3hE8MO6ndOTq92NhyBPReOXo966ucbhnqGU2RpRoP\/F3Rj\/6NLwQ23mDGauQBn7UNDxzTnaWbKGobD35Gp4ybbSsLLSbjsYjWaY3cIlszu6G4twtoXv7BNFGU8Xn1pIgSaQBjZbgANM7sUlenexANVhJJuGkNk0NXMkGB1zYgWVyf74h5DCAhzgbBouCYFBLmhOJQfrhPAFviVi+lJGLWWcCZj4d6XL0n+0lFhx29A5EifHRz94jpu9pZHZw4\/zUpkVBlQ7h\/eN4EndP68LeOGTP1Gto6VkiYmhGCBPt7Ab9cE7xy2sPZrCLJzko7Yd+qL7BoyM+OljabjtM3YDsA80FsmkCeFG2LQn4rGF1xZU\/c0w+GNOcxOZFhChaVJybuQWQWST4mTAXLG\/UiWmWp8OyFoLNRJ8oQi47BYKKnPsz\/AuHEfWNc0jEhJTcNCjhZsoUrOhDFEAJNe50xm+4qgWGYpPlzlXCuyMzIcS5lDoEubDpFVb4V7WMsQlKkpRVxXGLy9PP9JqqUOsxcTZ5zWmny+mI3qvRbOtlBRvBFSeMS\/8t1F9S5Ff2dv9slaHQogUaELc2hp8jpdcONigbNrEM8QiEVSoC2xOrBQltkFGP1dLLoXUrVtJ5ZPLE4yIDAeqjQS34XFdpwP6UCLPS\/aFUHa\/rUeQ8++yjDKMQ5\/AsLS1mBeI3msxwAn42vTGnnU3sl72b5iOUgSMQUmPWgzsveSf2gRew8gKEYtlEYXAR7Uua1C2rw3scl08lvunMG9uhSkVTB5QqgBvFZOgJ4\/XpVCQGqmKUZE35TAEsQLFA3Ukw\/ualcAlHUEA5sq4ZW2dEN0zUfi22RaOaqSqNgslGZlGtrFZYBvKs66p+55IhVdCtly5EYkXCWMETGXxwfcCQcON3IoppGyT8FKaGLljaqR6G7M2RHBk0T\/YDLZTSAyhEQWsHxOadepICH8WQaRjdEaBMySuC7Sb88S2OuZYrgO4\/nKzud34RovtojWFC1pTDzdJO6CP0Gu90l59jzSbyCKEe6GcrMNh7JuYufPn\/fsf\/yJUMBv6sCpoImbAUWU9oARjlJTY05Cc\/yfDYo54BUXGyFjIwWmzYO+ECJINjVbYH2yGsoDw4QLPLOgCSKKvi6gnc4TVW5iBSXMRhI91E9oFI3VIlnJpRjFAdzNlps0Kjlr662IR9zVR9TC4DNqRBh1+LE2OhSHC4HWp0uZeL+yP2fTDCZZI4NGLYLeX7TtQYwqD0l2KnstuqReuu7GFC3GamqDbC2VdbM6Ur6UbdhpJ00zEaSo7cpHQRroGHeoGx4Yq4yVua0CV7TQ8ED9Kzd2v3sTe6p8VuOxWTq78KdRsX5hiTn2oVemh9KMcIKZPvLDdDe6A7IbSDsNLVcmAjdZuonAH+60S5jevnx23HiUhWR9\/htzvklhT6OqFnbHTMlIBPqm8im5tN42mf7pstY2+D1r3juuO4ULf6d\/x9JDKdHCPS+\/q0YDGz0f7Y\/n\/JX3O7YFv\/2ZWWl3jXyWnb9\/ShUKtHz+87VXYNqsWvkkTeTw6n50FWMCpsrsxaZCtmTQGGeIB1O64e3JFO+eMRi5jv4F3H7xtMg63xSz4hI7NoDNL0aCpckW6aRwlqKwxdLRz9oXuLFoffGzl4BfbbvyFW7+0d0eQHviIMk2erfdeKI9Y2KsSGke7fCP3Gz36o2f8MHq6P+zDsOna43FT3+dIDwuUzB97D0MOBHLc7+3Xd3kQX0VfccvTcMulKov7oVjji0evSGSCV8RXzeW8uykh3kNRiVzJR79wPH4NgYQaalQzeQ1JVfMZY8gHM5bnT6qtNoGRzqeJD2OpeY+F6VxMn+xH08dDcN6b7jUDzpZ+dzT4p7ZozTwkK0jrMrRO3XcUYVmjpdFupaGSa9bZLQTvn19iInAaYDPaKQShbKukbba4OHnaw+gfJ+PJaPysRzPwv\/ul8PUk6It4moi4+nyVXtQ3q2uQ0RKmbg2krF5\/QSlbA7Yxc\/dhc57fps8Jnvwo\/85q53wr599+aM0N+xf20dkZ7QhfQp6eobE0DYqw41LkPajg7dFCuLUbCuyXWdjr4+erdv9MiPjC683vJdKUt1Ae7bf3P4Kc186tU+WdBtzZ1n13kmXb1f+qOWDRg5JzV4ev+veumde2UrF8i4PIPYf8uS+YR\/4Xiu1e6zw9Gtz5PUSao2zzYEr9ayx2ro\/8JoUGqlQuPNFRtNqkxMaxEH4f2tL\/\/hGsQDvO89oc0P7TfdqjyeTF8AU+TV6ulU39fWvyOSaf9ZOz4bnS5QGkSbwYsX+aVmo8\/lPSy8covQdWqEd8CxM6VARw5z8+yZ1bHOztLZfLUTh0GA5N+QmhzGbsfnzytwQ5Vzx588Ciwz0VAP4P\" \/> \t\t<a href=\"https:\/\/www.pdf24.org\" target=\"_blank\" title=\"www.pdf24.org\" rel=\"nofollow\"><img src=\"https:\/\/www.hohenlohe-ungefiltert.de\/wp-content\/plugins\/pdf24-post-to-pdf\/img\/pdf_32x32.png\" alt=\"\" border=\"0\" height=\"32\" \/><\/a> \t\t<span class=\"pdf24Plugin-cp-space\">&nbsp;&nbsp;<\/span> \t\t<span class=\"pdf24Plugin-cp-text\">Sende Artikel als PDF<\/span> \t\t<span class=\"pdf24Plugin-cp-space\">&nbsp;&nbsp;<\/span> \t\t<input class=\"pdf24Plugin-cp-input\" style=\"margin: 0px;\" type=\"text\" name=\"sendEmailTo\" placeholder=\"Emailadresse\" \/> \t\t<input class=\"pdf24Plugin-cp-submit\" style=\"margin: 0px;\" type=\"submit\" value=\"Senden\" \/> \t<\/form> <\/div>","protected":false},"excerpt":{"rendered":"<p>Harald Ebner, Bundestagsabgeordneter aus dem Wahlkreis Schw\u00e4bisch Hall-Hohenlohe (B\u00fcndnis 90\/Die Gr\u00fcnen) wird auch in dieser Wahlperiode dem Ausschuss f\u00fcr Ern\u00e4hrung und Landwirtschaft angeh\u00f6ren, au\u00dferdem als Stellvertreter dem Ausschuss f\u00fcr Bildung, Forschung und Technikfolgenabsch\u00e4tzung sowie dem Ausschuss f\u00fcr Verkehr und digitale Infrastruktur. Die Gr\u00fcne Bundestagsfraktion w\u00e4hlte Harald Ebner au\u00dferdem zu ihrem Sprecher f\u00fcr Gentechnik- und Bio\u00f6konomiepolitik. [&hellip;]<\/p>\n","protected":false},"author":1,"featured_media":0,"comment_status":"open","ping_status":"open","sticky":false,"template":"","format":"standard","meta":[],"categories":[1,9,10,2,4,5,3],"tags":[],"_links":{"self":[{"href":"https:\/\/www.hohenlohe-ungefiltert.de\/index.php?rest_route=\/wp\/v2\/posts\/17191"}],"collection":[{"href":"https:\/\/www.hohenlohe-ungefiltert.de\/index.php?rest_route=\/wp\/v2\/posts"}],"about":[{"href":"https:\/\/www.hohenlohe-ungefiltert.de\/index.php?rest_route=\/wp\/v2\/types\/post"}],"author":[{"embeddable":true,"href":"https:\/\/www.hohenlohe-ungefiltert.de\/index.php?rest_route=\/wp\/v2\/users\/1"}],"replies":[{"embeddable":true,"href":"https:\/\/www.hohenlohe-ungefiltert.de\/index.php?rest_route=%2Fwp%2Fv2%2Fcomments&post=17191"}],"version-history":[{"count":2,"href":"https:\/\/www.hohenlohe-ungefiltert.de\/index.php?rest_route=\/wp\/v2\/posts\/17191\/revisions"}],"predecessor-version":[{"id":17193,"href":"https:\/\/www.hohenlohe-ungefiltert.de\/index.php?rest_route=\/wp\/v2\/posts\/17191\/revisions\/17193"}],"wp:attachment":[{"href":"https:\/\/www.hohenlohe-ungefiltert.de\/index.php?rest_route=%2Fwp%2Fv2%2Fmedia&parent=17191"}],"wp:term":[{"taxonomy":"category","embeddable":true,"href":"https:\/\/www.hohenlohe-ungefiltert.de\/index.php?rest_route=%2Fwp%2Fv2%2Fcategories&post=17191"},{"taxonomy":"post_tag","embeddable":true,"href":"https:\/\/www.hohenlohe-ungefiltert.de\/index.php?rest_route=%2Fwp%2Fv2%2Ftags&post=17191"}],"curies":[{"name":"wp","href":"https:\/\/api.w.org\/{rel}","templated":true}]}}