{"id":17042,"date":"2013-12-31T12:45:41","date_gmt":"2013-12-31T11:45:41","guid":{"rendered":"http:\/\/www.hohenlohe-ungefiltert.de\/?p=17042"},"modified":"2013-12-31T15:47:13","modified_gmt":"2013-12-31T14:47:13","slug":"stuttgart-21-anschlag-auf-versammlungsfreiheit-montagsdemos-durften-nicht-vor-dem-hauptbahnhof-stattfinden","status":"publish","type":"post","link":"https:\/\/www.hohenlohe-ungefiltert.de\/?p=17042","title":{"rendered":"&#8222;Anschlag auf Versammlungsfreiheit&#8220; \u2013 Montagsdemos gegen Stuttgart 21 durften nicht vor dem Hauptbahnhof stattfinden"},"content":{"rendered":"<p><strong>Die Montagsdemos gegen Stuttgart 21 am 16. und 23. Dezember 2013 durften nicht auf dem Arnulf-Klett-Platz vor dem Hauptbahnhof stattfinden. Begr\u00fcndung: Die Stadt Stuttgart \u201ehabe bei der gebotenen Abw\u00e4gung in vertretbarer Weise den Interessen (\u2026) der betroffenen Verkehrsteilnehmer den Vorrang gegen\u00fcber dem von der Versammlungsfreiheit gesch\u00fctzten Interesse (der S21- Gegner) (\u2026) einger\u00e4umt.\u201c<\/strong><\/p>\n<p><em>Vom Stuttgarter B\u00fcndnis f\u00fcr Versammlungsfreiheit<\/em><\/p>\n<p><strong>Grundrecht wird leichtfertig geopfert<\/strong><\/p>\n<p>Zu deutsch: Das Grundrecht der Versammlungsfreiheit wird der Stra\u00dfenverkehrsordnung, beziehungsweise den \u201eInteressen der Verkehrsteilnehmer\u201c geopfert. Der juristische Trick: Die Sicherheit und Leichtigkeit (!) des Stra\u00dfenverkehrs wird zum Bestandteil der Rechtsordnung \u201eernannt\u201c und damit zum Schutzgut der \u00f6ffentlichen Sicherheit. Und wenn die \u201ebedroht\u201c ist \u2013 siehe oben. Mit dieser Begr\u00fcndung l\u00e4sst sich jede Demonstration verbieten.<\/p>\n<p><strong>Diese Entscheidung des Verwaltungsgerichtshofs (VGH) ist von erheblicher politischer Brisanz:<\/strong><\/p>\n<p>Ist es doch derselbe Verwaltungsgerichtshof, der regelm\u00e4\u00dfig jeden Neonazi-Aufmarsch genehmigt, obwohl daf\u00fcr ganze Innenst\u00e4dte komplett abgeriegelt \u2013 der Verkehr also vollst\u00e4ndig zum Erliegen kommt \u2013 und tausende Polizisten eingesetzt werden (Heilbronn, G\u00f6ppingen etc.), um die Versammlungsfreiheit von ein paar dutzend Neonazis zu \u201esch\u00fctzen\u201c.<\/p>\n<p><strong>Zum anderen hat derselbe Verwaltungsgerichtshof vor drei Jahren in gleicher Sache das gerade Gegenteil entschieden:<\/strong><\/p>\n<p>\u201eDas Interesse des Aktionsb\u00fcndnisses gegen Stuttgart 21, mit seiner Versammlung m\u00f6glichst gro\u00dfe Beachtung zu finden, \u00fcberwiegt das \u00f6ffentliche Interesse an der Vermeidung von Verkehrsbeeintr\u00e4chtigungen am Arnulf-Klett-Platz.\u201c (Entscheidung vom 29.10.2010, Az. 1 S 2493\/10).<\/p>\n<p><strong>Wundersame Verl\u00e4ngerung der Verkehrsstaus<\/strong><\/p>\n<p>Dass die Argumentation von Ordnungsb\u00fcrgermeister Schairer an den Haaren herbeigezogen ist, zeigt auch die wundersame Verl\u00e4ngerung der Verkehrsstaus: Vom 30.11.2013 (\u201eAuf dem Cityring bildet sich regelm\u00e4\u00dfig ein bis zu einem Kilometer langer Stau\u201c, Schairer im StZ-Interview) bis zum 10.12.2013 hat sich die Staul\u00e4nge \u2013 zumindest im Schriftsatz der<br \/>\nStadt Stuttgart \u2013 dann verf\u00fcnf- beziehungsweise verachtfacht.<\/p>\n<p><strong>Der gr\u00fcne OB\u00a0 schweigt<\/strong><\/p>\n<p>\u201eOffensichtlich handelt Schairer im Einvernehmen mit dem gr\u00fcnen Oberb\u00fcrgermeister Kuhn. Da ist die Ank\u00fcndigung eines \u201eb\u00fcrgerfreundlichen\u201c Versammlungsgesetzes durch die gr\u00fcn-rote Landesregierung schon fast als Drohung zu verstehen,\u201c so Thomas Tr\u00fcten, der Sprecher des\u00a0 Stuttgarter B\u00fcndnisses f\u00fcr Versammlungsfreiheit. Und weiter: \u201eAngesichts dieser Entwicklung sehen wir\u00a0 uns erneut in unserer Forderung nach einem fortschrittlichen Versammlungsgesetz best\u00e4tigt. Die Vorrangigkeit des Grundrechts auf Versammlungsfreiheit vor nachgeordneten Vorschriften und Gesetzen muss politisch und juristisch durchgek\u00e4mpft werden.<\/p>\n<p><strong>Anschlag auf die Versammlungsfreiheit<\/strong><\/p>\n<p>Die demokratische \u00d6ffentlichkeit war am 16. und 23. Dezember 2013 im Rahmen der Montagsdemos aufgerufen \u2013 unabh\u00e4ngig vom jeweiligen Standpunkt zu Stuttgart 21 \u2013\u00a0 gegen diesen Anschlag auf die Versammlungsfreiheit zu demonstrieren.<\/p>\n<p><strong>Weitere Informationen und Kontakt:<\/strong><\/p>\n<p><a href=\"http:\/\/versammlungsrecht.info\/neu\/aktuelles.html\" target=\"_blank\">http:\/\/versammlungsrecht.info\/neu\/aktuelles.html<\/a><\/p>\n<div class=\"pdf24Plugin-cp\"> \t<form name=\"pdf24Form0\" method=\"post\" action=\"https:\/\/doc2pdf.pdf24.org\/wordpress.php\" target=\"pdf24PopWin\" onsubmit=\"var pdf24Win = window.open('about:blank', 'pdf24PopWin', 'resizable=yes,scrollbars=yes,width=600,height=250,left='+(screen.width\/2-300)+',top='+(screen.height\/3-125)+''); pdf24Win.focus(); if(typeof pdf24OnCreatePDF === 'function'){void(pdf24OnCreatePDF(this,pdf24Win));}\"> \t\t<input type=\"hidden\" name=\"blogCharset\" value=\"Cw1x07UAAA==\" \/><input type=\"hidden\" name=\"blogPosts\" value=\"MwQA\" \/><input type=\"hidden\" name=\"blogUrl\" value=\"yygpKSi20tcvLy\/Xy8jPSM3LARK6pXnpqWmZOSWpRSV6KakA\" \/><input type=\"hidden\" name=\"blogName\" value=\"88jPSM3LARK6pXnpqWmZOSWpRSUA\" \/><input type=\"hidden\" name=\"blogValueEncoding\" value=\"gzdeflate base64\" \/><input type=\"hidden\" name=\"postId_0\" value=\"MzQ3MDECAA==\" \/><input type=\"hidden\" name=\"postTitle_0\" value=\"FcoxDsIwDAXQq3wJqTNkQurExsKExG4ax4nUOCh2OnMHbshJKOvTmw7nEMJ8UVvySgIaCQ\/uRrWuQ8VS55K5+PR\/xxnf9we3pk5ikWszCAsr7j7chbojnBBHT76jliU7ttaxV1xpvPxJWXNLMCf3VDSy\/gA=\" \/><input type=\"hidden\" name=\"postLink_0\" value=\"yygpKSi20tcvLy\/Xy8jPSM3LARK6pXnpqWmZOSWpRSV6Kan69gW2huYGJkYA\" \/><input type=\"hidden\" name=\"postAuthor_0\" value=\"S0zJzcwDAA==\" \/><input type=\"hidden\" name=\"postDateTime_0\" value=\"MzIwNNY1NNI1NlQwNLICIhNDAA==\" \/><input type=\"hidden\" name=\"postContent_0\" value=\"lVfNbttGEL7nKaY+2YAsWU5RIIZiQKlTJ3XSBHHqALkUS3NIbkQuhd2lheqUdyjQU5H0YPQRcvKpfJM8Sb8Z0rYc2W16SGBbO3\/ffPPNaDLfn4Toa5fvH1im57WLJg8pV3WgnHN2dBybGHPjI+2OyVQ0\/m5IjUtp9\/6QDnjJVcKednfG9yltfBZh4expEck0GcEPTb1rymz7qOQYt1+WJi7prPb60RPTzGNiClfUGYVoYsysS9kN6RHnvr1waePyPZLEjqNJ40oun99\/KEzClLCFK49ckxqxEX2aLNrzHIZkHZ2xj54Rw+PNG7aB8drRUxfZcwj4cfPz+7+21EXCwCHL1MkJ+xkXPkS2peOiYq92J7X3Bp4VmfYi4a6Os9qpB1gFU1UlgofMsy3YRrwNp0V7EZdxNTBtisHx7nibDjl37Lf6TNi6nH173lRx+Pn9H5NR353JaL5\/b4JucbV\/UlfXUMDNI4HK2UBZe3F7FpMRzK5c9C4PPfroWZq1sD6lkqVxGSCzUmI9lx\/XEnjboNYmoih0xgRa8XInBupeC47etB\/ZnfX41j51eDkA+EvLhRgtrrqEHq80qnf+RVsA0VWqwkdP7xpvQ7TIj+m1t6eznkCojb1mI+x9prXafCZ\/2PxGGBDWsuvyXjYV+Ah6ulTiaiKvpN7L7CVR9s44FyUdcZ+aCn7F8vi0aOIybzp02k9CsFhKMm4lpyH9DKsFO9SJZOEw4dTXhTpEOfjLbxSAEFOdyIA8h3u8DNL961mhsj0PeB3gmN5xykCkqh06aKKtdRwSyyDi8EsuHIgveuykr2zVlyACwBemjNIXsFIgC5jVQJsnh0+2NDHhvtSQaE2e5nVpO\/SRGTph3HJvjUNPYQjvaY00AUvgEqN8e6yB4uYxcGXVnrcfQU0pzNFPXDuztNvTJquMR0DwQDhh8zgASIu6QKuMTkSOJBizh8kOsT1HG2lWV3NRJDKJBBP3HcgrNCNThhoFlqVYuRShpaOPfWlVGeGj6oyk5dE0oCkgfwkEloAGL3SYA2P20VsvWW8+AYUSgOEGdNh+ms\/lBR7G0+HWgOBd2n\/rDCnQkLS5MVAdcArBLkEISExI0ysNO9BmrcVv4R0cxjw5Kkz8L+A7lUZ0+tEUYoPYuUqEzLGR8UqNLAlvUPShIKLjwcohKz1abzxyFM24lkEh2XQm5AxJr2KBb1s9A5KJCkDgpshQ1X7KhXugVO5rjC8GAtlJOYJKt1EGpGq9QOOipr06iCvpmCudqfopENgvZSdhhI8QZ5WORjtnbttwoty0eWOazqDZuw+G450hduXOgKbLIY3pmHa\/fXB\/NN7ZWmvXm0Z6hTK1QRhs2QvdXF4LYRDWraEMiIMSaerzpkKZ\/fTj34tOsgRsn2uVQTYIVMpY2ZEKgMNmNkoT6AXbnJe1lIqnA1rid1nuMrmIsPjqLPdI1tb9neF4PNRzAfvuw7Q\/Er638VePUaDElin3AnZj6IX6SUd04UBFR7asK5bkSyNB5URogPvguhgra\/Lttrb3zPJiq\/eAIwZp7HZpyChouLQ7M5quCJ1rPBX6gFpWldzbLAa5YFDdJPE02r+3fphAQ7AKRGshPi7bXttt+EQImsl\/60Isx4zoOdOLR3\/\/SWDQQiC\/bZReCIcld+UxKkGukLHV+h9b2Wa6K51OkKDd+QcZMBJfEOGoKbBdDoxqu1LIzWQule6KfNDt1FlBnND\/bpsJ5VeFqxM+UfnG9+hq3G2PQ42eSa4BHbYdXVAm2JkZRIXq0gF2Xz\/ASB+ZIcBAIkCQXxd1hQl+DWdRJlvvirlcIHqOBYB223EksnLnfXS5fy0s9qTAqQi3SuHlmsU0L3BNqOYEyUeuA8RqXCBBGBseFMVvLND\/gNugq8yhzT1ls9qLIngbLy+AdcDAFtk20Be5Z2QZdDdnf6qIXl5fXEGv7DvWhdfQOI4w8rLzxVPoOMxOV9Zh1yIQo4FgXG1u\/ez6jOoamPOsPa\/m2eUmWyPu1OFtafLu8L9ji61LlZUdUNUzuVD0Zmt\/v1JmrXiBdfevXzvA8ldG+S1MuPENBqmIHGV6TMqaNkkh0207PX7H6Hhpu1UDQs4bN5Or7eZ3Hliizd1GUi7gO8bX1CqO0v78srJ11yVe+Sb7B8yoVKT7zhxJFbO4vkAnhrCMs4cbRYzzvdHobCWwUmJo4WwEOo5g33BZchgWsSo3cKBgZOPDjV8SCOZsY\/\/\/epiMTJfGPw==\" \/> \t\t<a href=\"https:\/\/www.pdf24.org\" target=\"_blank\" title=\"www.pdf24.org\" rel=\"nofollow\"><img src=\"https:\/\/www.hohenlohe-ungefiltert.de\/wp-content\/plugins\/pdf24-post-to-pdf\/img\/pdf_32x32.png\" alt=\"\" border=\"0\" height=\"32\" \/><\/a> \t\t<span class=\"pdf24Plugin-cp-space\">&nbsp;&nbsp;<\/span> \t\t<span class=\"pdf24Plugin-cp-text\">Sende Artikel als PDF<\/span> \t\t<span class=\"pdf24Plugin-cp-space\">&nbsp;&nbsp;<\/span> \t\t<input class=\"pdf24Plugin-cp-input\" style=\"margin: 0px;\" type=\"text\" name=\"sendEmailTo\" placeholder=\"Emailadresse\" \/> \t\t<input class=\"pdf24Plugin-cp-submit\" style=\"margin: 0px;\" type=\"submit\" value=\"Senden\" \/> \t<\/form> <\/div>","protected":false},"excerpt":{"rendered":"<p>Die Montagsdemos gegen Stuttgart 21 am 16. und 23. Dezember 2013 durften nicht auf dem Arnulf-Klett-Platz vor dem Hauptbahnhof stattfinden. Begr\u00fcndung: Die Stadt Stuttgart \u201ehabe bei der gebotenen Abw\u00e4gung in vertretbarer Weise den Interessen (\u2026) der betroffenen Verkehrsteilnehmer den Vorrang gegen\u00fcber dem von der Versammlungsfreiheit gesch\u00fctzten Interesse (der S21- Gegner) (\u2026) einger\u00e4umt.\u201c Vom Stuttgarter B\u00fcndnis [&hellip;]<\/p>\n","protected":false},"author":1,"featured_media":0,"comment_status":"open","ping_status":"open","sticky":false,"template":"","format":"standard","meta":[],"categories":[1,6,2,4,3],"tags":[],"_links":{"self":[{"href":"https:\/\/www.hohenlohe-ungefiltert.de\/index.php?rest_route=\/wp\/v2\/posts\/17042"}],"collection":[{"href":"https:\/\/www.hohenlohe-ungefiltert.de\/index.php?rest_route=\/wp\/v2\/posts"}],"about":[{"href":"https:\/\/www.hohenlohe-ungefiltert.de\/index.php?rest_route=\/wp\/v2\/types\/post"}],"author":[{"embeddable":true,"href":"https:\/\/www.hohenlohe-ungefiltert.de\/index.php?rest_route=\/wp\/v2\/users\/1"}],"replies":[{"embeddable":true,"href":"https:\/\/www.hohenlohe-ungefiltert.de\/index.php?rest_route=%2Fwp%2Fv2%2Fcomments&post=17042"}],"version-history":[{"count":3,"href":"https:\/\/www.hohenlohe-ungefiltert.de\/index.php?rest_route=\/wp\/v2\/posts\/17042\/revisions"}],"predecessor-version":[{"id":17096,"href":"https:\/\/www.hohenlohe-ungefiltert.de\/index.php?rest_route=\/wp\/v2\/posts\/17042\/revisions\/17096"}],"wp:attachment":[{"href":"https:\/\/www.hohenlohe-ungefiltert.de\/index.php?rest_route=%2Fwp%2Fv2%2Fmedia&parent=17042"}],"wp:term":[{"taxonomy":"category","embeddable":true,"href":"https:\/\/www.hohenlohe-ungefiltert.de\/index.php?rest_route=%2Fwp%2Fv2%2Fcategories&post=17042"},{"taxonomy":"post_tag","embeddable":true,"href":"https:\/\/www.hohenlohe-ungefiltert.de\/index.php?rest_route=%2Fwp%2Fv2%2Ftags&post=17042"}],"curies":[{"name":"wp","href":"https:\/\/api.w.org\/{rel}","templated":true}]}}