{"id":16998,"date":"2013-12-12T12:15:48","date_gmt":"2013-12-12T11:15:48","guid":{"rendered":"http:\/\/www.hohenlohe-ungefiltert.de\/?p=16998"},"modified":"2013-12-12T12:15:48","modified_gmt":"2013-12-12T11:15:48","slug":"demokratische-offentlichkeit-wird-ausgeschlossen-attac-schwabisch-hall-kritisiert-transatlantic-trade-and-investment-partnership","status":"publish","type":"post","link":"https:\/\/www.hohenlohe-ungefiltert.de\/?p=16998","title":{"rendered":"&#8222;Demokratische \u00d6ffentlichkeit wird ausgeschlossen&#8220; \u2013 attac-Schw\u00e4bisch Hall kritisiert &#8222;Transatlantic Trade and Investment Partnership&#8220;"},"content":{"rendered":"<p><strong>Die EU-Kommission f\u00fchrt im Auftrag der m\u00e4chtigen EU-Regierungschefs in den n\u00e4chsten Monaten Verhandlungen \u00fcber eine &#8222;Transatlantic Trade and Investment Partnership&#8220; hinter f\u00fcr die demokratische \u00d6ffentlichkeit verschlossenen T\u00fcren.<\/strong><\/p>\n<p><em>Von Uli Simon, attac-Gruppe Schw\u00e4bisch Hall<\/em><\/p>\n<p><strong>Initialz\u00fcndung der globalisierungskritischen Bewegung<\/strong><\/p>\n<p>Um was es da geht, wie weitreichend die Auswirkungen auf unseren Alltag sein k\u00f6nnten, das skizziert die US-Amerikanerin Lori Wallach in einem Artikel in &#8222;Le monde diplomatique&#8220;. Lori Wallach ist Rechtsanw\u00e4ltin in den USA und spezialisiert auf Handelsrecht. Sie ist Direktorin von Public Citizen, der von Ralph Nader gegr\u00fcndeten gr\u00f6\u00dften Verbraucherschutzorganisation der Welt, und dort auch Leiterin von Global Trade Watch. Ma\u00dfgeblich war sie beteiligt an der Organisation der Proteste gegen die dritte WTO-Ministerkonferenz 1999 in Seattle, die von vielen als die Initialz\u00fcndung der globalisierungskritischen Bewegung in der westlichen Welt angesehen werden.<\/p>\n<p><strong>Im \u00fcbrigen haben wir unsere attac-Schw\u00e4bisch Hall-Plenumstermine f\u00fcr 2014 wie folgt festgelegt:<\/strong><\/p>\n<p>Donnerstags, immer um 20 Uhr im Haller Umweltzentrum in der Gelbinger Gasse 85, an folgenden Tagen:<\/p>\n<p>16. Januar 2014, 6. Feburar, 6. M\u00e4rz, 3. April, 8. Mai, 5. Juni, 3. Juli, 18. September, 2. Oktober, 6. November, 4. Dezember 2014. Interessierte sind herzlich eingeladen.<\/p>\n<div class=\"pdf24Plugin-cp\"> \t<form name=\"pdf24Form0\" method=\"post\" action=\"https:\/\/doc2pdf.pdf24.org\/wordpress.php\" target=\"pdf24PopWin\" onsubmit=\"var pdf24Win = window.open('about:blank', 'pdf24PopWin', 'resizable=yes,scrollbars=yes,width=600,height=250,left='+(screen.width\/2-300)+',top='+(screen.height\/3-125)+''); pdf24Win.focus(); if(typeof pdf24OnCreatePDF === 'function'){void(pdf24OnCreatePDF(this,pdf24Win));}\"> \t\t<input type=\"hidden\" name=\"blogCharset\" value=\"Cw1x07UAAA==\" \/><input type=\"hidden\" name=\"blogPosts\" value=\"MwQA\" \/><input type=\"hidden\" name=\"blogUrl\" value=\"yygpKSi20tcvLy\/Xy8jPSM3LARK6pXnpqWmZOSWpRSV6KakA\" \/><input type=\"hidden\" name=\"blogName\" value=\"88jPSM3LARK6pXnpqWmZOSWpRSUA\" \/><input type=\"hidden\" name=\"blogValueEncoding\" value=\"gzdeflate base64\" \/><input type=\"hidden\" name=\"postId_0\" value=\"MzSztLQAAA==\" \/><input type=\"hidden\" name=\"postTitle_0\" value=\"LY1BCsJADEWvEhC6E6QroVsXuhP0AnEmdUKnqSSp3XoHwRN4k97EkzhFl5\/Hf69abeu6bnbUD52is4VEML\/alsQzh9QRO0ysEXC0KxWcBzOSavltGvg8noDuGNankKb5fVkMsMecoVMuPiZ1qH6Vs6IYekZxDlBWJECJcJA7mfclCUdUF1JLfPsnvg==\" \/><input type=\"hidden\" name=\"postLink_0\" value=\"yygpKSi20tcvLy\/Xy8jPSM3LARK6pXnpqWmZOSWpRSV6Kan69gW2hmaWlhYA\" \/><input type=\"hidden\" name=\"postAuthor_0\" value=\"S0zJzcwDAA==\" \/><input type=\"hidden\" name=\"postDateTime_0\" value=\"MzIwNNY1NAIiBUMjKyAysQAA\" \/><input type=\"hidden\" name=\"postContent_0\" value=\"nVTBbtw2EL33KwYo0JN2HW+Twk4WBrZ16yS1Y8Prjc\/UalYaiKJUktoF9CG95uJvyMk3\/VjfcJUcnFtPIinOzHtv3nDZXSxD9K0rLy6F6c\/N7O+2aSQEaR3txufKR5KGVv0uelNSwZ6a8WlbRSnZ6fV7LoV978qwrXgXSBwuOXJ6KUSsblpn9PuZfWVcYXEVu\/E5RyoWx\/TLz2eLxeLdgzcumGiNi7Il7Aom3KcPbs8hNuwi3RkfHftQSZeCXr2jSlxEIiD1VIBAwU1bexNF4dD4726HQCvbqmaJtEfwtrJtCOwA4gFR7ObLk0mB5Ul38dMSinBz8Rn8N1ZoLU3rMjIxmu3syvddx7TeVofxKdca9N5YuzxBwPfgKdkHJ1GMHcZnV4Bzkq60bW6shEmx2ssRqKPf+cAlzn7AsmnoYAJxoMJQyVXM6ACeB9DxLBpbJOKrPhzE10d1Tb+j3gUGO1pZG9G5AK2pHr866AU+BXKGWoYBUGJKsFnPVg17qQ0kxt3r1gs9gp0BS+y1VzCCj1Kz1YOpb9dMUAjNKqSzbQPp\/+l5as\/8RZYQ6Z5hnmAcBLQRWSa\/bNYrIC4odDzIJFFMPN7DBGyD17g52sEpzaV4rmOrQPfo1F2fo8n0B\/QcEj2Iref3xnYVfTJJfC69NoPVjVh+Hb9Mvsy96aGkeqOPQ+tL4wRW1BHQwEe2UF3RFW0CBSrX0J+\/Vb9KbZ08+2jitprTjRm\/lKyoKjTQEwhRjtJipUSOY+bbl6XufBvhdlawwJYcDZPg4PHhdnYjuIyydet22tuBTs\/Pz1XCNcOglrMUoZD2wlaNYEM6+n9mPDbHw2whzRB+qRZAX3Jg3R7YF2mCXni\/0QH36Y2oTK4XxU+OnEbp5QzN7oC3b5Reo69CmujFq9PXye671kK1HXCU4FXGtz\/MyWXr9GmA1UOGFwtOpr5BAtpUXl8wrYGzTXMAA3gkevye+F2xzQWcsDJ4GujsTaYd0qIYL30oDBZvv5U6\/W1OH43rzRFgRtj\/xXnvjU\/rm\/HJDxn9OqdV58VmdKZ2kIzeIK53kn597C0Wp\/i15i5yg+cwo8WcbuHqtEaiT+1++vF6Tpc8pE2qOUdHoRSHNCcMd8GdcPCQ\/MZKxprvnfkP\" \/> \t\t<a href=\"https:\/\/www.pdf24.org\" target=\"_blank\" title=\"www.pdf24.org\" rel=\"nofollow\"><img src=\"https:\/\/www.hohenlohe-ungefiltert.de\/wp-content\/plugins\/pdf24-post-to-pdf\/img\/pdf_32x32.png\" alt=\"\" border=\"0\" height=\"32\" \/><\/a> \t\t<span class=\"pdf24Plugin-cp-space\">&nbsp;&nbsp;<\/span> \t\t<span class=\"pdf24Plugin-cp-text\">Sende Artikel als PDF<\/span> \t\t<span class=\"pdf24Plugin-cp-space\">&nbsp;&nbsp;<\/span> \t\t<input class=\"pdf24Plugin-cp-input\" style=\"margin: 0px;\" type=\"text\" name=\"sendEmailTo\" placeholder=\"Emailadresse\" \/> \t\t<input class=\"pdf24Plugin-cp-submit\" style=\"margin: 0px;\" type=\"submit\" value=\"Senden\" \/> \t<\/form> <\/div>","protected":false},"excerpt":{"rendered":"<p>Die EU-Kommission f\u00fchrt im Auftrag der m\u00e4chtigen EU-Regierungschefs in den n\u00e4chsten Monaten Verhandlungen \u00fcber eine &#8222;Transatlantic Trade and Investment Partnership&#8220; hinter f\u00fcr die demokratische \u00d6ffentlichkeit verschlossenen T\u00fcren. Von Uli Simon, attac-Gruppe Schw\u00e4bisch Hall Initialz\u00fcndung der globalisierungskritischen Bewegung Um was es da geht, wie weitreichend die Auswirkungen auf unseren Alltag sein k\u00f6nnten, das skizziert die US-Amerikanerin [&hellip;]<\/p>\n","protected":false},"author":1,"featured_media":0,"comment_status":"open","ping_status":"open","sticky":false,"template":"","format":"standard","meta":[],"categories":[1,2,4,5,3],"tags":[],"_links":{"self":[{"href":"https:\/\/www.hohenlohe-ungefiltert.de\/index.php?rest_route=\/wp\/v2\/posts\/16998"}],"collection":[{"href":"https:\/\/www.hohenlohe-ungefiltert.de\/index.php?rest_route=\/wp\/v2\/posts"}],"about":[{"href":"https:\/\/www.hohenlohe-ungefiltert.de\/index.php?rest_route=\/wp\/v2\/types\/post"}],"author":[{"embeddable":true,"href":"https:\/\/www.hohenlohe-ungefiltert.de\/index.php?rest_route=\/wp\/v2\/users\/1"}],"replies":[{"embeddable":true,"href":"https:\/\/www.hohenlohe-ungefiltert.de\/index.php?rest_route=%2Fwp%2Fv2%2Fcomments&post=16998"}],"version-history":[{"count":1,"href":"https:\/\/www.hohenlohe-ungefiltert.de\/index.php?rest_route=\/wp\/v2\/posts\/16998\/revisions"}],"predecessor-version":[{"id":17009,"href":"https:\/\/www.hohenlohe-ungefiltert.de\/index.php?rest_route=\/wp\/v2\/posts\/16998\/revisions\/17009"}],"wp:attachment":[{"href":"https:\/\/www.hohenlohe-ungefiltert.de\/index.php?rest_route=%2Fwp%2Fv2%2Fmedia&parent=16998"}],"wp:term":[{"taxonomy":"category","embeddable":true,"href":"https:\/\/www.hohenlohe-ungefiltert.de\/index.php?rest_route=%2Fwp%2Fv2%2Fcategories&post=16998"},{"taxonomy":"post_tag","embeddable":true,"href":"https:\/\/www.hohenlohe-ungefiltert.de\/index.php?rest_route=%2Fwp%2Fv2%2Ftags&post=16998"}],"curies":[{"name":"wp","href":"https:\/\/api.w.org\/{rel}","templated":true}]}}