{"id":16952,"date":"2013-12-04T17:56:47","date_gmt":"2013-12-04T16:56:47","guid":{"rendered":"http:\/\/www.hohenlohe-ungefiltert.de\/?p=16952"},"modified":"2013-12-04T18:04:18","modified_gmt":"2013-12-04T17:04:18","slug":"75-jahre-reichspogromnacht-in-schwabisch-hall-vergessene-erinnerungen-stadtarchivar-dr-maisch-spricht-heute-mittwoch-zu-diesem-thema","status":"publish","type":"post","link":"https:\/\/www.hohenlohe-ungefiltert.de\/?p=16952","title":{"rendered":"&#8222;75 Jahre Reichspogromnacht in Schw\u00e4bisch Hall: Vergessene Erinnerungen&#8220; \u2013  Stadtarchivar Dr. Maisch spricht heute (Mittwoch) zu diesem Thema"},"content":{"rendered":"<p><strong>Zur Abschlussveranstaltung der st\u00e4dtischen Gedenkreihe \u201eStolpern mit Kopf und Herz \u2013 75 Jahre Reichspogromnacht\u201c l\u00e4dt die Volkshochschule Schw\u00e4bisch Hall am heutigen Mittwoch, 4. Dezember 2013, um 20 Uhr ins Haus der Bildung ein. Stadtarchivar Dr. Maisch spricht zum Thema &#8222;75 Jahre Reichspogromnacht in Schw\u00e4bisch Hall: Vergessene Erinnerungen&#8220;. Der Eintritt ist frei.<br \/>\n<\/strong><\/p>\n<p><em>Von der Volkshochschule Schw\u00e4bisch Hall<\/em><\/p>\n<p><strong>Intensive Kultur der Erinnerung an Opfer des Nationalsozialismus<\/strong><\/p>\n<p>Seit den 1980er Jahren ist in Schw\u00e4bisch Hall eine intensive Kultur der Erinnerung an Opfer des Nationalsozialismus entstanden. Sie begann mit privaten Initiativen zum Gedenken an die Reichspogromnacht, das KZ Hessental und an von den Nazis als Deserteure eingestufte Soldaten. Relativ rasch griff die Stadt Schw\u00e4bisch Hall einige dieser Initiativen auf, was sich in einem Stra\u00dfennamen und in der Einladung an die ehemaligen j\u00fcdischen Einwohner materialisierte. Ende der 1980er Jahre kamen Gedenktafeln und -inschriften, in den 1990er Jahren weitere Stra\u00dfennahmen dazu.<\/p>\n<p><strong>R\u00fcckblick auf die Jahre 1945 bis 1980<\/strong><\/p>\n<p>Der Vortrag \u201eVergessene Erinnerung. Das Erinnern an Nationalsozialismus und Judenverfolgung in Schw\u00e4bisch Hall\u201c von Stadtarchivar Dr. Andreas Maisch versucht eine Zusammenschau dieser Erinnerungskultur und blickt zur\u00fcck auf die Jahre nach 1945 bis 1980, als das Erinnern \u201evergessen\u201c wurde. Veranstalter: VHS\/Stadtarchiv. Eintritt frei.<\/p>\n<p><strong>Informationen im Internet \u00fcber den j\u00fcdischen Friedhof in Schw\u00e4bisch Hall-Steinbach:<\/strong><\/p>\n<p><a href=\"http:\/\/www.alemannia-judaica.de\/steinbach_friedhof.htm\" target=\"_blank\">http:\/\/www.alemannia-judaica.de\/steinbach_friedhof.htm<\/a><\/p>\n<p><strong>Gedenkorte f\u00fcr Opfer des Nationalsozialismus in Schw\u00e4bisch Hall:<\/strong><\/p>\n<p><a href=\"http:\/\/www.schwaebischhall.de\/buergerstadt\/geschichte\/gedenkorte-fuer-ns-opfer.html\" target=\"_blank\">http:\/\/www.schwaebischhall.de\/buergerstadt\/geschichte\/gedenkorte-fuer-ns-opfer.html<\/a><\/p>\n<p><strong>Informationen im Internet \u00fcber die KZ-Gedenkst\u00e4tte Schw\u00e4bisch Hall-Hessental:<\/strong><\/p>\n<p><a href=\"http:\/\/www.kz-hessental.de\/\" target=\"_blank\">http:\/\/www.kz-hessental.de\/<\/a><\/p>\n<p><strong>Informationen im Internet \u00fcber die Aktion &#8222;Stolpersteine&#8220;:<\/strong><\/p>\n<p><a href=\"http:\/\/www.stolpersteine.com\/ \" target=\"_blank\">http:\/\/www.stolpersteine.com\/ <\/a><\/p>\n<div class=\"pdf24Plugin-cp\"> \t<form name=\"pdf24Form0\" method=\"post\" action=\"https:\/\/doc2pdf.pdf24.org\/wordpress.php\" target=\"pdf24PopWin\" onsubmit=\"var pdf24Win = window.open('about:blank', 'pdf24PopWin', 'resizable=yes,scrollbars=yes,width=600,height=250,left='+(screen.width\/2-300)+',top='+(screen.height\/3-125)+''); pdf24Win.focus(); if(typeof pdf24OnCreatePDF === 'function'){void(pdf24OnCreatePDF(this,pdf24Win));}\"> \t\t<input type=\"hidden\" name=\"blogCharset\" value=\"Cw1x07UAAA==\" \/><input type=\"hidden\" name=\"blogPosts\" value=\"MwQA\" \/><input type=\"hidden\" name=\"blogUrl\" value=\"yygpKSi20tcvLy\/Xy8jPSM3LARK6pXnpqWmZOSWpRSV6KakA\" \/><input type=\"hidden\" name=\"blogName\" value=\"88jPSM3LARK6pXnpqWmZOSWpRSUA\" \/><input type=\"hidden\" name=\"blogValueEncoding\" value=\"gzdeflate base64\" \/><input type=\"hidden\" name=\"postId_0\" value=\"MzSzNDUCAA==\" \/><input type=\"hidden\" name=\"postTitle_0\" value=\"HczBCcJAEAXQVj4IQS8iAVHMVUGEXIx4HzdDZiC7CbMbA57swRbsxE6sROIr4GWzbZ7nxWaNE4kxzqxOYt811vlAThI0oHIyft43jU5wpLbd4crWcIwcGAfTENiG0HDIpm1V4Pt8AVWiOpE50TsZ9rZESf8i9qbTLDwkxrzUlMbOyQKPAbVyZI+LsKcf\" \/><input type=\"hidden\" name=\"postLink_0\" value=\"yygpKSi20tcvLy\/Xy8jPSM3LARK6pXnpqWmZOSWpRSV6Kan69gW2hmaWpkYA\" \/><input type=\"hidden\" name=\"postAuthor_0\" value=\"S0zJzcwDAA==\" \/><input type=\"hidden\" name=\"postDateTime_0\" value=\"MzIwNNY1NNI1MFEwNLcyNLIyMQcA\" \/><input type=\"hidden\" name=\"postContent_0\" value=\"rVbLbhtHELznKxoKkBO5lBQbsWSagAIpkS3YAcxEB12M4W4vd8zZWWIeJMCT\/yHXIL74M3Tjn\/hLUj1LSpTISIKTG5fT011VXd27\/emg74Nr7HhwFR2djHxemej9jJ2yPigToh1TwY58WH4pgsY5W\/qVC7YTx7pi+vrp72FozJSdpVoHumimJUVb0Dm7BU7\/pJ+e0xtVOab3rPPKT5uxa2qr8ip8\/fQXGclLhWa6bMzEVw1C8ioapmFezZdfRlKTzpUxpGqqOAY9BoS3OoQ5Yjv0LKNTXnA9AsrD\/YMfOxRr\/KA\/KkfaelyNPlH4WZtC6LC2GQ2DKoJyeaVnytGpy+itSpX81AFloAWy\/F5xreiH718cHh6+\/HcaKLMF9pgu2Y3Ze7ZMZ05byw7F2aZs+y8FtKMzbYMDE9I+UAlBs\/7IUW\/wXb+3aku\/N8UT2sT14LKxichjQvV7CL65uEr02ga2Xs+YLiLa6lKmW2CkLP02LVn+9\/ROBd1YZXyz0MpoX0e\/hWjI6DZ8QAdHL\/ZxL4ljE5MdeojqjIP\/BoLYBtjSoixaCM+MeKxsazz0baaQnl5bHTTuzvBbuti6FQ\/ILj7b6l+HCuXp4gqWlX7B9snACJ8lxS2gLLQnQEHXPLvAET4AIzQ4xDKgBY0ppHiG7EZqk1NCfex0WaaqyXA7ZYGfJQJ570BXsezQHMA84IqkomCNPE4tP7O1qkaQ4NStK+Alo4qVilKRxb0mTcvH5XWxml2EzZsKelMNwC4pq4VSRmfQNaXa7ChNUqFWxKBKNm3VLmYrr0APrDstBrHC0YYV5nAIO96AXEmqQi1idt+e75fX+WRkdD4R4gl\/W\/7g6NlzgmAJ1JYJT9M4OBQYyybaOXMYNai4ek4u2OUs4fQmggR2X9mYsQi5w8eyssQV2\/vjxBaOUWi1R5DGR1kOyfhX0asa5HGi4rrbtxD9pB0HAZFEkP3jRJJ7aohf70rSSbYsNhlCiNlaCME7j65Aey9vljo7rKfzYW+DRHa7i9o9tLU+ysbVSTcZ8ppknzjLgZbXozSwd1z2i9NcVE25S8LuMECTEZgcb685RaBZvtqrQpge93rz+TxTBj62Vqvux1gonausYNxb5fhQrkplVaj3CHTGHF7tfRgZZSd7g2\/L0++prQXaTgC8xlQur90ji2rXK+FJbBE9V5xuVbgkGEdRuum8dKuHtqJfMBbj5xpRt0RI1\/puI6CEgXlQiv+ryC6dHnUKzHxx1W3llM+KELZfYd2bVfw01SaLbrW+IWweZH8\/+FtZnEzkeP19sPoKSobi1Vv+iS3fvJnlTd2jh7u3HX9D4R8=\" \/> \t\t<a href=\"https:\/\/www.pdf24.org\" target=\"_blank\" title=\"www.pdf24.org\" rel=\"nofollow\"><img src=\"https:\/\/www.hohenlohe-ungefiltert.de\/wp-content\/plugins\/pdf24-post-to-pdf\/img\/pdf_32x32.png\" alt=\"\" border=\"0\" height=\"32\" \/><\/a> \t\t<span class=\"pdf24Plugin-cp-space\">&nbsp;&nbsp;<\/span> \t\t<span class=\"pdf24Plugin-cp-text\">Sende Artikel als PDF<\/span> \t\t<span class=\"pdf24Plugin-cp-space\">&nbsp;&nbsp;<\/span> \t\t<input class=\"pdf24Plugin-cp-input\" style=\"margin: 0px;\" type=\"text\" name=\"sendEmailTo\" placeholder=\"Emailadresse\" \/> \t\t<input class=\"pdf24Plugin-cp-submit\" style=\"margin: 0px;\" type=\"submit\" value=\"Senden\" \/> \t<\/form> <\/div>","protected":false},"excerpt":{"rendered":"<p>Zur Abschlussveranstaltung der st\u00e4dtischen Gedenkreihe \u201eStolpern mit Kopf und Herz \u2013 75 Jahre Reichspogromnacht\u201c l\u00e4dt die Volkshochschule Schw\u00e4bisch Hall am heutigen Mittwoch, 4. Dezember 2013, um 20 Uhr ins Haus der Bildung ein. Stadtarchivar Dr. Maisch spricht zum Thema &#8222;75 Jahre Reichspogromnacht in Schw\u00e4bisch Hall: Vergessene Erinnerungen&#8220;. Der Eintritt ist frei. Von der Volkshochschule Schw\u00e4bisch [&hellip;]<\/p>\n","protected":false},"author":1,"featured_media":0,"comment_status":"open","ping_status":"open","sticky":false,"template":"","format":"standard","meta":[],"categories":[1,10,2,5,7],"tags":[],"_links":{"self":[{"href":"https:\/\/www.hohenlohe-ungefiltert.de\/index.php?rest_route=\/wp\/v2\/posts\/16952"}],"collection":[{"href":"https:\/\/www.hohenlohe-ungefiltert.de\/index.php?rest_route=\/wp\/v2\/posts"}],"about":[{"href":"https:\/\/www.hohenlohe-ungefiltert.de\/index.php?rest_route=\/wp\/v2\/types\/post"}],"author":[{"embeddable":true,"href":"https:\/\/www.hohenlohe-ungefiltert.de\/index.php?rest_route=\/wp\/v2\/users\/1"}],"replies":[{"embeddable":true,"href":"https:\/\/www.hohenlohe-ungefiltert.de\/index.php?rest_route=%2Fwp%2Fv2%2Fcomments&post=16952"}],"version-history":[{"count":6,"href":"https:\/\/www.hohenlohe-ungefiltert.de\/index.php?rest_route=\/wp\/v2\/posts\/16952\/revisions"}],"predecessor-version":[{"id":16955,"href":"https:\/\/www.hohenlohe-ungefiltert.de\/index.php?rest_route=\/wp\/v2\/posts\/16952\/revisions\/16955"}],"wp:attachment":[{"href":"https:\/\/www.hohenlohe-ungefiltert.de\/index.php?rest_route=%2Fwp%2Fv2%2Fmedia&parent=16952"}],"wp:term":[{"taxonomy":"category","embeddable":true,"href":"https:\/\/www.hohenlohe-ungefiltert.de\/index.php?rest_route=%2Fwp%2Fv2%2Fcategories&post=16952"},{"taxonomy":"post_tag","embeddable":true,"href":"https:\/\/www.hohenlohe-ungefiltert.de\/index.php?rest_route=%2Fwp%2Fv2%2Ftags&post=16952"}],"curies":[{"name":"wp","href":"https:\/\/api.w.org\/{rel}","templated":true}]}}