{"id":16871,"date":"2013-12-03T09:24:54","date_gmt":"2013-12-03T08:24:54","guid":{"rendered":"http:\/\/www.hohenlohe-ungefiltert.de\/?p=16871"},"modified":"2013-12-03T09:25:10","modified_gmt":"2013-12-03T08:25:10","slug":"nazis-morden-der-staat-schaut-zu-das-ist-die-geschichte-des-nsuanti-nsu-demo-in-schwabisch-hall","status":"publish","type":"post","link":"https:\/\/www.hohenlohe-ungefiltert.de\/?p=16871","title":{"rendered":"&#8222;Nazis morden, der Staat schaut zu&#8220; \u2013 Das ist die Geschichte des NSU!\u201d \u2013 Anti-NSU-Demo in Schw\u00e4bisch Hall"},"content":{"rendered":"<p><strong>An der zweiten Demonstration der Kampagne \u201cNaziterror und Rassismus bek\u00e4mpfen! Verfassungsschutz aufl\u00f6sen!\u201d in Schw\u00e4bisch Hall haben sich am 16. November 2013 rund 340 Menschen beteiligt.<\/strong><\/p>\n<p><em>Von der Internetseite http:\/\/nsu-demo.tk\/<\/em><\/p>\n<p><strong>Lautstarker und bunt gemischter Demonstrationszug<\/strong><\/p>\n<p>Der lautstarke und bunt gemischte Demonstrationszug f\u00fchrte vom Eventplatz am Kocherquartier quer durch die Innenstadt und machte f\u00fcr Kundgebungen Halt am Haalplatz, am Grasmarkt und am Froschgraben.<\/p>\n<p><strong>Faschistisches Netzwerk<\/strong><\/p>\n<p>Die Bundestagsabgeordnete Martina Renner berichtete in ihrer Rede von ihrer Arbeit im Th\u00fcringer NSU-Untersuchungsausschuss und machte deutlich, dass der NSU keine Zelle oder ein Trio, sondern ein faschistisches Netzwerk war beziehungsweise ist, dessen konsequente Aufkl\u00e4rung noch aussteht und immer wieder von den Beh\u00f6rden verhindert wurde. Nicht zuletzt in Baden-W\u00fcrttemberg, wo sich die rot-gr\u00fcne Landesregierung weiter gegen einen Untersuchungsausschuss stellt.<\/p>\n<p><strong>Noch v\u00f6llig ungekl\u00e4rten Verbindungen zwischen rechten Aktivisten zum NSU-Umfeld<\/strong><\/p>\n<p>Ein Redner der Antifaschistischen Aktion Heilbronn schilderte die aktive Nazi-Szene in der Region Hohenlohe und Schw\u00e4bisch Hall und die zahlreichen noch v\u00f6llig ungekl\u00e4rten Verbindungen zwischen diesen rechten Aktivisten und Strukturen zum NSU-Umfeld.<br \/>\nDie Kommunistin Bahar P. skizzierte in ihrer Rede die allt\u00e4gliche Diskriminierung von MigrantInnen und Gefl\u00fcchteten durch den Staat und rief zu internationaler Solidarit\u00e4t statt rassistischer Spaltung auf.<\/p>\n<p><strong>Lehrer Klaus Mausner vom Berufsverbot betroffen<\/strong><\/p>\n<p>Bei der Abschlusskundgebung ging der vom Berufsverbot in den 1970er Jahren betroffene Lehrer Klaus Mausner von der DKP auf die von NS- Kontinuit\u00e4t und antikommunistischer Hetze gepr\u00e4gte Geschichte des deutschen Inlandsgeheimdienstes ein.<\/p>\n<p><strong>Zehn Menschen ermordet<\/strong><\/p>\n<p>Durch das Verteilen von Flugbl\u00e4ttern an Passantinnen und Passanten, Lautsprecherdurchsagen und Parolen wie &#8222;Nazis morden, der Staat schaut zu \u2013 Das ist die Geschichte des NSU!&#8220; konnte die Demonstration auch auf ihrem Weg durch die Haller Altstadt die Inhalte der Kampagne gut in die \u00d6ffentlichkeit tragen. Wie bereits in Heilbronn wurden im vorderen Teil der Demonstration die Bilder der zehn vom NSU ermordeten Menschen mahnend mitgetragen.<\/p>\n<p><strong>Polizei filmte ohne erkennbaren Anlass<\/strong><\/p>\n<p>Provokationen von Nazis und Rassisten, wie wir sie bei der Demo in Heilbronn erleben mussten, blieben aus. Auch die Polizei, die aufgrund der Mitgliedschaft von Beamten im \u201cKu-Klux-Klan\u201d vor Ort immer wieder scharf kritisiert wurde, hielt sich im Hintergrund. Trotzdem wurden immer wieder DemonstrationsteilnehmerInnen ohne erkennbaren Anlass abgefilmt. Zu Personenkontrollen und Behinderungen bei der Anreise von DemonstrantInnen durch die Polizei war es au\u00dferdem bereits im Vorfeld in Stuttgart und Heilbronn gekommen.<\/p>\n<p><strong>Journalist Robert Andreasch berichtete \u00fcber aktuelle Erkenntnisse zum NSU<\/strong><\/p>\n<p>Abgerundet wurde der Tag in Schw\u00e4bisch Hall mit einem Vortrag des Journalisten Robert Andreasch \u00fcber aktuelle Erkenntnisse zum NSU und einem Konzert im soziokulturellen Zentrum \u201cClub Alpha 60\u2033.<\/p>\n<p><strong>Beispiel f\u00fcr konstruktive Zusammenarbeit verschiedener Gruppen und Spektren<\/strong><\/p>\n<p>Insgesamt war die Demonstration sowohl hinsichtlich der Beteiligung als auch der \u00f6ffentlichen Wirkung ein Erfolg und ein Beispiel f\u00fcr die konstruktive Zusammenarbeit verschiedener Gruppen und Spektren im Kampf gegen Rassismus, Faschismus und f\u00fcr eine konsequente Aufkl\u00e4rung des \u201cNSU- Komplexes\u201d. Mit der Aktion ist die Kampagne vorl\u00e4ufig\u00a0 abgeschlossen. Eine ausf\u00fchrliche Nachbereitung wird folgen und sich auch mit der Frage besch\u00e4ftigen, wie gemeinsam weiter zum Thema gearbeitet werden kann.<\/p>\n<p><strong>Weitere Informationen und Kontakt:<\/strong><\/p>\n<p>Die Ergebnisse der Nachbereitung, weitere Berichte und alle Infos zur Kampagne gibt es auf der Internetseite <a href=\"http:\/\/nsu-demo.tk\/\" target=\"_blank\">http:\/\/nsu-demo.tk\/<\/a><\/p>\n<div class=\"pdf24Plugin-cp\"> \t<form name=\"pdf24Form0\" method=\"post\" action=\"https:\/\/doc2pdf.pdf24.org\/wordpress.php\" target=\"pdf24PopWin\" onsubmit=\"var pdf24Win = window.open('about:blank', 'pdf24PopWin', 'resizable=yes,scrollbars=yes,width=600,height=250,left='+(screen.width\/2-300)+',top='+(screen.height\/3-125)+''); pdf24Win.focus(); if(typeof pdf24OnCreatePDF === 'function'){void(pdf24OnCreatePDF(this,pdf24Win));}\"> \t\t<input type=\"hidden\" name=\"blogCharset\" value=\"Cw1x07UAAA==\" \/><input type=\"hidden\" name=\"blogPosts\" value=\"MwQA\" \/><input type=\"hidden\" name=\"blogUrl\" value=\"yygpKSi20tcvLy\/Xy8jPSM3LARK6pXnpqWmZOSWpRSV6KakA\" \/><input type=\"hidden\" name=\"blogName\" value=\"88jPSM3LARK6pXnpqWmZOSWpRSUA\" \/><input type=\"hidden\" name=\"blogValueEncoding\" value=\"gzdeflate base64\" \/><input type=\"hidden\" name=\"postId_0\" value=\"MzSzMDcEAA==\" \/><input type=\"hidden\" name=\"postTitle_0\" value=\"U1O2MDIysvZLrMosVsjNL0pJzdNRSEktUgguSUwsUShOzkgsLVGoKlUDqTOwVnjUMFnBJbFYIbO4RCElM1XBPRWoJDM5oyQVqKtYwS84VPFRw1ywMse8kkxdoICuS2puvkJmnkJwckb54SVJmUAdCh6JOTkA\" \/><input type=\"hidden\" name=\"postLink_0\" value=\"yygpKSi20tcvLy\/Xy8jPSM3LARK6pXnpqWmZOSWpRSV6Kan69gW2hmYW5oYA\" \/><input type=\"hidden\" name=\"postAuthor_0\" value=\"S0zJzcwDAA==\" \/><input type=\"hidden\" name=\"postDateTime_0\" value=\"MzIwNNY1NNI1MFYwsLQyNLIyNQEA\" \/><input type=\"hidden\" name=\"postContent_0\" value=\"pVfNbhtHEr7nKTpeYE8UJTuL\/CoCqLVsObIVwVIsQJdFT1gz05ieHrp\/yIAnv8MCe0qQHPQGAXzyKXwTP0m+qh5SoocGEuxFEKdn6uerr76qPpwdHYboO1cdTZyaklfLBZlITj2mtnM40tF0+eRMtzNdOVLv3\/x8rpd4y\/vOq+Sm6qUOwYQ2BVVQs7ptZyW5T9Ur8iUOkqtC+LFOcal0Ku3qbcDh+ze\/KOPU5Y\/1YnVbGJyrU22tqnUB58Hgt27Vw8\/H6rybU1vA\/6ODh58pz+4++9eBekEOH+HdgiIZa6o4PtzvUzncnx19cojUqD161Uf\/zCFeRzFweqqOcfb1\/r4LaW+KRMex2T\/cx9ubL3tLz3WKIWrfUE60SC6qiloOGPa2UQrLVA1ieIy37MbKDiNDG6pcvas9TuZdq07m5OLMakavVWcdcvavk\/bRwPDrhD\/T5IHW1BBydEAl6mkUP60W+7CG4uFBRfBcATIgHdnaqdZWTI\/411OvQ4sg88d48MR3iLDyXJLxh8g80TgzIXISFNQ5RTDHN8P8EdcxDBLiqoIuKur8FHUg9YKTcFq9JITtUUdvOF6cgBim9nj2kqaMwvrnxBeonjKtuqqRlEEyXp1f\/rD3Axc3JJAMXNNJ6BbCfRCmlKKF\/ZGagpLCCHyoGjIg9A1ZS6rjh\/itrrzpRip0CNo7eVLuTlYtNMe9NCSO0TkBwYcIJxTActWgoIQiITw1SWVjV7cgcKVcx\/xGiJHqDLdpW3hfGOIg5sJZp46pXr31\/N+cfG04nqgWCU\/QFgyWWiaLWCIjdqzx4t41cIlRGqYaqUWXW4nJ4bu4V\/nVO+T7XHM9PFXgEIcjLe9BSSYHI+LURxBFwNbGARnOOZ\/56q1FHyrmmGTKMgINKBB45t1yYXLPeuKiODVpopkDMD5LbS5lW5KdDmh0ggzBBiYKIzRx0WwVJdsCbqcQgwKfQkRwahkykvw1+yLFyrV3uSQnNJsKySr5sIMViz9Sj4Ew8UM2s9S19WTEpfubaeP7sDt7cRl9amLyAzDGh4VX+0efcCuddW2bHGfNFa\/Bv4uxCo1ZgoR+0DqSNwq2uq2Y\/NAaExpvWuP6yjPTXhi0uIsiHhLIU4JKv8u96Nbygv8uo9aZrd5QiSDhjUVVhEtbOL3srJlqb+Awgis6RuVlNOQi4YUZpIcdYxIMWPScJPIzyGWAOqTgpBda9IFPZUAPFF1kvfddiQEz4MgxmUyOAs4s6NpsRE9VEAs13WXP5F57+NUXBzj+Ttc+D5XsBM2yO6rMncdnF5yKAM3Pzi\/3UCKQ06UMgkgpfjebumUgTtG2hI6bedQGdXtKTNdeqoLIVebMM2fRraGimkwLN9B3nKNJB\/DdUO3uxiL5FkJLcSjIuZ46MEl5dLK8IPQnNlUF+Bu5pIhZXaByHPqGF\/0DciMlc3HGRCYvBAm62rzlO7YJLVP\/\/MeXjx49+oZ7LiiJx40Et0wlRAo7TKT3b\/6rHiMkACRYfgAHeuFTsXXwDWuq61t6e0fRSUS1lAZo1TVV90Yj9zBTw8Y8H\/O4rMFG2l5uqpQpgfPV\/5gBMjYanjtwhCTH6hpn0Fc8CvzqneKINDueT3POlYl0hcPMlO19iqeiqFNeurh0zEyeSevK0b1qtrpGFTDNTKyoj+PD+l+g+ZZogdLYFll1+AK2GkzXQnMoEzAphAEfLnw37xoJq2dCLtfdXicV53IujMc84eTNJqdtBMhb4gWuldmGzwpr5AH6ZowR2FejD3WUBSqVlax1bPIFEsQnU6ZGGSWcY9JtzLBi8zxLe2c2\/YQ\/2vESCaTV9z5uD1D+2pcKUod+M5upOVK1Iaw+MhNh7lT0S5yPMfW7uMQyeFfFewa3dzTuGkc1zrNofgRqxduOVGOsbpK6wEBljEFgVMDavl8w5GWy51mxhnbivGwTDMDG+Vqk72i9rjkvIugTnVa\/oiGRxIafrXrVeZ4ism7HFGOFvUs835UNkwv6tINT33UJ+m65LV92BQM5cVNPPHnvL2yrd7ygY8Im2aROBIoIuUMG\/Swb8G4CcBh56osjaV\/paue1ALyXxUSyYf6LLNxFB1AG8f2FoASGbBeqvSThETa\/pemaZHkWS5luoAI+Cf3+bVMBFZnVWn1+8P7N7wPEMITCDCzLa3cjhUt59bhJQTPKOq+xmD8scuAXT5SnPs1m601gRk30OybcM4dBACNRCj6UwNAtuhqXKOOY4qJcAutxf0eSyWtDlko+WL3dSBx8Xxvf8Cu88p74srPVGiC1nRZ7\/v9SY5xZc8t+69zcIEeqv1nwbZK\/EIeypn9sm2Yq8J0UCxPvRzNLP1GANoxZTXI35d1wPV02Yg\/xgJFUmuqP36RbeXHoeHUfqxN2CdmSy1jens5xl8iNJVuz8YgOIPWp5UsrI9v2bp+wUKNPYHV1W0ZTrYUUlz9kBMjWqzfz8aqmVuMoY8htQSJEjXbDxryW73iGlZ1v1+rNYfD6AdJ\/vfMmduKxD+UWkCvQ\/YRGfTDE+1GevbK9cPOwm4Ao7w9KU8SsOeWOC\/ahVpjC5bcPdty0HyjchTHGvn3wnwIq3jw42nkd1znyPwE=\" \/> \t\t<a href=\"https:\/\/www.pdf24.org\" target=\"_blank\" title=\"www.pdf24.org\" rel=\"nofollow\"><img src=\"https:\/\/www.hohenlohe-ungefiltert.de\/wp-content\/plugins\/pdf24-post-to-pdf\/img\/pdf_32x32.png\" alt=\"\" border=\"0\" height=\"32\" \/><\/a> \t\t<span class=\"pdf24Plugin-cp-space\">&nbsp;&nbsp;<\/span> \t\t<span class=\"pdf24Plugin-cp-text\">Sende Artikel als PDF<\/span> \t\t<span class=\"pdf24Plugin-cp-space\">&nbsp;&nbsp;<\/span> \t\t<input class=\"pdf24Plugin-cp-input\" style=\"margin: 0px;\" type=\"text\" name=\"sendEmailTo\" placeholder=\"Emailadresse\" \/> \t\t<input class=\"pdf24Plugin-cp-submit\" style=\"margin: 0px;\" type=\"submit\" value=\"Senden\" \/> \t<\/form> <\/div>","protected":false},"excerpt":{"rendered":"<p>An der zweiten Demonstration der Kampagne \u201cNaziterror und Rassismus bek\u00e4mpfen! Verfassungsschutz aufl\u00f6sen!\u201d in Schw\u00e4bisch Hall haben sich am 16. November 2013 rund 340 Menschen beteiligt. Von der Internetseite http:\/\/nsu-demo.tk\/ Lautstarker und bunt gemischter Demonstrationszug Der lautstarke und bunt gemischte Demonstrationszug f\u00fchrte vom Eventplatz am Kocherquartier quer durch die Innenstadt und machte f\u00fcr Kundgebungen Halt am [&hellip;]<\/p>\n","protected":false},"author":1,"featured_media":0,"comment_status":"open","ping_status":"open","sticky":false,"template":"","format":"standard","meta":[],"categories":[1,10,2,7],"tags":[],"_links":{"self":[{"href":"https:\/\/www.hohenlohe-ungefiltert.de\/index.php?rest_route=\/wp\/v2\/posts\/16871"}],"collection":[{"href":"https:\/\/www.hohenlohe-ungefiltert.de\/index.php?rest_route=\/wp\/v2\/posts"}],"about":[{"href":"https:\/\/www.hohenlohe-ungefiltert.de\/index.php?rest_route=\/wp\/v2\/types\/post"}],"author":[{"embeddable":true,"href":"https:\/\/www.hohenlohe-ungefiltert.de\/index.php?rest_route=\/wp\/v2\/users\/1"}],"replies":[{"embeddable":true,"href":"https:\/\/www.hohenlohe-ungefiltert.de\/index.php?rest_route=%2Fwp%2Fv2%2Fcomments&post=16871"}],"version-history":[{"count":3,"href":"https:\/\/www.hohenlohe-ungefiltert.de\/index.php?rest_route=\/wp\/v2\/posts\/16871\/revisions"}],"predecessor-version":[{"id":16951,"href":"https:\/\/www.hohenlohe-ungefiltert.de\/index.php?rest_route=\/wp\/v2\/posts\/16871\/revisions\/16951"}],"wp:attachment":[{"href":"https:\/\/www.hohenlohe-ungefiltert.de\/index.php?rest_route=%2Fwp%2Fv2%2Fmedia&parent=16871"}],"wp:term":[{"taxonomy":"category","embeddable":true,"href":"https:\/\/www.hohenlohe-ungefiltert.de\/index.php?rest_route=%2Fwp%2Fv2%2Fcategories&post=16871"},{"taxonomy":"post_tag","embeddable":true,"href":"https:\/\/www.hohenlohe-ungefiltert.de\/index.php?rest_route=%2Fwp%2Fv2%2Ftags&post=16871"}],"curies":[{"name":"wp","href":"https:\/\/api.w.org\/{rel}","templated":true}]}}