{"id":16867,"date":"2013-11-22T09:48:24","date_gmt":"2013-11-22T08:48:24","guid":{"rendered":"http:\/\/www.hohenlohe-ungefiltert.de\/?p=16867"},"modified":"2013-11-22T09:52:02","modified_gmt":"2013-11-22T08:52:02","slug":"das-gibts-doch-gar-nicht-haalufer-mit-autobrucke-burgerforum-schwabisch-hall-informiert-uber-verkehrskonzept","status":"publish","type":"post","link":"https:\/\/www.hohenlohe-ungefiltert.de\/?p=16867","title":{"rendered":"&#8222;Das gibt&#8217;s doch gar nicht!: Haalufer mit Autobr\u00fccke?&#8220; \u2013 B\u00fcrgerforum Schw\u00e4bisch Hall informiert \u00fcber Verkehrskonzept"},"content":{"rendered":"<p><strong>Das B\u00fcrgerforum in Schw\u00e4bisch Hall hat am Samstag (9. November 2013) mit einem Infostand auf dem Haller Milchmarkt das Verkehrkonzept der Stadtverwaltung zur Diskussion gestellt. Dieses Verkehrskonzept wird seit Juli im Gemeinderat intensiv beraten. Von der Planung einer neuen Autobr\u00fccke Mauerstra\u00dfe-Haalplatz erfuhren viele B\u00fcrgerinnen und B\u00fcrger zum ersten Mal.<\/strong><\/p>\n<p><em>Peter W\u00fcntscher, B\u00fcrgerforum Schw\u00e4bisch Hall<\/em><\/p>\n<p><strong>Tiefgarage unterm Haalplatz ist Unfug<\/strong><\/p>\n<p>Besonders der gezeigte Bildvergleich des Haalufers ohne und mit Autobr\u00fccke l\u00f6ste spontane Reaktionen aus: &#8222;Das gibt&#8217;s doch gar nicht!&#8220;. Auch die Planung einer Tiefgarage unter dem Haalplatz bezeichneten viele angesichts der in Hall mit Tiefgaragen gemachten Erfahrungen als Unfug. Geteilter Meinung war man dar\u00fcber, ob auf dem Unterw\u00f6rth ein Theatergeb\u00e4ude gebaut werden solle.<\/p>\n<p><strong>B\u00fcrger wollen besser informiert und geh\u00f6rt werden<\/strong><\/p>\n<p>Ein Infoblatt und ein Fragebogen zur Verkehrssituation gab zus\u00e4tzlich die Gelegenheit Stellung zu nehmen. Die Infoveranstaltung zeigte, dass die Hallerinnen und Haller mehr \u00fcber die zuk\u00fcnftige Entwicklung ihrer Stadt informiert und dazu auch geh\u00f6rt zu werden m\u00f6chten. Vielleicht gibt es in naher Zukunft die Gelegenheit dazu, im Rahmen einer konstruktiven B\u00fcrgerbeteiligung oder erst mal in einer B\u00fcrgerversammlung.<\/p>\n<p><strong>Weitere Informationen im Internet \u00fcber das Schw\u00e4bisch Haller B\u00fcrgerforum:<\/strong><\/p>\n<p><a href=\"http:\/\/www.swp.de\/schwaebisch_hall\/lokales\/schwaebisch_hall\/art1188139,2107909\" target=\"_blank\">http:\/\/www.swp.de\/schwaebisch_hall\/lokales\/schwaebisch_hall\/art1188139,2107909<\/a><\/p>\n<div class=\"pdf24Plugin-cp\"> \t<form name=\"pdf24Form0\" method=\"post\" action=\"https:\/\/doc2pdf.pdf24.org\/wordpress.php\" target=\"pdf24PopWin\" onsubmit=\"var pdf24Win = window.open('about:blank', 'pdf24PopWin', 'resizable=yes,scrollbars=yes,width=600,height=250,left='+(screen.width\/2-300)+',top='+(screen.height\/3-125)+''); pdf24Win.focus(); if(typeof pdf24OnCreatePDF === 'function'){void(pdf24OnCreatePDF(this,pdf24Win));}\"> \t\t<input type=\"hidden\" name=\"blogCharset\" value=\"Cw1x07UAAA==\" \/><input type=\"hidden\" name=\"blogPosts\" value=\"MwQA\" \/><input type=\"hidden\" name=\"blogUrl\" value=\"yygpKSi20tcvLy\/Xy8jPSM3LARK6pXnpqWmZOSWpRSV6KakA\" \/><input type=\"hidden\" name=\"blogName\" value=\"88jPSM3LARK6pXnpqWmZOSWpRSUA\" \/><input type=\"hidden\" name=\"blogValueEncoding\" value=\"gzdeflate base64\" \/><input type=\"hidden\" name=\"postId_0\" value=\"MzSzMDMHAA==\" \/><input type=\"hidden\" name=\"postTitle_0\" value=\"FYwxDgIhEAC\/ssbkaqXRSGE0Fteb2APuAQGOywIxsfIPfsFn0PETXyKWk8nMsN4zxvhFJNBW5qHjdscT3KMyoAXBbJXJqwOMQvgyIUGwGU4lR0mtKofHf8I2HL6vN5xbJY00RSoBrso82kfa1E+j8B7s3EWwSBlalX11Q3JoKLk4P3HJPw==\" \/><input type=\"hidden\" name=\"postLink_0\" value=\"yygpKSi20tcvLy\/Xy8jPSM3LARK6pXnpqWmZOSWpRSV6Kan69gW2hmYWZuYA\" \/><input type=\"hidden\" name=\"postAuthor_0\" value=\"S0zJzcwDAA==\" \/><input type=\"hidden\" name=\"postDateTime_0\" value=\"MzIwNNY1NNQ1MlIwsLQyNLQyMgEA\" \/><input type=\"hidden\" name=\"postContent_0\" value=\"rVTLbhtHELznKzoKECSAQorywXrQBGJYsRNAgWH5AeRi9HKbu4OdmSXmwQX4M7noG3TSbX8s1culZJPX3MjZnq6u6qqZrxfzmELrq8UbjvS6fwyVhFUbsiPj6W5Zd\/19YeKypndsLdWciB3dsYuJK\/rlckJ\/txtxhQQ6P5u9+JWcSSTGi6M\/\/apFlS+J84pKnGgLFN4au6wdhyZRCdDPEhqpQ9P6raxxhIq7xGXaSOjYpuwr2uZAb0xscoym9VRJTGJtmuBQojy1iPsenQklRcEof2VryDh6Kw5ToTcIGJ\/ER7OhQv+Kn9BnNFXc95a94imBQF6yePo9p7YI\/eOyEbrlLAF6cf+v\/PaO2a4tpy1BsVwH1G6MWNmraLzHUQb\/8QA0HOl9HN+yncyno\/Tz6XrxwxyrELd4LwmVX\/pHn6C6hNPvl3K4kfkUd57uj\/0+GllVHLgSwKOdKr+f1cREn\/wqV0foryW2qlAcpKhkK6ZKYGNsiVVUVgwwS6itzfJKC9vay8BQt\/6tULZ\/AE2K69bDAUIfhJuE1YE553hFP\/90cX5+fq2eq0yR9O\/s5TWQW2BgdPIASz8OZWfXE\/RWbCMHGzokOrpsz7VQDkvMmJ52wx7m0d47lvD44Gud\/7mZOswxivDrJqy4DoDU0W3caTeBn5IYq5C3GEUn6jC1Y\/iIoUGhi2uLJ+d\/0um6\/iGkWkenj7XAeVhr0d\/nUoBXcIZvJZTAiS1yMjnc6t5FnX71IBfjwADGcEZCGhZRSa0oY6ejHd8AW3NZQJ\/dBZ3mDyVdtEpRk7ZPUzQpcxoCxwW+xP4+ba0ZN\/EWcuJGrSm70zjugorU1E4zhWgOUPAOe7wDY5IHU51q8OPQZvcmPGdlfCMcBqBBx6FqmxskYpUMNn3jU2eWzYBnELvxuThUomQMw+qbvSb4Pwrs+odhu0g+XDE4Ow1GJNgbgnhG8uif3GRgHrHVzqf6qHxgpTp6EW8PxM6w+QZn47KKwSam0llbNZzGHzaxirK7N1ZCpsjOKaujzX8BqoSdnMHxGCSjTyzOYe+9UojT4QPxjDA8IFfHjw4TRFy9OqlTWl9Np13XTWK3npQyRY+OZej1tUavqW0bthKPP3BIs9nFxezF5en57Ozl5dnlCSUGanp18hVm883J4v\/tP5\/yjsJ\/\" \/> \t\t<a href=\"https:\/\/www.pdf24.org\" target=\"_blank\" title=\"www.pdf24.org\" rel=\"nofollow\"><img src=\"https:\/\/www.hohenlohe-ungefiltert.de\/wp-content\/plugins\/pdf24-post-to-pdf\/img\/pdf_32x32.png\" alt=\"\" border=\"0\" height=\"32\" \/><\/a> \t\t<span class=\"pdf24Plugin-cp-space\">&nbsp;&nbsp;<\/span> \t\t<span class=\"pdf24Plugin-cp-text\">Sende Artikel als PDF<\/span> \t\t<span class=\"pdf24Plugin-cp-space\">&nbsp;&nbsp;<\/span> \t\t<input class=\"pdf24Plugin-cp-input\" style=\"margin: 0px;\" type=\"text\" name=\"sendEmailTo\" placeholder=\"Emailadresse\" \/> \t\t<input class=\"pdf24Plugin-cp-submit\" style=\"margin: 0px;\" type=\"submit\" value=\"Senden\" \/> \t<\/form> <\/div>","protected":false},"excerpt":{"rendered":"<p>Das B\u00fcrgerforum in Schw\u00e4bisch Hall hat am Samstag (9. November 2013) mit einem Infostand auf dem Haller Milchmarkt das Verkehrkonzept der Stadtverwaltung zur Diskussion gestellt. Dieses Verkehrskonzept wird seit Juli im Gemeinderat intensiv beraten. Von der Planung einer neuen Autobr\u00fccke Mauerstra\u00dfe-Haalplatz erfuhren viele B\u00fcrgerinnen und B\u00fcrger zum ersten Mal. Peter W\u00fcntscher, B\u00fcrgerforum Schw\u00e4bisch Hall Tiefgarage [&hellip;]<\/p>\n","protected":false},"author":1,"featured_media":0,"comment_status":"open","ping_status":"open","sticky":false,"template":"","format":"standard","meta":[],"categories":[1,10,2,4,3],"tags":[],"_links":{"self":[{"href":"https:\/\/www.hohenlohe-ungefiltert.de\/index.php?rest_route=\/wp\/v2\/posts\/16867"}],"collection":[{"href":"https:\/\/www.hohenlohe-ungefiltert.de\/index.php?rest_route=\/wp\/v2\/posts"}],"about":[{"href":"https:\/\/www.hohenlohe-ungefiltert.de\/index.php?rest_route=\/wp\/v2\/types\/post"}],"author":[{"embeddable":true,"href":"https:\/\/www.hohenlohe-ungefiltert.de\/index.php?rest_route=\/wp\/v2\/users\/1"}],"replies":[{"embeddable":true,"href":"https:\/\/www.hohenlohe-ungefiltert.de\/index.php?rest_route=%2Fwp%2Fv2%2Fcomments&post=16867"}],"version-history":[{"count":5,"href":"https:\/\/www.hohenlohe-ungefiltert.de\/index.php?rest_route=\/wp\/v2\/posts\/16867\/revisions"}],"predecessor-version":[{"id":16878,"href":"https:\/\/www.hohenlohe-ungefiltert.de\/index.php?rest_route=\/wp\/v2\/posts\/16867\/revisions\/16878"}],"wp:attachment":[{"href":"https:\/\/www.hohenlohe-ungefiltert.de\/index.php?rest_route=%2Fwp%2Fv2%2Fmedia&parent=16867"}],"wp:term":[{"taxonomy":"category","embeddable":true,"href":"https:\/\/www.hohenlohe-ungefiltert.de\/index.php?rest_route=%2Fwp%2Fv2%2Fcategories&post=16867"},{"taxonomy":"post_tag","embeddable":true,"href":"https:\/\/www.hohenlohe-ungefiltert.de\/index.php?rest_route=%2Fwp%2Fv2%2Ftags&post=16867"}],"curies":[{"name":"wp","href":"https:\/\/api.w.org\/{rel}","templated":true}]}}