{"id":16855,"date":"2013-11-25T07:44:10","date_gmt":"2013-11-25T06:44:10","guid":{"rendered":"http:\/\/www.hohenlohe-ungefiltert.de\/?p=16855"},"modified":"2013-11-25T10:44:23","modified_gmt":"2013-11-25T09:44:23","slug":"mehr-fahrgaste-fur-die-nutzung-der-ic-linie-begeistern-konstituierende-sitzung-der-interessengemeinschaft-schienenkorridor-stuttgart-nurnberg","status":"publish","type":"post","link":"https:\/\/www.hohenlohe-ungefiltert.de\/?p=16855","title":{"rendered":"&#8222;Mehr Fahrg\u00e4ste f\u00fcr die Nutzung der IC-Linie begeistern&#8220; \u2013\u00a0Konstituierende Sitzung der Interessengemeinschaft Schienenkorridor Stuttgart-N\u00fcrnberg"},"content":{"rendered":"<p><strong>Zur konstituierenden Sitzung der Interessengemeinschaft Schienenkorridor Stuttgart-N\u00fcrnberg trafen sich Anfang November 2013 in Aalen Vertreter der 20 Partner aus St\u00e4dten, Kreisen, Regionen sowie Industrie- und Handelskammern. Sie konkretisierten Ziele und das Arbeitsprogramm der Interessengemeinschaft Schienenkorridor Stuttgart-N\u00fcrnberg.<\/strong><\/p>\n<p><em>Von der Interessengemeinschaft Schienenkorridor Stuttgart-N\u00fcrnberg<\/em><\/p>\n<p><strong>In Crailsheim gegr\u00fcndet<\/strong><\/p>\n<p><em><\/em>Die Interessengemeinschaft war am Bahntag der Metropolregion Stuttgart am 12. Juli 2013 in Crailsheim im Beisein des baden-w\u00fcrttembergischen Landesverkehrsministers Winfried Hermann gegr\u00fcndet worden. Die Teilnehmer w\u00e4hlten ein Lenkungsgremium, das aus sieben Vertretern aus den verschiedenen Raumschaften besteht und die Arbeit der Interessengemeinschaft weiter vorbereiten und steuern wird.<\/p>\n<p><strong>Sprecher der Interessengemeinschaft: Landrat des Ostalbkreises Klaus Pavel<\/strong><\/p>\n<p>Als Sprecher der Interessengemeinschaft wurde der Landrat des Ostalbkreises Klaus Pavel gew\u00e4hlt, die Gesch\u00e4ftsstelle wurde beim Regionalverband Ostw\u00fcrttemberg eingerichtet. Ziele der Interessengemeinschaft sind die Weiterentwicklung der IC-Verbindung zwischen Stuttgart und N\u00fcrnberg, auch vor dem Hintergrund der 2017 in Betrieb gehenden ICE-Neubaustrecke N\u00fcrnberg-Erfurt, mit der die Region ein ganzes St\u00fcck n\u00e4her an Berlin und Mitteldeutschland r\u00fccken wird.<\/p>\n<p><strong>&#8222;Riesenchance f\u00fcr unseren Schienenkorridor&#8220;<\/strong><\/p>\n<p>\u201eDie Neubaustrecke ist eine Riesenchance f\u00fcr unseren Schienenkorridor\u201c stimmen Oberb\u00fcrgermeister Rudolf Michl aus Crailsheim und der Erste Landesbeamte des Landkreises Schw\u00e4bisch Hall Michael Knaus \u00fcberein. Dr. J\u00fcrgen Ludwig, Landrat des Landkreises Ansbach erg\u00e4nzt: \u201eDie Kooperation in der Interessengemeinschaft ist ein sehr guter Weg, gemeinsam unsere Forderungen und Vorstellungen an Bund, L\u00e4nder und Bahn zu vertreten.\u201c<\/p>\n<p><strong>Mehr Fahrg\u00e4ste f\u00fcr die Nutzung der IC-Linie begeistern<\/strong><\/p>\n<p>Auf Vorschlag des Aalener Oberb\u00fcrgermeisters Thilo Rentschler sollen daher auch politische Gespr\u00e4che mit den bayerischen und baden-w\u00fcrttembergischen Bundestagsabgeordneten gef\u00fchrt werden. Neben dem Fordern steht auch das F\u00f6rdern bei der Arbeit der Interessengemeinschaft im Vordergrund. Ziel der Partner ist es, mehr Fahrg\u00e4ste f\u00fcr die Nutzung der IC-Linie zu begeistern. Dazu sollen Kooperationen im Bereich Tourismus, in der Au\u00dfendarstellung, aber auch in der Verbesserung der Verkn\u00fcpfung der IC-Verkehre mit dem regionalen \u00d6V-Angebot und Car-Sharing Angeboten erreicht werden.<\/p>\n<p><strong>Schiene als verbindendes Element<\/strong><\/p>\n<p>Dazu gibt es in den n\u00e4chsten Jahren auch jenseits des Schienenverkehrsangebots viele Ans\u00e4tze. Mit der Landesgartenschau 2014 in Schw\u00e4bisch Gm\u00fcnd, direkt am Bahnhof und dem Remstalprojekt 2019, das die Mobilit\u00e4t und die Schiene als verbindendes Element definiert hat, bestehen im Remstal schon besondere Ankn\u00fcpfungspunkte. \u201eAlle Partner sind sich einig: aus Stuttgart und N\u00fcrnberg mit dem IC zur Landesgartenschau, komfortabler geht es eigentlich gar nicht\u201c, erg\u00e4nzt der Erste B\u00fcrgermeister der Stadt Schw\u00e4bisch Gm\u00fcnd, Dr. Joachim Bl\u00e4se.<\/p>\n<p><strong>Pavel: \u201eKlar ist, dass wir hier ein dickes Brett bohren&#8230;&#8220;<\/strong><\/p>\n<p>Die ersten Schritte der Interessengemeinschaft werden daher Gespr\u00e4che mit der Bahnspitze, den Bundestagsabgeordneten und den Landesregierungen \u00fcber verkehrliche Verbesserungen im Schienenkorridor sein. Der neugew\u00e4hlte Sprecher der Interessengemeinschaft fasst die Sitzung zusammen: \u201eKlar ist, dass wir hier ein dickes Brett bohren, aber mit unserer Partnerschaft im Rahmen der Interessengemeinschaft werden wir sicher Geh\u00f6r finden, und unsere Strecke weiter voranbringen. Wir wollen mitgestalten statt nur Zuschauer sein\u201c, so umschreibt der Sprecher des Lenkungskreises, Landrat Klaus Pavel, das Ziel der Interessengemeinschaft Schienenkorridor Stuttgart-N\u00fcrnberg.<\/p>\n<p><strong>R\u00fcckfragen:<\/strong><\/p>\n<p>Gesch\u00e4ftsstelle der Interessengemeinschaft Schienenkorridor Stuttgart-N\u00fcrnberg<br \/>\nRegionalverband Ostw\u00fcrttemberg, Universit\u00e4tspark 1, 73525 Schw\u00e4bisch Gm\u00fcnd<\/p>\n<p>Telefon: +49 7171 9276412<\/p>\n<p>Fax: +49 7171 927 6415<\/p>\n<p>E-Mail: seidemann@ostwuerttemberg.org<\/p>\n<p><strong>Partner der Interessengemeinschaft Schienenkorridor Stuttgart-N\u00fcrnberg sind:<\/strong><\/p>\n<p>\u2022\u00a0\u00a0 \u00a0Verband Region Stuttgart<br \/>\n\u2022\u00a0\u00a0 \u00a0Regionalverband Ostw\u00fcrttemberg<br \/>\n\u2022\u00a0\u00a0 \u00a0Regionalverband Heilbronn-Franken<br \/>\n\u2022\u00a0\u00a0 \u00a0Metropolregion N\u00fcrnberg<br \/>\n\u2022\u00a0\u00a0 \u00a0Landeshauptstadt Stuttgart<br \/>\n\u2022\u00a0\u00a0 \u00a0Rems-Murr-Kreis<br \/>\n\u2022\u00a0\u00a0 \u00a0Ostalbkreis<br \/>\n\u2022\u00a0\u00a0 \u00a0Landkreis Schw\u00e4bisch Hall<br \/>\n\u2022\u00a0\u00a0 \u00a0Landkreis Ansbach<br \/>\n\u2022\u00a0\u00a0 \u00a0Stadt Schorndorf<br \/>\n\u2022\u00a0\u00a0 \u00a0Stadt Schw\u00e4bisch Gm\u00fcnd<br \/>\n\u2022\u00a0\u00a0 \u00a0Stadt Aalen<br \/>\n\u2022\u00a0\u00a0 \u00a0Stadt Ellwangen<br \/>\n\u2022\u00a0\u00a0 \u00a0Stadt Crailsheim<br \/>\n\u2022\u00a0\u00a0 \u00a0Stadt Ansbach<br \/>\n\u2022\u00a0\u00a0 \u00a0Stadt N\u00fcrnberg<br \/>\n\u2022\u00a0\u00a0 \u00a0IHK Stuttgart<br \/>\n\u2022\u00a0\u00a0 \u00a0IHK Ostw\u00fcrttemberg<br \/>\n\u2022\u00a0\u00a0 \u00a0IHK Heilbronn-Franken<br \/>\n\u2022\u00a0\u00a0 \u00a0IHK N\u00fcrnberg f\u00fcr Mittelfranken<\/p>\n<div class=\"pdf24Plugin-cp\"> \t<form name=\"pdf24Form0\" method=\"post\" action=\"https:\/\/doc2pdf.pdf24.org\/wordpress.php\" target=\"pdf24PopWin\" onsubmit=\"var pdf24Win = window.open('about:blank', 'pdf24PopWin', 'resizable=yes,scrollbars=yes,width=600,height=250,left='+(screen.width\/2-300)+',top='+(screen.height\/3-125)+''); pdf24Win.focus(); if(typeof pdf24OnCreatePDF === 'function'){void(pdf24OnCreatePDF(this,pdf24Win));}\"> \t\t<input type=\"hidden\" name=\"blogCharset\" value=\"Cw1x07UAAA==\" \/><input type=\"hidden\" name=\"blogPosts\" value=\"MwQA\" \/><input type=\"hidden\" name=\"blogUrl\" value=\"yygpKSi20tcvLy\/Xy8jPSM3LARK6pXnpqWmZOSWpRSV6KakA\" \/><input type=\"hidden\" name=\"blogName\" value=\"88jPSM3LARK6pXnpqWmZOSWpRSUA\" \/><input type=\"hidden\" name=\"blogValueEncoding\" value=\"gzdeflate base64\" \/><input type=\"hidden\" name=\"postId_0\" value=\"MzSzMDUFAA==\" \/><input type=\"hidden\" name=\"postTitle_0\" value=\"TY4xCsJAEEWvMiCkC0gqIaUgiJpmT5Bkf3YHcQKzs42Vd\/ACFh7DytzEk7h2to\/34FWrTdM07QlRaddHDcszGWhaXkqeQV22a5ZAHkr7bX1kKXBAABdNpfrl65Y+t\/v7cZglGVtmKMSDHP+1UnSkBAm4gCWNsZ+M3BgZAjnPquxnJWfZLPRqdVcWZICGLw==\" \/><input type=\"hidden\" name=\"postLink_0\" value=\"yygpKSi20tcvLy\/Xy8jPSM3LARK6pXnpqWmZOSWpRSV6Kan69gW2hmYWpqYA\" \/><input type=\"hidden\" name=\"postAuthor_0\" value=\"S0zJzcwDAA==\" \/><input type=\"hidden\" name=\"postDateTime_0\" value=\"MzIwNNY1NNQ1MlUwMLcyNLQyNAAA\" \/><input type=\"hidden\" name=\"postContent_0\" value=\"pVjdThzHEr7PU7QUKTfZXZu1HY4xQgECMcaQCBws+a6HrZnp7EzPqruHTbjKU5yroxMr4hlyxZX3TfIk+ap6Zndhf3CCZMkwU1Nd9dVXX1WzPdrZ9sFVNtv5UDs1rKwPJtSGHNkBWXVuwnVtMzUgp45swGPvyWZUkrH+MtdpUOeXuSFLdlg5ZwaVU+ehDiHTLnRPJ7fOJuQyFZxO4c6by1zt2lTD5Wl1RSVeqv7TjWfKWLWrC5hckAuOcJKc2X+qfoQnix917eF6cjMIZDvq2JHx\/MMZZaay7LsaG0KQgxoJGeqq2g7Ua400Cj\/UZUnO9pAPcZJDnGA8soQv9cFQQWI90F7tuoRM8CNXZQ5fPTbz3vaTBt\/tJ6OdL7aBN5U7F5V9rOPtJ\/Az9dmccWTVvtOm8DmZUmWUucktAAhLgxAP3wlmS6MYa4Beqj2d26AjBU4IbkZV4QT0WVhst9HvqTd1Yab1nIsE\/\/a4XobT9irR4FZ3jFRCEA5kBmeiFG+5XP6K3JBy50tjjUdoXr03NkVNUU9ypbZ2LjU1rhy89RRn8o5MYSlHrdV4cpMXXF4+9C2wBI195qg0ddmRSjOhwIFknnRWnjLzEYTnMgy4EOpM12WEBb8khKjyECmDUyNl1hV0jPd4e1XB0vHPVj6Gm5rPHBs36N2v5fnIEUBxa\/xuCWBOB0H1Bx90kQylMbw6LjiTH\/UVFQvV3y3QSg+7V+Ma0IrBZ52DqkTUOwLL9wQ3k5s0eORZoMWiu4QJEbtWF0A5gWv2OU8HLlpGDmoRKPSaDl0TqDdNKd4L0GTD2FwOi6ly7XdR4QRG\/OR63LBtRl8uxrSzOuAAZArFwselem34zMxJtaNcbTK994hlJkHSedTKo\/2D7inViWYBosshzVx2D1xaO+BSNjzhWCMGws9M22sSebu9HCoLEFnw+AxXmMiVEwNwigHVAcEXjJljY1rBnq++\/E+\/3391ZghYASR7SSpFOPDlGaAFjZEPnr5a4Mpfv\/2fO+tuYmhLjhs5fLb\/v377H\/huoMNW\/QBMEhijxCgit7g6qwdVkSJLJCc9OKceLfIHDqaNRiSky0DCR37QshGngoIJFxjaXxTiUIOax5adTm6l\/1gtHNRKQoA61IOxQdnnST7vdNf6RMMhCjm5sddouwaU46oaEb7gMpq1it4Apjx0TWU1Z\/yecGRjpMsGN3XIagauZY1EXFROuic+YUrgKUJFIHwcm7BAq+uaFUtEzPaA9X0+nPDBhzrnFBhFqRWz8LSem\/D73bfQXO7RLNbFLmpHnUpQTMJMoJK5ja8Xq+rVu9wUFZhuhbUw8lXBU36gheHcZxgnJkhHsmKM3OSGf4yNAq3Vv0IHYr9ysitHB+MCXdaZ10lGQNEyFAAYmeaOJTiOiVMRfG7sCLVVUcwlFh4Lh5M\/43MIlaDysLyDoxfiTFQi6pXYt7uLlN+j\/f9RFVDTWSFAWY0HDX5zzMNvMl5BVmTwrqoBV1njsIaRu\/XkdwiUnvII+pa04Dc2rI6clmtjwIOhndyO0rsSymO5rU2pXCPiiGDy34vuLkBJqiim+9p1z3PtIOOqec6j2EmQ02IsjLyoGUpjPl1FwWZp9eqgANx2cY0RSDKTMLoxF8vqeZl7Pu4NgOam4UR\/JvQX9jphbKtN7aKhY4Q4VAYN+n1yE66px6I7HX\/keVSQ1LzmKfCcT5wXnO9LXkl4+DkahnZ3yqu0UTAeeyUPTyyXP7MFnLyMuwhz4KRKDFoBR083i4cAgdOUqQJ+5xrjJW4mkRHNWQqRVbKzVKwYnN20sn5U22FAntCzXZ7QLV9lnsqyDpKbbKtZvpeOyykdjvbB2CVYdbBxl2nlgk5YATLuNqRABooWCj4ExsoyMSBcnanMzmn+3t1hwS\/Ogx6EpfCLtFcQbG6LAo1GC0STdUVkHOuLtKeUwfMsVYDciVgPsEMg0D2IalBJxWTiKfns6atVw5KHAjkhHyJzPLLXr4XcBo0YLoifE\/r4Ea5g1BFqr9C4yK52e+aubCeIzDvV0JyhpjutHomycNvwcULiS0t1u9PRZ22MKUAMkbrNzfG69nz5sv8G7UapGI44HqeKOhPeM52XZD8DZT6MKS1Q5xB5lUo7dQS\/ZvyeNwvObGHXNmEV49HxHh7GUX8RUsaVkBsG\/kfIFtz\/UAvjKWIobPaVkqsDlC+JVZ3D0U9vJs2uMVtC5vbqKBHTofK42+jdRjjjHTJ1GvltLbB5YYF\/7JU1cerJzhcP7P4d9ZM1fPsSKfQj7YZqo6M2n73ov1jS722w76DcaQWaff38pdrc2NxQL\/ub3zzf6LcGh\/qXuy8V3r5o3x50T7BvbnHdoGW4Yn5bISxUsg2rV\/Gd+76MRLl87F9HWG63lmzef3z6+Omj+vTxokHq7N61uwF0ZvgAtA\/av8b9OUEQtnsI4uNysfDFvb8A3K\/tzDCKEZphFHyU6jVRl757UjvXlb\/qLLyfu3AuPUbeLKz+a0ybhX7BYjpTKmdRq3S1wX0SLjeUzXjFu4OiGPPeser97P6zyvnaJFYX5uj18Zpa8NuHWMM2DzOFrWYUl0033mHT5gOm+d8=\" \/> \t\t<a href=\"https:\/\/www.pdf24.org\" target=\"_blank\" title=\"www.pdf24.org\" rel=\"nofollow\"><img src=\"https:\/\/www.hohenlohe-ungefiltert.de\/wp-content\/plugins\/pdf24-post-to-pdf\/img\/pdf_32x32.png\" alt=\"\" border=\"0\" height=\"32\" \/><\/a> \t\t<span class=\"pdf24Plugin-cp-space\">&nbsp;&nbsp;<\/span> \t\t<span class=\"pdf24Plugin-cp-text\">Sende Artikel als PDF<\/span> \t\t<span class=\"pdf24Plugin-cp-space\">&nbsp;&nbsp;<\/span> \t\t<input class=\"pdf24Plugin-cp-input\" style=\"margin: 0px;\" type=\"text\" name=\"sendEmailTo\" placeholder=\"Emailadresse\" \/> \t\t<input class=\"pdf24Plugin-cp-submit\" style=\"margin: 0px;\" type=\"submit\" value=\"Senden\" \/> \t<\/form> <\/div>","protected":false},"excerpt":{"rendered":"<p>Zur konstituierenden Sitzung der Interessengemeinschaft Schienenkorridor Stuttgart-N\u00fcrnberg trafen sich Anfang November 2013 in Aalen Vertreter der 20 Partner aus St\u00e4dten, Kreisen, Regionen sowie Industrie- und Handelskammern. Sie konkretisierten Ziele und das Arbeitsprogramm der Interessengemeinschaft Schienenkorridor Stuttgart-N\u00fcrnberg. Von der Interessengemeinschaft Schienenkorridor Stuttgart-N\u00fcrnberg In Crailsheim gegr\u00fcndet Die Interessengemeinschaft war am Bahntag der Metropolregion Stuttgart am 12. Juli [&hellip;]<\/p>\n","protected":false},"author":1,"featured_media":0,"comment_status":"open","ping_status":"open","sticky":false,"template":"","format":"standard","meta":[],"categories":[1,2,4,3],"tags":[],"_links":{"self":[{"href":"https:\/\/www.hohenlohe-ungefiltert.de\/index.php?rest_route=\/wp\/v2\/posts\/16855"}],"collection":[{"href":"https:\/\/www.hohenlohe-ungefiltert.de\/index.php?rest_route=\/wp\/v2\/posts"}],"about":[{"href":"https:\/\/www.hohenlohe-ungefiltert.de\/index.php?rest_route=\/wp\/v2\/types\/post"}],"author":[{"embeddable":true,"href":"https:\/\/www.hohenlohe-ungefiltert.de\/index.php?rest_route=\/wp\/v2\/users\/1"}],"replies":[{"embeddable":true,"href":"https:\/\/www.hohenlohe-ungefiltert.de\/index.php?rest_route=%2Fwp%2Fv2%2Fcomments&post=16855"}],"version-history":[{"count":2,"href":"https:\/\/www.hohenlohe-ungefiltert.de\/index.php?rest_route=\/wp\/v2\/posts\/16855\/revisions"}],"predecessor-version":[{"id":16898,"href":"https:\/\/www.hohenlohe-ungefiltert.de\/index.php?rest_route=\/wp\/v2\/posts\/16855\/revisions\/16898"}],"wp:attachment":[{"href":"https:\/\/www.hohenlohe-ungefiltert.de\/index.php?rest_route=%2Fwp%2Fv2%2Fmedia&parent=16855"}],"wp:term":[{"taxonomy":"category","embeddable":true,"href":"https:\/\/www.hohenlohe-ungefiltert.de\/index.php?rest_route=%2Fwp%2Fv2%2Fcategories&post=16855"},{"taxonomy":"post_tag","embeddable":true,"href":"https:\/\/www.hohenlohe-ungefiltert.de\/index.php?rest_route=%2Fwp%2Fv2%2Ftags&post=16855"}],"curies":[{"name":"wp","href":"https:\/\/api.w.org\/{rel}","templated":true}]}}