{"id":16852,"date":"2013-11-14T15:24:40","date_gmt":"2013-11-14T14:24:40","guid":{"rendered":"http:\/\/www.hohenlohe-ungefiltert.de\/?p=16852"},"modified":"2013-11-14T15:24:40","modified_gmt":"2013-11-14T14:24:40","slug":"netzwerke-der-neonazis-zerschlagen-verfassungsschutz-auflosen-demonstration-am-samstag-in-schwabisch-hall","status":"publish","type":"post","link":"https:\/\/www.hohenlohe-ungefiltert.de\/?p=16852","title":{"rendered":"&#8222;Netzwerke der Neonazis zerschlagen, Verfassungsschutz aufl\u00f6sen&#8220; \u2013 Demonstration am Samstag in Schw\u00e4bisch Hall"},"content":{"rendered":"<p><strong>47\u00a0 antifaschistische und antirassistische Initiativen, Gruppen und Parteien haben den Aufruf zur Kampagne &#8222;Naziterror und Rassismus bek\u00e4mpfen! Verfassungsschutz aufl\u00f6sen!&#8220; unterst\u00fctzt und zu einer landesweit beachteten Demo am 2. November 2013 in Heilbronn mobilisiert. Am Samstag, 16. November 2013 rufen die Unterst\u00fctzer zu einer weiteren Kampagnen-Demo nach Schw\u00e4bisch Hall auf. Beginn: &#8222;Eventplatz&#8220; in Hall gegen\u00fcber dem &#8222;Bonhoeffer-Platz&#8220; im Kocher-Quartier bei der VR-Bank.<\/strong><\/p>\n<p><em>Von Siegfried Hubele, Schw\u00e4bisch Hall<\/em><\/p>\n<p><strong>Unf\u00e4hige deutsche Geheimdienste<\/strong><\/p>\n<p>&#8222;Die deutschen Geheimdienste haben sich nicht nur als unf\u00e4hig erwiesen, faschistische und rassistische Strukturen und das von ihnen ausgehende Gewaltpotential richtig einzusch\u00e4tzen und zu bek\u00e4mpfen. Sie sind zudem in einem Ausma\u00df mit Teilen der Nazi-Szene und den NSU-M\u00f6rdern verstrickt, dass teilweise von einer Komplizenschaft gesprochen werden kann.&#8220;<\/p>\n<p><strong>&#8222;Didi White&#8220;, alias Dietmar Braunfels, ist der Kopf der UNSKKK<\/strong><\/p>\n<p>Seit 2001 ist der rassistische Ku-Klux-Klan in Schw\u00e4bisch Hall aktiv. Unter anderen Bezeichnungen existiert er heute noch in einem Teilort von Hall. &#8222;Didi White&#8220;, alias Dietmar Braunfels, ist der Kopf des \u201eUnited Northern and Southern knights of the KKK (UNSKKK) Der Klan ist offenkundig rassistisch und antisemitisch ausgerichtet. Die Klan-Mitglieder haben Kontakte in andere Bundesl\u00e4nder und zur \u201eBlood and Honour\u201c-Bewegung. Spitzel des Verfassungsschutzes waren in die Gr\u00fcndung des Klans involviert. Gelder die dabei flossen, werden in der rechten Szene immer auch f\u00fcr ihre \u201epolitische Arbeit\u201c eingesetzt. Auch Zsch\u00e4pe, B\u00f6nhardt und Mundlos hatten Kontakte zum Klan, wie viele andere Neonazis.<\/p>\n<p><strong>Ein KKK-Polizist stammt aus Schw\u00e4bisch Hall<\/strong><\/p>\n<p>Auf den Burgruinen um Hall (Geyersburg und Limpurg) fanden die rituellen Aufnahmezermonien in den Klan statt. Mindestens ein Polizist, der Mitglied im Klan war, kommt aus Schw\u00e4bisch Hall. Er wurde von seinem als Neonazi bekannten Bruder f\u00fcr den Klan geworben. Zwei weitere Mitglieder des Klans leben in der Gegend um Hall. Teile der VS-Akten zum KKK und seinen Aktivit\u00e4ten in der Rassisten-Szene, wurden 2012 vom Verfassungsschutz selbst vernichtet!<\/p>\n<p><strong>Informationen \u00fcber verwundeten Polizisten gingen an NPD-Funktion\u00e4r aus Crailsheim<\/strong><\/p>\n<p>Eine Ex-Spitzel des VS (Deckname \u201eKrokus\u201c, eine Frau aus der Gegend um Schw\u00e4bisch Hall) berichtete ihrem F\u00fchrungsbeamten des VS, dass Beate Zsch\u00e4pe Kontakte zum NPD-Funktion\u00e4r Mathias Brodbeck hatte, mit dem sie sich auch 2006 in Ilshofen bei Schw\u00e4bisch Hall getroffen h\u00e4tte. Dabei w\u00e4ren auch Kontakte nach Wolpertshausen zu einer weiteren NPD-Aktivistin zustande gekommen. Die Ex-VS-Mitarbeiterin berichtete auch, dass nach dem Mord an der Polizistin Kiesewetter in Heilbronn eine \u201eAussp\u00e4h-Aktion\u201c der Neonazis auf ihren lebensgef\u00e4hrlich verletzten Kollegen stattgefunden h\u00e4tte. Die F\u00e4den dazu seien im Landkreis Schw\u00e4bisch Hall zusammengelaufen. Dabei seien Informationen \u00fcber den Gesundheitszustand des Polizisten an einen polizeibekannten Neonazi und NPD-Funktion\u00e4r aus Crailsheim weitergeleitet worden.<\/p>\n<p><strong>\u201eNetzwerke\u201c der Neonazis reichen bis in die Provinz<\/strong><\/p>\n<p>267 Namen von potentiellen Mordopfern in 16 St\u00e4dten wurden bei den Ermittlungen zu den NSU-Morden festgestellt. Dazu Skizzen, Lagepl\u00e4ne und biographische Details von ausgesp\u00e4hten Personen. Die Morde des NSU waren keine Aktionen von \u201eEinzelt\u00e4tern\u201c. Die \u201eNetzwerke\u201c der Neonazis reichen bis in die Provinz, wo sie glauben, R\u00fcckzugsr\u00e4ume f\u00fcr ihre m\u00f6rderischen Aktivit\u00e4ten zu haben.<\/p>\n<p><strong>Forderungen der Kampagne offensiv und selbstbestimmt vertreten<\/strong><\/p>\n<p>Deshalb am Samstag, 16. November 2013 auf nach Schw\u00e4bisch Hall, um unsere Forderungen der Kampagne offensiv und selbstbestimmt zu vertreten:<\/p>\n<p>Konsequente Aufkl\u00e4rung der Verstrickung von Geheimdiensten und Polizeibeh\u00f6rden in die\u00a0 Naziszene. Einrichtung eines NSU-Untersuchungsausschusses auch in Baden-W\u00fcrttemberg.<br \/>\nF\u00fcr einen aktiven Antifaschismus. Verfassungsschutz aufl\u00f6sen!<\/p>\n<p><strong> Ablauf der Demo am Samstag, 16. November 2013 in Schw\u00e4bisch Hall:<\/strong><\/p>\n<p><strong>Auftakt um 11 Uhr:<\/strong> \u201eEventplatz\u201c gegen\u00fcber \u201eBonhoeffer-Platz\u201c im Kocher-Quartier\/ VR-Bank<\/p>\n<p><strong>Hauptrednerin:<\/strong> Martina Renner-LINKE\/Th\u00fcringen, Ombudsfrau im NSU-Untersuchungsausschuss des Th\u00fcringer Landtags und Bundestagsabgeordnete der LINKEN<\/p>\n<p><strong> Demo durch die Innenstadt von Schw\u00e4bisch Hall:<\/strong><\/p>\n<p><strong>1. Zwischenkundgebung\/Haalplatz:<\/strong> \u201e Naziumtriebe in Hohenlohe\/Franken\u201c\u00a0\u00a0\u00a0\u00a0\u00a0\u00a0 (Antifaschistische Aktion Heilbronn)<\/p>\n<p><strong>2. Zwischenkundgebung\/Grasmarkt:<\/strong> \u201eDer t\u00e4gliche Faschismus\u201c (Bahar P.)<\/p>\n<p><strong>Schlusskundgebung\/Froschgraben:<\/strong> \u201eDer Verfassungsschutz und seine braune Vergangenheit&#8220; (Klaus Mausner, Sprecher der DKP-Baden-W\u00fcrttemberg, vom Berufsverbot betroffener Lehrer)<\/p>\n<p><strong>Ab 15 Uhr<\/strong> gibt es eine VolxK\u00fcche im Club alpha 60 in der Stuttgarter Strasse. Anschlie\u00dfend Musikprogramm (<a href=\"http:\/\/www.clubalpha60.de\/events\/event.php?event=2013-11-16-naziterror-und-rassismus-bekaempfen\" target=\"_blank\">http:\/\/www.clubalpha60.de\/events\/event.php?event=2013-11-16-naziterror-und-rassismus-bekaempfen<\/a>)<\/p>\n<p><strong>Weitere Informationen und Kontakt:<\/strong><\/p>\n<p><a href=\"http:\/\/www.clubalpha60.de\/events\/event.php?event=2013-11-16-naziterror-und-rassismus-bekaempfen\" target=\"_blank\">http:\/\/www.clubalpha60.de\/events\/event.php?event=2013-11-16-naziterror-und-rassismus-bekaempfen<\/a><\/p>\n<p><span style=\"font-family: Calibri;\"> Auch der DGB-Kreisvorstand Schw\u00e4bisch Hall unterst\u00fctzt den IG Metall-Aufruf zur Demo.<\/span><\/p>\n<div class=\"pdf24Plugin-cp\"> \t<form name=\"pdf24Form0\" method=\"post\" action=\"https:\/\/doc2pdf.pdf24.org\/wordpress.php\" target=\"pdf24PopWin\" onsubmit=\"var pdf24Win = window.open('about:blank', 'pdf24PopWin', 'resizable=yes,scrollbars=yes,width=600,height=250,left='+(screen.width\/2-300)+',top='+(screen.height\/3-125)+''); pdf24Win.focus(); if(typeof pdf24OnCreatePDF === 'function'){void(pdf24OnCreatePDF(this,pdf24Win));}\"> \t\t<input type=\"hidden\" name=\"blogCharset\" value=\"Cw1x07UAAA==\" \/><input type=\"hidden\" name=\"blogPosts\" value=\"MwQA\" \/><input type=\"hidden\" name=\"blogUrl\" value=\"yygpKSi20tcvLy\/Xy8jPSM3LARK6pXnpqWmZOSWpRSV6KakA\" \/><input type=\"hidden\" name=\"blogName\" value=\"88jPSM3LARK6pXnpqWmZOSWpRSUA\" \/><input type=\"hidden\" name=\"blogValueEncoding\" value=\"gzdeflate base64\" \/><input type=\"hidden\" name=\"postId_0\" value=\"MzSzMDUCAA==\" \/><input type=\"hidden\" name=\"postTitle_0\" value=\"U1O2MDIysvZLLakqTy3KTlVISS1S8EvNz0usyixWqEotKk7OyElMT83TUQhLLUpLLC4uzUsvBgqWllQpJJam5RzeVpyapwYyxcBa4VHDZAWX1Nz8vOKSosSSzPw8hcRcheDE3OKSxHSFzDyF4OSM8sNLkjKB+hU8EnNyAA==\" \/><input type=\"hidden\" name=\"postLink_0\" value=\"yygpKSi20tcvLy\/Xy8jPSM3LARK6pXnpqWmZOSWpRSV6Kan69gW2hmYWpkYA\" \/><input type=\"hidden\" name=\"postAuthor_0\" value=\"S0zJzcwDAA==\" \/><input type=\"hidden\" name=\"postDateTime_0\" value=\"MzIwNNY1NNQ1NFEwNLUyNLQyMQAA\" \/><input type=\"hidden\" name=\"postContent_0\" value=\"3VjNbhvJEb7vU\/QqQCADHFJSEm1gywrElSUZtBTFXNnAXoIesTnTYE\/PpLtHtHnaBwmyPugZfNLJfJN9knxVPUOKHK0RbJBLYJjiT\/9UffXVV1VzVB0f+eBKmx3\/8bsvn4S0QU+lv821Dxp\/lKjthL910vvVl6+tDloGfadsT5y7uqqU5ZXX0gWl8SGXKV4n+H9ST109FYvaiZEsKplZJX7\/uz8fHBy8uJILHZRzpePNb\/mKovYiVbPlfVFNlf1WvFMOFvnaZh5312EhZD01y88eP\/I5ey+wG8f4sHwIi8BHLWqhtFVOGGknys+VDjhU3uZBBdh0qopSyEIc9MVVeaeKFCsP9vb\/ILQVF0qbFIhYUZSpNtpr5UJfnBRiLAsfZNYT+4fb++AhuauVuFmbgh9XdpAFymFNi4FN2AgLm8T4Np8v71PCVlxIY8jDvhiqTFv7vAXrFcAOlZFh0XpNxtLqTGXKLh\/ImIkq2vXD0ualmk6VS643dhViVCKILvlbjWjBOyCjsdOJd2+TobSz\/tGg4cTRoDr+5ggcUcXxu9KKsVbZ1Gk1ERd1qozqdUw\/GmDpaltzzI2dLu9znSncUgdm0LnKlS4AmPVBde5rXDjV6x12c0tDMK9xr8VLEBYEk8Yj\/PEyodxcK08M7TJ6g83j4OpZqF3D4Yn04g7O6hxRQih8hovBIhgwlyZUJRgE9hvh6F66SNtFjZOW94i5bfm35nCfcIOp\/D1FCIEjVhTIDV\/I5c+iAD1\/AO84ZZygvEjGOCsaS1l0Nb5JLpefHX624o4YhttnoUfWeoGcM2CYV2x4ZNyoLCqjcQgsk9MAlvjKlYzkXDk6cyat7Te02A7ZKgITLd7n4G6zrgeMNQBCaEIhnRg6CcCV8T0BPNn6UVlN+c3N1Xg0GnWCO6ZkPNjb21\/t2IjGqE5Gpv6AF2kJqW5yzCA8\/ZhogtKbAjdUC4VwWMgEPqkPdBzyFiQQORikhIXra+AJ7BI\/E1x0aF\/89w578ctP\/7qBMiI9rnB4TqGCfWJc1vHDzOosD16UUxHI09FI7EaQnkGScBC7jFNLpK2dIfZg1yNwVmLsFRjD3zA9mYgKIkUJQ4cklzpkBnlK7nOijEobAJwiCCJmYliTNJrlPX1sWOvIh6EpywlbflHasna\/\/PTPZKjmKgO44HKlQXPDDne0Gd\/NJcVDRzU8d8sHO8HvvJxM8\/jprjR3UVXPlaHLaelEkgxNTek5ZxuO6pgRTpGHIAMnhS4KCn0N\/6fLB4dMhTswvCqNblh04nBagOUUcFBfoTJAxGnLj5yqFcRruPxsc+kmsWZc4gW3A7AQHiO2qAu2HDbBTBhuVAvhlSotctX3t9PnFexGWJNrWLSgiKJwFEWgcD0hmVsJgorJOT+sXeZqTSoEE5j7u+fqI5I\/xS9s8xtdVHj\/DBJnJ00FcjrUyphYeq3MC6SGK0qrWzhtJBpMCsDkUhMN4LEnqERrcY9xb3nEVYM2Ibo9MSt\/zZe+eIVaVyN0nFo+ZhvJcgMVySJkhwAeupqu4AiujMrUvETooJk\/QtDasike8XlNJKPSNUPOqQhOWqD6UU5jVRsnJzO6kAOJnCPg2DIgRFqiA5R7fVJsQ\/BFlOBe9MdSoT+AV8UTHYlXJkWQocs2puK324R4baelK9AylXRtLNZYPqccpLtb2PE206xhAOPq+jQ5q+2Mdi3vHSP+vZPaeKqEHd6AdEq8+pBsZOhY7J6q25mVBafIyJWz2iMveqyE4gxyxuduYrgd12eIW6MyitOtEGfLh9wRBuirisCVi65rKtJQSaxsU20zmbbdupQhJ4kdunKSwtaYgT2uilQuPVdPFju8oHIcUqheA4WSui6SjU6RyBSwIRUVVJaDgjayvmCV46qOhSujuAl7X5oKmuRzoMFk2e7cyOzIF6gxLUACUVuQKcoHoizJL\/AH4cBXyQoE1Oxj7OjiBiK+lfy7LB3JLYeg5QHpB3UvcxWozG30pRw4xBLdg6\/Q67BVpSWx4+6hESXqIjlWNmYKCgV1Rs4QlOCeIU1koYNYEONYELCoZilZ4Qanzpb3rC4SqHju76EHb+D9zKHr6KIPbCRBkikja+6AIvpx71O5MOEGDzk1AbWDb8BlTj1KDRmdt4KUHgV\/LSatvFBufz1tmoDCNPobBPQGl3cUHPheASCUoZnqIOuo1yDqad9WumtX3qEP7CTlweF36OeABQti0zxGeaa4o3WgzgCH7B+iEQXO5E2jOLEvt9BUpEIwsbdBCFYNIZsuppDvjCTcGOoBKEjjmV4sqIy+kZmqqMbHVjLVZeZklccieaoCocKWcSPBdGI5QpGh6MTw8z0cC9zaFPgZszAyr3EOkEGCoDysp44IGff\/RiyhvCUnfwYWpeTN2+XD7WxRZ94t72sI2rr6F7E31nFU2JB1wME9UCfEZ+SWi6hyH9eOpywcXt81lYK0PQW+mqoeEic4kuxOpE8VtMOkNFd+ZVKkpHxy6OuR7tbWU7n7TZbBz5Vxz1ujoHFe\/aMG6RS1AzNQwcV2zFEdi2MEfUEB3JiwmoG+TbScAW4buy+feEjxVCBR87VlgaNziBbMkyROwtA7KhKgF9VK9HY+ii\/OGUocmLxHDCE0hFDWP0qdGBx\/c0ZxjZnO3T6FdP1koqh9\/6uPBbYDLU5S0iF2uh39vxKiJ4aO592RuPkMUKmIUPD298VN7tZLOSFWUzsR\/9GkTn321oROK7rT+aAdy7dvvpB1hWhPLNWYR7de0j4rxVtl8VPy5vXV6NXghxyQcmPRE38t0nrip1T5cd2vh4ozfrXRseADMs\/EiNMDfZRppsBXS+WNEOYLrzoxYOAntaOip+kRkiWayUkcwv5zwPepNYx5ThNSplIYPbiQ0jDMm\/AzS+sCLEcF5CpaYp\/BywCdj50pEqkvn9b\/xO5J5xFYFLl1AX62bdLBkyadY3LDxDgLmybRoAdlyqgMI9NXlKbo7w4l5hFx3e9cAXwMQvLo+DNXYivUPFW2e0M3PVZdr0hphFW0JJPECKq47dOhXbTWKJeXeAF5epj2aPTiAo3cGV0n3aTtcVM8hF5NPQQoLelRW9N9ER0U9Nl1HDpJxf6fKF\/Wpmc6xcDuY3\/zrjQfRpD7nMY98b2pIaymyqU43Gsb9XGo0a\/QE0d6T3MytOiEnndgVFj+rHim83pWOSp6RSF2j6SAMdOXO3kI1fPBYD6f929xNJ98uNefqIGihPXxT7\/Kq7\/wu5ckDMn+frJ\/mNjVU8sEmCaufWqZUDei+InPjkD7hxb05c7foTx2tnP8P77waCCPOxC\/b4anzX6LeNB0vk8k2f8zQGt8Kh5\/Pxr1cmcKKJKpLLT5+Fx8L41OnX6xcxwfFTDpz4fJiNrcu9LFprTT7m48fqYi+fpcXKK3MiZ59PSbBJAereLyaMq\/AQ==\" \/> \t\t<a href=\"https:\/\/www.pdf24.org\" target=\"_blank\" title=\"www.pdf24.org\" rel=\"nofollow\"><img src=\"https:\/\/www.hohenlohe-ungefiltert.de\/wp-content\/plugins\/pdf24-post-to-pdf\/img\/pdf_32x32.png\" alt=\"\" border=\"0\" height=\"32\" \/><\/a> \t\t<span class=\"pdf24Plugin-cp-space\">&nbsp;&nbsp;<\/span> \t\t<span class=\"pdf24Plugin-cp-text\">Sende Artikel als PDF<\/span> \t\t<span class=\"pdf24Plugin-cp-space\">&nbsp;&nbsp;<\/span> \t\t<input class=\"pdf24Plugin-cp-input\" style=\"margin: 0px;\" type=\"text\" name=\"sendEmailTo\" placeholder=\"Emailadresse\" \/> \t\t<input class=\"pdf24Plugin-cp-submit\" style=\"margin: 0px;\" type=\"submit\" value=\"Senden\" \/> \t<\/form> <\/div>","protected":false},"excerpt":{"rendered":"<p>47\u00a0 antifaschistische und antirassistische Initiativen, Gruppen und Parteien haben den Aufruf zur Kampagne &#8222;Naziterror und Rassismus bek\u00e4mpfen! Verfassungsschutz aufl\u00f6sen!&#8220; unterst\u00fctzt und zu einer landesweit beachteten Demo am 2. November 2013 in Heilbronn mobilisiert. Am Samstag, 16. November 2013 rufen die Unterst\u00fctzer zu einer weiteren Kampagnen-Demo nach Schw\u00e4bisch Hall auf. Beginn: &#8222;Eventplatz&#8220; in Hall gegen\u00fcber dem [&hellip;]<\/p>\n","protected":false},"author":1,"featured_media":0,"comment_status":"open","ping_status":"open","sticky":false,"template":"","format":"standard","meta":[],"categories":[1,10,6,2,5,3,7],"tags":[],"_links":{"self":[{"href":"https:\/\/www.hohenlohe-ungefiltert.de\/index.php?rest_route=\/wp\/v2\/posts\/16852"}],"collection":[{"href":"https:\/\/www.hohenlohe-ungefiltert.de\/index.php?rest_route=\/wp\/v2\/posts"}],"about":[{"href":"https:\/\/www.hohenlohe-ungefiltert.de\/index.php?rest_route=\/wp\/v2\/types\/post"}],"author":[{"embeddable":true,"href":"https:\/\/www.hohenlohe-ungefiltert.de\/index.php?rest_route=\/wp\/v2\/users\/1"}],"replies":[{"embeddable":true,"href":"https:\/\/www.hohenlohe-ungefiltert.de\/index.php?rest_route=%2Fwp%2Fv2%2Fcomments&post=16852"}],"version-history":[{"count":2,"href":"https:\/\/www.hohenlohe-ungefiltert.de\/index.php?rest_route=\/wp\/v2\/posts\/16852\/revisions"}],"predecessor-version":[{"id":16854,"href":"https:\/\/www.hohenlohe-ungefiltert.de\/index.php?rest_route=\/wp\/v2\/posts\/16852\/revisions\/16854"}],"wp:attachment":[{"href":"https:\/\/www.hohenlohe-ungefiltert.de\/index.php?rest_route=%2Fwp%2Fv2%2Fmedia&parent=16852"}],"wp:term":[{"taxonomy":"category","embeddable":true,"href":"https:\/\/www.hohenlohe-ungefiltert.de\/index.php?rest_route=%2Fwp%2Fv2%2Fcategories&post=16852"},{"taxonomy":"post_tag","embeddable":true,"href":"https:\/\/www.hohenlohe-ungefiltert.de\/index.php?rest_route=%2Fwp%2Fv2%2Ftags&post=16852"}],"curies":[{"name":"wp","href":"https:\/\/api.w.org\/{rel}","templated":true}]}}